{"id":37748,"date":"2024-12-04T20:00:35","date_gmt":"2024-12-04T23:00:35","guid":{"rendered":"https:\/\/portalnewsgta.com.br\/index.php\/2024\/12\/04\/foragido-da-justica-do-maranhao-e-preso-pela-policia-civil-em-barra-do-garcas\/"},"modified":"2024-12-04T20:00:35","modified_gmt":"2024-12-04T23:00:35","slug":"foragido-da-justica-do-maranhao-e-preso-pela-policia-civil-em-barra-do-garcas","status":"publish","type":"post","link":"https:\/\/portalnewsgta.com.br\/index.php\/2024\/12\/04\/foragido-da-justica-do-maranhao-e-preso-pela-policia-civil-em-barra-do-garcas\/","title":{"rendered":"Foragido da Justi\u00e7a do Maranh\u00e3o \u00e9 preso pela Pol\u00edcia Civil em Barra do Gar\u00e7as"},"content":{"rendered":"<div>\n<div id=\"infocoweb\" data-uuid=\"4b893030-7cb2-43e5-9462-0ebe96fdd017\" class=\"infocoweb infocoweb_canal_61\">\n<div id=\"infocoweb_cabecalho\" class=\"infocoweb_cabecalho\"><\/div>\n<div id=\"infocoweb_corpo\" class=\"infocoweb_corpo\"><span class=\"ifn_post_add_feature_image_to_the_top\"><\/span><\/p>\n<p align=\"justify\">Um foragido da Justi\u00e7a do Estado do Maranh\u00e3o foi preso pela Pol\u00edcia Civil de Mato Grosso, nesta quarta-feira (04.12), em Barra do Gar\u00e7as (507 km de dist\u00e2ncia de Cuiab\u00e1).<\/p>\n<p style=\"text-align: justify\">O procurado de 40 anos foi localizado pela equipe da Delegacia Especializada de Roubos e Furtos (DERF), do munic\u00edpio.<\/p>\n<p style=\"text-align: justify\">O homem teve o mandado de pris\u00e3o preventiva decretado por envolvimento em crimes de roubos e furto de carga, e por integrar organiza\u00e7\u00e3o criminosa.<\/p>\n<p style=\"text-align: justify\">Diante da ordem judicial, os policiais civis efetuaram a pris\u00e3o do criminoso no Bairro Serra Dourada. Em seguida ele foi conduzido e ap\u00f3s as provid\u00eancias colocado \u00e0 disposi\u00e7\u00e3o do Poder Judici\u00e1rio.<\/p>\n<p id=\"infocoweb_fonte\" class=\"infocoweb_fonte\">Fonte: Governo MT \u2013 MT<\/p>\n<style>#infocoweb_cabecalho {\n        display: inline-block;\n        margin-top: -75px;\n        position: absolute;\n        right: 0;\n    }\n<\/style>\n<style><\/style>\n<\/div>\n<div id=\"infocoweb_rodape\" class=\"infocoweb_rodape\"><\/div>\n<\/div>\n<p>O post Foragido da Justi\u00e7a do Maranh\u00e3o \u00e9 preso pela Pol\u00edcia Civil em Barra do Gar\u00e7as apareceu primeiro em Portal MT.<\/p>\n<\/div>\n","protected":false},"excerpt":{"rendered":"<p>Um foragido da Justi\u00e7a do Estado do Maranh\u00e3o foi preso pela Pol\u00edcia Civil de Mato<\/p>\n","protected":false},"author":2,"featured_media":37749,"comment_status":"registered_only","ping_status":"closed","sticky":false,"template":"","format":"standard","meta":{"footnotes":""},"categories":[7],"tags":[],"aioseo_notices":[],"_links":{"self":[{"href":"https:\/\/portalnewsgta.com.br\/index.php\/wp-json\/wp\/v2\/posts\/37748"}],"collection":[{"href":"https:\/\/portalnewsgta.com.br\/index.php\/wp-json\/wp\/v2\/posts"}],"about":[{"href":"https:\/\/portalnewsgta.com.br\/index.php\/wp-json\/wp\/v2\/types\/post"}],"author":[{"embeddable":true,"href":"https:\/\/portalnewsgta.com.br\/index.php\/wp-json\/wp\/v2\/users\/2"}],"replies":[{"embeddable":true,"href":"https:\/\/portalnewsgta.com.br\/index.php\/wp-json\/wp\/v2\/comments?post=37748"}],"version-history":[{"count":0,"href":"https:\/\/portalnewsgta.com.br\/index.php\/wp-json\/wp\/v2\/posts\/37748\/revisions"}],"wp:featuredmedia":[{"embeddable":true,"href":"https:\/\/portalnewsgta.com.br\/index.php\/wp-json\/wp\/v2\/media\/37749"}],"wp:attachment":[{"href":"https:\/\/portalnewsgta.com.br\/index.php\/wp-json\/wp\/v2\/media?parent=37748"}],"wp:term":[{"taxonomy":"category","embeddable":true,"href":"https:\/\/portalnewsgta.com.br\/index.php\/wp-json\/wp\/v2\/categories?post=37748"},{"taxonomy":"post_tag","embeddable":true,"href":"https:\/\/portalnewsgta.com.br\/index.php\/wp-json\/wp\/v2\/tags?post=37748"}],"curies":[{"name":"wp","href":"https:\/\/api.w.org\/{rel}","templated":true}]}}