{"id":37744,"date":"2024-12-04T20:00:28","date_gmt":"2024-12-04T23:00:28","guid":{"rendered":"https:\/\/portalnewsgta.com.br\/index.php\/2024\/12\/04\/seduc-lanca-cartilha-de-politica-antirracista-para-professores-e-alunos-da-rede-estadual\/"},"modified":"2024-12-04T20:00:28","modified_gmt":"2024-12-04T23:00:28","slug":"seduc-lanca-cartilha-de-politica-antirracista-para-professores-e-alunos-da-rede-estadual","status":"publish","type":"post","link":"https:\/\/portalnewsgta.com.br\/index.php\/2024\/12\/04\/seduc-lanca-cartilha-de-politica-antirracista-para-professores-e-alunos-da-rede-estadual\/","title":{"rendered":"Seduc lan\u00e7a cartilha de pol\u00edtica antirracista para professores e alunos da Rede Estadual"},"content":{"rendered":"<div>\n<div id=\"infocoweb\" data-uuid=\"9fcab275-dee5-4f33-962e-41e276cd27d9\" class=\"infocoweb infocoweb_canal_61\">\n<div id=\"infocoweb_cabecalho\" class=\"infocoweb_cabecalho\"><\/div>\n<div id=\"infocoweb_corpo\" class=\"infocoweb_corpo\"><span class=\"ifn_post_add_feature_image_to_the_top\"><\/span><\/p>\n<p style=\"text-align: justify\">A Secretaria de Estado de Educa\u00e7\u00e3o de Mato Grosso (Seduc-MT) lan\u00e7ou, na manh\u00e3 desta quarta-feira (04.12), a cartilha \u201cMato Grosso: Por uma Educa\u00e7\u00e3o Antirracista\u201d, juntamente com um curso de forma\u00e7\u00e3o para os servidores da sede administrativa da pasta e as 13 Diretorias Regionais de Educa\u00e7\u00e3o (DREs).<\/p>\n<p style=\"text-align: justify\">O objetivo do curso, que prossegue at\u00e9 esta quinta-feira (05.12), \u00e9 desenvolver a\u00e7\u00f5es educacionais com pol\u00edtica antirracista na Rede Estadual de Ensino. Com o tema: \u201cForma\u00e7\u00e3o por uma educa\u00e7\u00e3o antirracista: Desafio para integrar a diversidade \u00e9tnico-racial no curr\u00edculo escolar\u201d, o evento conta com apresenta\u00e7\u00f5es art\u00edsticas e palestras.<\/p>\n<p style=\"text-align: justify\">A educa\u00e7\u00e3o antirracista busca promover e combater o racismo nas pr\u00e1ticas pedag\u00f3gicas e no ambiente escolar, al\u00e9m de reconhecer a diversidade \u00e9tnico-racial como um aspecto fundamental na forma\u00e7\u00e3o cidad\u00e3 dos estudantes.<\/p>\n<p style=\"text-align: justify\">O secret\u00e1rio Alan Porto explicou que a distribui\u00e7\u00e3o da cartilha e a forma\u00e7\u00e3o se tornam essenciais para garantir que o curr\u00edculo escolar esteja em conson\u00e2ncia com as diretrizes da legisla\u00e7\u00e3o em vigor e possibilitar uma educa\u00e7\u00e3o inclusiva.<\/p>\n<p style=\"text-align: justify\">\u201cH\u00e1 um ano, analis\u00e1vamos os dados relativos ao mapa da viol\u00eancia. Entre os pontos de aten\u00e7\u00e3o da media\u00e7\u00e3o escolar, estavam inj\u00faria racial, racismo e preconceito. N\u00e3o podemos admitir que, no s\u00e9culo 21, ainda convivamos com essa situa\u00e7\u00e3o. Ent\u00e3o, o que estamos fazendo aqui \u00e9 corrigir erros que j\u00e1 deveriam ter sido corrigidos h\u00e1 muito tempo\u201d, destacou o secret\u00e1rio.<\/p>\n<p style=\"text-align: justify\">Alan Porto acrescentou tamb\u00e9m que o reconhecimento das hist\u00f3rias e da diversidade cultural brasileira contribuir\u00e1 com a cria\u00e7\u00e3o de metodologias e pr\u00e1ticas pedag\u00f3gicas. Com isso, os estudantes poder\u00e3o se sentir representados de forma significativa \u00e0 trajet\u00f3ria e as contribui\u00e7\u00f5es de povos afrodescendentes e ind\u00edgenas para a constru\u00e7\u00e3o da cultura brasileira, bem como latino-americana.<\/p>\n<p style=\"text-align: justify\">A coordenadora da Educa\u00e7\u00e3o do Campo de Quilombola, Ruthn\u00e9ia Cavalcante, disse que a Forma\u00e7\u00e3o Antirracista da Seduc \u00e9 um marco importante, diante da necessidade de debater o racismo na escola, principalmente das ra\u00e7as marginalizadas, como a negra, ind\u00edgena e cigana. <\/p>\n<p style=\"text-align: justify\">\u201c\u00c9 importante tratarmos esses temas na escola porque sabemos que ningu\u00e9m nasce racista. Se aprendemos a odiar, tamb\u00e9m podemos aprender a amar e a respeitar as pessoas como elas s\u00e3o. Essa cartilha vai para as escolas com uma linguagem simples, com v\u00e1rios atrativos e recursos acess\u00edveis aos alunos\u201d, finalizou.<\/p>\n<p style=\"text-align: justify\"><strong>A cartilha<\/strong><\/p>\n<p style=\"text-align: justify\">Com 29 p\u00e1ginas, a cartilha leva o leitor a interagir com os conte\u00fado por meio de QR-Code, conceitos sobre temas relativos, destaque para leis antirracistas, termos e express\u00f5es, sugest\u00e3o de atividades e de leitura, entre outros.<\/p>\n<p id=\"infocoweb_fonte\" class=\"infocoweb_fonte\">Fonte: Governo MT \u2013 MT<\/p>\n<style>#infocoweb_cabecalho {\n        display: inline-block;\n        margin-top: -75px;\n        position: absolute;\n        right: 0;\n    }\n<\/style>\n<style><\/style>\n<\/div>\n<div id=\"infocoweb_rodape\" class=\"infocoweb_rodape\"><\/div>\n<\/div>\n<p>O post Seduc lan\u00e7a cartilha de pol\u00edtica antirracista para professores e alunos da Rede Estadual apareceu primeiro em Portal MT.<\/p>\n<\/div>\n","protected":false},"excerpt":{"rendered":"<p>A Secretaria de Estado de Educa\u00e7\u00e3o de Mato Grosso (Seduc-MT) lan\u00e7ou, na manh\u00e3 desta quarta-feira<\/p>\n","protected":false},"author":2,"featured_media":37745,"comment_status":"registered_only","ping_status":"closed","sticky":false,"template":"","format":"standard","meta":{"footnotes":""},"categories":[7],"tags":[],"aioseo_notices":[],"_links":{"self":[{"href":"https:\/\/portalnewsgta.com.br\/index.php\/wp-json\/wp\/v2\/posts\/37744"}],"collection":[{"href":"https:\/\/portalnewsgta.com.br\/index.php\/wp-json\/wp\/v2\/posts"}],"about":[{"href":"https:\/\/portalnewsgta.com.br\/index.php\/wp-json\/wp\/v2\/types\/post"}],"author":[{"embeddable":true,"href":"https:\/\/portalnewsgta.com.br\/index.php\/wp-json\/wp\/v2\/users\/2"}],"replies":[{"embeddable":true,"href":"https:\/\/portalnewsgta.com.br\/index.php\/wp-json\/wp\/v2\/comments?post=37744"}],"version-history":[{"count":0,"href":"https:\/\/portalnewsgta.com.br\/index.php\/wp-json\/wp\/v2\/posts\/37744\/revisions"}],"wp:featuredmedia":[{"embeddable":true,"href":"https:\/\/portalnewsgta.com.br\/index.php\/wp-json\/wp\/v2\/media\/37745"}],"wp:attachment":[{"href":"https:\/\/portalnewsgta.com.br\/index.php\/wp-json\/wp\/v2\/media?parent=37744"}],"wp:term":[{"taxonomy":"category","embeddable":true,"href":"https:\/\/portalnewsgta.com.br\/index.php\/wp-json\/wp\/v2\/categories?post=37744"},{"taxonomy":"post_tag","embeddable":true,"href":"https:\/\/portalnewsgta.com.br\/index.php\/wp-json\/wp\/v2\/tags?post=37744"}],"curies":[{"name":"wp","href":"https:\/\/api.w.org\/{rel}","templated":true}]}}