{"id":37411,"date":"2024-12-03T09:24:31","date_gmt":"2024-12-03T12:24:31","guid":{"rendered":"https:\/\/portalnewsgta.com.br\/?p=37411"},"modified":"2024-12-03T09:24:31","modified_gmt":"2024-12-03T12:24:31","slug":"botelho-recebe-convite-do-mdb-e-admite-estudar-filiacao-video","status":"publish","type":"post","link":"https:\/\/portalnewsgta.com.br\/index.php\/2024\/12\/03\/botelho-recebe-convite-do-mdb-e-admite-estudar-filiacao-video\/","title":{"rendered":"Botelho recebe convite do MDB e admite estudar filia\u00e7\u00e3o; v\u00eddeo"},"content":{"rendered":"<section class=\"FullLine\">\n<div class=\"conteudo\">\n<h3>Presidente da AL citou poss\u00edveis mudan\u00e7as no cen\u00e1rio pol\u00edtico, como a federa\u00e7\u00e3o do PP com o Uni\u00e3o<\/h3>\n<\/div>\n<\/section>\n<section>\n<div class=\"FullLine\">\n<div class=\"conteudo_foto\">\n<div class=\"imgcontent\">\n<p class=\"credito_foto\">Victor Ostetti\/MidiaNews<\/p>\n<p class=\"descricao_foto\">O deputado estadual Eduardo Botelho, que \u00e9 candidato a reelei\u00e7\u00e3o na pr\u00f3xima elei\u00e7\u00e3o<\/p>\n<\/div>\n<\/div>\n<div class=\"Font14Bold\">C\u00cdNTIA BORGES E ENZO TRES<br \/>\nDA REDA\u00c7\u00c3O<\/div>\n<div id=\"texto\" class=\"texto\">\n<p>Presidente da Assembleia Legislativa, o deputado Eduardo Botelho (Uni\u00e3o) afirmou, nesta segunda-feira (2), que vai analisar o convite para se filiar ao MDB. O convite foi feito pelo deputado federal Juarez Costa e pela deputada Janaina Riva.<\/p>\n<p>&nbsp;<\/p>\n<p>\u201cTeve, teve esse convite. Vamos analisar durante o ano que vem\u201d, afirmou Botelho \u00e0 imprensa.<\/p>\n<p>&nbsp;<\/p>\n<p>De acordo com Botelho, a an\u00e1lise deve ser feita por outros agentes pol\u00edticos por conta da poss\u00edvel federa\u00e7\u00e3o entre o Uni\u00e3o Brasil e o PP.<\/p>\n<p>&nbsp;<\/p>\n<p>\u201cNo ano que vem \u00e9 poss\u00edvel, porque est\u00e3o falando em v\u00e1rias mudan\u00e7as. \u00c9 a Federa\u00e7\u00e3o do Uni\u00e3o com o PP, com algum partido&#8230; N\u00f3s vamos aguardar para ver o que vai acontecer e vamos fazer uma avalia\u00e7\u00e3o geral. Todo mundo vai fazer isso\u201d, disse.<\/p>\n<div id=\"taboola-mid-article-thumbnails\" class=\"trc_related_container tbl-trecs-container trc_spotlight_widget trc_elastic trc_elastic_alternating-thumbnails-a-mid-article\" data-placement-name=\"Mid Article Thumbnails\">\n<div class=\"trc_rbox_container\">\n<div>\n<div id=\"trc_wrapper_9794798781\" class=\"trc_rbox alternating-thumbnails-a-mid-article trc-content-hybrid\">\n<div id=\"trc_header_9794798781\" class=\"trc_rbox_header trc_rbox_border_elm\">\n<div class=\"trc_header_ext\"><\/div>\n<\/div>\n<\/div>\n<\/div>\n<\/div>\n<\/div>\n<p>&nbsp;<\/p>\n<p>A possibilidade de mudan\u00e7a, segundo Botelho, n\u00e3o deve ser traduzida em uma insatisfa\u00e7\u00e3o partid\u00e1ria, mas em uma conjuntura favor\u00e1vel para a elei\u00e7\u00e3o de 2026. O deputado j\u00e1 anunciou que \u00e9 candidato \u00e0 reelei\u00e7\u00e3o.<\/p>\n<p>&nbsp;<\/p>\n<p>\u201cEu estou muito bem no Uni\u00e3o Brasil, mas nada impede da gente analisar no pr\u00f3ximo ano essas conjunturas\u201d, afirmou.<\/p>\n<p>&nbsp;<\/p>\n<p>Mesmo se aceitar o convite, Botelho s\u00f3 poderia deixar a sigla em mar\u00e7o de 2026, quando haver\u00e1 a janela partid\u00e1ria.<\/p>\n<p>&nbsp;<\/p>\n<p><strong>Veja v\u00eddeo:<\/strong><\/p>\n<p>&nbsp;<\/p>\n<div style=\"width: 640px;\" class=\"wp-video\"><!--[if lt IE 9]><script>document.createElement('video');<\/script><![endif]-->\n<video class=\"wp-video-shortcode\" id=\"video-37411-1\" width=\"640\" height=\"360\" preload=\"metadata\" controls=\"controls\"><source type=\"video\/mp4\" src=\"https:\/\/portalnewsgta.com.br\/wp-content\/uploads\/2024\/12\/325982a3540ca59d28d121975c2b283c.mp4?_=1\" \/><a href=\"https:\/\/portalnewsgta.com.br\/wp-content\/uploads\/2024\/12\/325982a3540ca59d28d121975c2b283c.mp4\">https:\/\/portalnewsgta.com.br\/wp-content\/uploads\/2024\/12\/325982a3540ca59d28d121975c2b283c.mp4<\/a><\/video><\/div>\n<p>&nbsp;<\/p>\n<\/div>\n<\/div>\n<\/section>\n","protected":false},"excerpt":{"rendered":"<p>Presidente da AL citou poss\u00edveis mudan\u00e7as no cen\u00e1rio pol\u00edtico, como a federa\u00e7\u00e3o do PP com<\/p>\n","protected":false},"author":2,"featured_media":37413,"comment_status":"open","ping_status":"open","sticky":false,"template":"","format":"standard","meta":{"footnotes":""},"categories":[13,2],"tags":[536],"aioseo_notices":[],"_links":{"self":[{"href":"https:\/\/portalnewsgta.com.br\/index.php\/wp-json\/wp\/v2\/posts\/37411"}],"collection":[{"href":"https:\/\/portalnewsgta.com.br\/index.php\/wp-json\/wp\/v2\/posts"}],"about":[{"href":"https:\/\/portalnewsgta.com.br\/index.php\/wp-json\/wp\/v2\/types\/post"}],"author":[{"embeddable":true,"href":"https:\/\/portalnewsgta.com.br\/index.php\/wp-json\/wp\/v2\/users\/2"}],"replies":[{"embeddable":true,"href":"https:\/\/portalnewsgta.com.br\/index.php\/wp-json\/wp\/v2\/comments?post=37411"}],"version-history":[{"count":1,"href":"https:\/\/portalnewsgta.com.br\/index.php\/wp-json\/wp\/v2\/posts\/37411\/revisions"}],"predecessor-version":[{"id":37414,"href":"https:\/\/portalnewsgta.com.br\/index.php\/wp-json\/wp\/v2\/posts\/37411\/revisions\/37414"}],"wp:featuredmedia":[{"embeddable":true,"href":"https:\/\/portalnewsgta.com.br\/index.php\/wp-json\/wp\/v2\/media\/37413"}],"wp:attachment":[{"href":"https:\/\/portalnewsgta.com.br\/index.php\/wp-json\/wp\/v2\/media?parent=37411"}],"wp:term":[{"taxonomy":"category","embeddable":true,"href":"https:\/\/portalnewsgta.com.br\/index.php\/wp-json\/wp\/v2\/categories?post=37411"},{"taxonomy":"post_tag","embeddable":true,"href":"https:\/\/portalnewsgta.com.br\/index.php\/wp-json\/wp\/v2\/tags?post=37411"}],"curies":[{"name":"wp","href":"https:\/\/api.w.org\/{rel}","templated":true}]}}