{"id":37312,"date":"2024-12-02T16:01:04","date_gmt":"2024-12-02T19:01:04","guid":{"rendered":"https:\/\/portalnewsgta.com.br\/index.php\/2024\/12\/02\/ludio-realiza-sessao-solene-na-abertura-da-semana-mato-grossense-da-agroecologia\/"},"modified":"2024-12-02T16:01:04","modified_gmt":"2024-12-02T19:01:04","slug":"ludio-realiza-sessao-solene-na-abertura-da-semana-mato-grossense-da-agroecologia","status":"publish","type":"post","link":"https:\/\/portalnewsgta.com.br\/index.php\/2024\/12\/02\/ludio-realiza-sessao-solene-na-abertura-da-semana-mato-grossense-da-agroecologia\/","title":{"rendered":"L\u00fadio realiza sess\u00e3o solene na abertura da Semana Mato-grossense da Agroecologia"},"content":{"rendered":"<div>\n<div id=\"infocoweb\" data-uuid=\"577a1e95-ab84-4ad6-95ee-06bff3d37e69\" class=\"infocoweb infocoweb_canal_44\">\n<div id=\"infocoweb_cabecalho\" class=\"infocoweb_cabecalho\"><\/div>\n<div id=\"infocoweb_corpo\" class=\"infocoweb_corpo\"><span class=\"ifn_post_add_feature_image_to_the_top\"><\/span><\/p>\n<p style=\"text-align:justify\">O deputado estadual L\u00fadio Cabral (PT) realiza a abertura da 2\u00aa Semana Mato-grossense de Agroecologia, em sess\u00e3o solene no plen\u00e1rio da Assembleia Legislativa, na ter\u00e7a-feira (3), a partir das 9h. A solenidade deve reunir produtores agroecol\u00f3gicos de todo o estado, t\u00e9cnicos, especialistas, pesquisadores, entidades socioambientais e autoridades, entre outros.<br \/>Na solenidade de abertura, est\u00e1 prevista uma confer\u00eancia com o tema \u201cSa\u00fade e bem viver no campo e na cidade\u201d, ministrada pelo professor Wanderlei Pignati, que \u00e9 m\u00e9dico, doutor em Sa\u00fade P\u00fablica e pesquisador do N\u00facleo de Estudos Ambientais e Sa\u00fade do Trabalhador (Neast) da Universidade Federal de Mato Grosso (UFMT).<br \/>\u201cAgroecologia significa produzir alimentos saud\u00e1veis, nutritivos e sem veneno. \u00c9 produzir alimentos em harmonia com a natureza, preservar a \u00e1gua, cuidar da terra e respeitar a biodiversidade, as v\u00e1rias formas de vida. A agroecologia \u00e9 praticada no campo, em pequenas propriedades rurais, e na cidade, em quintais produtivos. Al\u00e9m de ser lucrativa e gerar renda para as fam\u00edlias. Defender a agroecologia \u00e9 defender a vida, a natureza e a sa\u00fade das pessoas\u201d, afirmou L\u00fadio.<br \/>O parlamentar trabalha em defesa da agroecologia de v\u00e1rias formas. L\u00fadio j\u00e1 apresentou projetos e aprovou leis para proteger o meio ambiente, fortalecer a agroecologia em Mato Grosso e reduzir o uso de agrot\u00f3xicos e seus preju\u00edzos \u00e0 natureza e \u00e0 vida humana. Destinou R$ 4,5 milh\u00f5es em emendas parlamentares para apoiar projetos de preserva\u00e7\u00e3o e recupera\u00e7\u00e3o ambiental e para implantar agroecologia, financiando experi\u00eancias pr\u00e1ticas de entidades, comunidades e fam\u00edlias. Os recursos custearam hortas, sistemas agroflorestais, agroind\u00fastrias, rotas de comercializa\u00e7\u00e3o, produ\u00e7\u00e3o e distribui\u00e7\u00e3o de mudas, recupera\u00e7\u00e3o de nascentes e de vegeta\u00e7\u00e3o nativa, al\u00e9m de ve\u00edculos, equipamentos e materiais diversos.<br \/>A Semana Mato-grossense da Agroecologia foi criada pela Lei n\u00ba 11.337\/2021, proposta por L\u00fadio, e \u00e9 comemorada anualmente entre 3 e 9 de outubro. Neste ano, por\u00e9m, a semana comemorativa foi adiada em fun\u00e7\u00e3o do calend\u00e1rio das elei\u00e7\u00f5es municipais. A programa\u00e7\u00e3o especial segue ao longo da semana, com feiras, palestras, mesas de debate, atividades educativas e culturais. Al\u00e9m da Assembleia Legislativa, tamb\u00e9m haver\u00e1 atividades na Pra\u00e7a Alencastro e na UFMT, em Cuiab\u00e1.<br \/><strong>Confira a programa\u00e7\u00e3o completa da Semana de Agroecologia:<\/strong><br \/><strong>3 de dezembro<\/strong><br \/>Local: Assembleia Legislativa<br \/>09h \u2013 Abertura | Sess\u00e3o solene na ALMT<br \/>10h \u2013 Confer\u00eancia de abertura \u201cSa\u00fade e bem viver no campo e na cidade\u201d com Wanderlei Pignati<br \/>10h30 \u2013 Debate<\/p>\n<p>Local: Pra\u00e7a Alencastro<br \/>14h \u00e0s 20h \u2013 Feira Estadual da Reforma Agr\u00e1ria<br \/>14h \u2013 Roda de Conversa | Produ\u00e7\u00e3o org\u00e2nica de base agroecol\u00f3gica e os mecanismos de garantia<br \/>15h30 \u2013 Roda de Conversa | Cultura e Agroecologia<br \/>17h \u2013 Interven\u00e7\u00e3o art\u00edstica \u2013 Revista Jumtos<br \/>18h30 \u2013 Apresenta\u00e7\u00e3o Buriti Nag\u00f4<\/p>\n<p><strong>04 de dezembro<\/strong><br \/>Local: Pra\u00e7a Alencastro<br \/>08 \u00e0s 20h \u2013 Feira Estadual da Reforma Agr\u00e1ria<br \/>09h \u2013 Roda de Conversa | Mercados Institucionais<br \/>18h30 \u2013 Show de G\u00ea Lacerda<br \/>19h10 \u2013 Interven\u00e7\u00e3o art\u00edstica \u2013 Revista Jumtos<\/p>\n<p><strong>05 de dezembro<\/strong><br \/>Local: UFMT<br \/>08h30 \u00e0s 10h30 \u2013 Troca de Sementes Crioulas | Estacionamento do R.U.<br \/>10h30 \u2013 Mesa \u2013 Garantia da oferta de alimentos de povos e comunidades tradicionais na alimenta\u00e7\u00e3o escolar | Audit\u00f3rio Batat\u00e3o, da Faculdade de Agronomia e Zootecnia (FAAZ)<br \/>10h30 \u2013 Oficina \u2013 Conserva\u00e7\u00e3o de Sementes | Estacionamento do R.U.<br \/>Inscri\u00e7\u00e3o: https:\/\/bit.ly\/ConservacaoSementes<br \/>10h30 \u2013 Oficina \u2013 Biofertilizantes | Sala 7 do Programa de P\u00f3s-Gradua\u00e7\u00e3o em Hist\u00f3ria, no Instituto de Geografia, Hist\u00f3ria e Documenta\u00e7\u00e3o (IGHD)<br \/>Inscri\u00e7\u00e3o: https:\/\/bit.ly\/oficinabiofertilizantes<br \/>10h30 \u2013 Oficina \u2013 O cozinheirista: Agroecologia e pr\u00e1ticas de educa\u00e7\u00e3o alimentar e nutricional nas escolas | Audit\u00f3rio do Instituto de Geografia, Hist\u00f3ria e Documenta\u00e7\u00e3o (IGHD)<br \/>Inscri\u00e7\u00e3o: https:\/\/bit.ly\/Ocozinheirista<br \/>10h30 \u2013 Oficina \u2013 Ranicultura na agricultura familiar | Sala de Aquicultura, no pr\u00e9dio de Zootecnia da Faculdade de Agronomia e Zootecnia (FAAZ)<br \/>Inscri\u00e7\u00e3o: https:\/\/bit.ly\/ranicultura<br \/>14h \u2013 Mesa \u2013 Agroecologia e Sa\u00fade | Audit\u00f3rio Batat\u00e3o, da Faculdade de Agronomia e Zootecnia (FAAZ)<br \/>16h \u2013 Mesa \u2013 Mulheres e  Agroecologia |Audit\u00f3rio Batat\u00e3o, da Faculdade de Agronomia e Zootecnia (FAAZ)<br \/>17h40 \u2013 Cine Monjolo \u2013 O Mato n\u00e3o cai em p\u00e9, de Severino Neto | Estacionamento R.U.<br \/>19h \u2013 Cine Monjolo \u2013 El Agr\u00f3nomo \u2013 The Agronomist, de Martin Turnes | Estacionamento R.U.<br \/>19h15 \u2013 Apresenta\u00e7\u00e3o Buriti Nag\u00f4 | Estacionamento R.U.<br \/>20h30 \u2013 Show de Estela Ceregatti \u2013 Mulheres Sementeiras | Estacionamento R.U.<\/p>\n<p><strong>06 de dezembro<\/strong><br \/>Local: UFMT<br \/>08h \u2013 Roda de conversa \u2013 Agroecologia e juventudes | Audit\u00f3rio Anexo Did\u00e1tico (atr\u00e1s do bloco do Direito)  <br \/>10h \u2013 Mesa \u2013 \u00c1gua: Direito e bem comum | Audit\u00f3rio Anexo Did\u00e1tico (atr\u00e1s do bloco do Direito) 14h \u2013 Mesa \u2013 Emerg\u00eancia clim\u00e1tica |Audit\u00f3rio Anexo Did\u00e1tico (atr\u00e1s do bloco do Direito)  <br \/>16h \u00e0s 20h \u2013 Ecofeira | Estacionamento R.U.<br \/>17h \u2013 Cine Monjolo \u2013 Arinos uma hist\u00f3ria \u00fanica de um filme repetido, do Movimento dos Atingidos por Barragens em Mato Grosso (MAB-MT) | Estacionamento R.U.<br \/>18h \u2013 Cine Monjolo \u2013 Mansos, de Juliana Seg\u00f3via | Estacionamento R.U.<br \/>19h45 \u2013 Show da banda Calorosa | Estacionamento R.U.<\/p>\n<p id=\"infocoweb_fonte\" class=\"infocoweb_fonte\">Fonte: ALMT \u2013 MT<\/p>\n<style>#infocoweb_cabecalho {\n        display: inline-block;\n        margin-top: -75px;\n        position: absolute;\n        right: 0;\n    }\n<\/style>\n<style><\/style>\n<\/div>\n<div id=\"infocoweb_rodape\" class=\"infocoweb_rodape\"><\/div>\n<\/div>\n<p>O post L\u00fadio realiza sess\u00e3o solene na abertura da Semana Mato-grossense da Agroecologia apareceu primeiro em Portal MT.<\/p>\n<\/div>\n","protected":false},"excerpt":{"rendered":"<p>O deputado estadual L\u00fadio Cabral (PT) realiza a abertura da 2\u00aa Semana Mato-grossense de Agroecologia,<\/p>\n","protected":false},"author":2,"featured_media":37313,"comment_status":"registered_only","ping_status":"closed","sticky":false,"template":"","format":"standard","meta":{"footnotes":""},"categories":[2],"tags":[],"aioseo_notices":[],"_links":{"self":[{"href":"https:\/\/portalnewsgta.com.br\/index.php\/wp-json\/wp\/v2\/posts\/37312"}],"collection":[{"href":"https:\/\/portalnewsgta.com.br\/index.php\/wp-json\/wp\/v2\/posts"}],"about":[{"href":"https:\/\/portalnewsgta.com.br\/index.php\/wp-json\/wp\/v2\/types\/post"}],"author":[{"embeddable":true,"href":"https:\/\/portalnewsgta.com.br\/index.php\/wp-json\/wp\/v2\/users\/2"}],"replies":[{"embeddable":true,"href":"https:\/\/portalnewsgta.com.br\/index.php\/wp-json\/wp\/v2\/comments?post=37312"}],"version-history":[{"count":0,"href":"https:\/\/portalnewsgta.com.br\/index.php\/wp-json\/wp\/v2\/posts\/37312\/revisions"}],"wp:featuredmedia":[{"embeddable":true,"href":"https:\/\/portalnewsgta.com.br\/index.php\/wp-json\/wp\/v2\/media\/37313"}],"wp:attachment":[{"href":"https:\/\/portalnewsgta.com.br\/index.php\/wp-json\/wp\/v2\/media?parent=37312"}],"wp:term":[{"taxonomy":"category","embeddable":true,"href":"https:\/\/portalnewsgta.com.br\/index.php\/wp-json\/wp\/v2\/categories?post=37312"},{"taxonomy":"post_tag","embeddable":true,"href":"https:\/\/portalnewsgta.com.br\/index.php\/wp-json\/wp\/v2\/tags?post=37312"}],"curies":[{"name":"wp","href":"https:\/\/api.w.org\/{rel}","templated":true}]}}