{"id":37302,"date":"2024-12-02T14:02:10","date_gmt":"2024-12-02T17:02:10","guid":{"rendered":"https:\/\/portalnewsgta.com.br\/index.php\/2024\/12\/02\/almt-entrega-mocoes-de-aplausos-pelos-130-anos-da-presenca-salesiana-no-estado\/"},"modified":"2024-12-02T14:02:10","modified_gmt":"2024-12-02T17:02:10","slug":"almt-entrega-mocoes-de-aplausos-pelos-130-anos-da-presenca-salesiana-no-estado","status":"publish","type":"post","link":"https:\/\/portalnewsgta.com.br\/index.php\/2024\/12\/02\/almt-entrega-mocoes-de-aplausos-pelos-130-anos-da-presenca-salesiana-no-estado\/","title":{"rendered":"ALMT entrega mo\u00e7\u00f5es de aplausos pelos 130 anos da Presen\u00e7a Salesiana no estado"},"content":{"rendered":"<div>\n<div id=\"infocoweb\" data-uuid=\"9c272c40-52f9-4dfc-97f1-99be9307b23f\" class=\"infocoweb infocoweb_canal_44\">\n<div id=\"infocoweb_cabecalho\" class=\"infocoweb_cabecalho\"><\/div>\n<div id=\"infocoweb_corpo\" class=\"infocoweb_corpo\"><span class=\"ifn_post_add_feature_image_to_the_top\"><\/span><\/p>\n<p>A Assembleia Legislativa de Mato Grosso (ALMT) realizou sess\u00e3o solene em celebra\u00e7\u00e3o aos 130 anos da Presen\u00e7a Salesiana S\u00e3o Gon\u00e7alo em Mato Grosso na noite de quinta-feira (28). O Col\u00e9gio Salesiano S\u00e3o Gon\u00e7alo, em Cuiab\u00e1, recebeu a cerim\u00f4nia em que foram entregues mo\u00e7\u00f5es de aplausos a nove iniciativas.<\/p>\n<p>Diretor da institui\u00e7\u00e3o educacional, o padre Hermenegildo Concei\u00e7\u00e3o Silva, recebeu uma das homenagens, destinada \u00e0 escola, que completou 130 anos. \u201cDom Bosco sonhou, entregou a sua vida pelos jovens e isso iluminou os salesianos que deram continuidade no mundo e, claro, em Cuiab\u00e1, Mato Grosso, com a chegada dos salesianos para levar \u00e0 frente essa \u00e1rea da educa\u00e7\u00e3o, da orat\u00f3ria. No in\u00edcio o foco foi a qualifica\u00e7\u00e3o profissional e depois o ensino b\u00e1sico\u201d, lembrou o padre Hermenegildo Concei\u00e7\u00e3o Silva. \u201cAcho que [a homenagem] mostra a clareza do nosso trabalho na sociedade cuiabana, na sociedade mato-grossense. N\u00f3s temos v\u00e1rios pol\u00edticos, v\u00e1rios profissionais de v\u00e1rias \u00e1reas que sa\u00edram daqui do col\u00e9gio e hoje contribuem de forma muito concreta e positiva na sociedade\u201d, completou. <\/p>\n<p>Uma das Irm\u00e3s Filhas de Maria Auxiliadora, institui\u00e7\u00e3o tamb\u00e9m agraciada com mo\u00e7\u00e3o de aplausos, a Irm\u00e3 Ros\u00e2ngela Maria Clemente, destacou que a presen\u00e7a da miss\u00e3o no estado h\u00e1 mais de um s\u00e9culo. \u201cNossos irm\u00e3os salesianos comemorando 130 anos de hist\u00f3ria de presen\u00e7a nas terras mato-grossenses e n\u00f3s, irm\u00e3s filhas de Maria Auxiliadora, no pr\u00f3ximo ano tamb\u00e9m comemoraremos 130 anos. Essa miss\u00e3o \u00e9 partilhada, de educar, de evangelizar, de sempre buscar o protagonismo juvenil e isso nos faz muito feliz porque 130 anos de hist\u00f3ria significam gera\u00e7\u00f5es e gera\u00e7\u00f5es formadas para a sociedade, como queria Dom Bosco e Madre Mazzarello, bons crist\u00e3os e honestos cidad\u00e3os\u201d, expressou a diretora do Col\u00e9gio Cora\u00e7\u00e3o de Jesus. <\/p>\n<p>Todo esse hist\u00f3rico ser\u00e1 resumido em livro pr\u00e9-lan\u00e7ado durante a sess\u00e3o solene, de autoria do Padre Tiago Figueir\u00f3, da Comunidade Salesiana S\u00e3o Gon\u00e7alo, tamb\u00e9m homenageada. A obra ser\u00e1 publicada pelo Instituto Mem\u00f3ria do Poder Legislativo. \u201cN\u00f3s vamos contando no livro desde o sonho de Dom Bosco l\u00e1 de Turim [na It\u00e1lia], depois o desejo de ter esse trabalho aqui no estado, expresso na pessoa do Bispo Dom D\u2019Amour e do governador Manoel Jos\u00e9 Murtinho para que os salesianos viessem aqui para atender as necessidades tanto da educa\u00e7\u00e3o como da quest\u00e3o religiosa\u201d, adianta o autor.<\/p>\n<p>A deputada Janaina Riva (MDB) \u00e9 autora do requerimento da cerim\u00f4nia, que foi presidida pelo deputado Silvano Amaral (MDB). \u201cHoje a Assembleia est\u00e1 prestigiando e valorizando a hist\u00f3ria do col\u00e9gio, da Fam\u00edlia Salesiana em Mato Grosso. S\u00e3o 130 anos de contribui\u00e7\u00e3o important\u00edssima na \u00e1rea espiritual, na \u00e1rea de educa\u00e7\u00e3o, na \u00e1rea social. Tantas pessoas, tantos profissionais formados por essa miss\u00e3o\u201d, ressaltou o parlamentar. <\/p>\n<p>Um dos alunos do Col\u00e9gio S\u00e3o Gon\u00e7alo a participar da apresenta\u00e7\u00e3o musical preparada pela escola, Pedro Borges, de 12 anos, garante que gosta de frequentar a institui\u00e7\u00e3o. \u201cEu estudo desde o terceiro ano do infantilzinho e eu j\u00e1 gosto desde l\u00e1, porque aqui tem muita variedade, v\u00e1rios professores, mat\u00e9rias novas, eu gosto de aprender v\u00e1rias coisas\u201d, declarou. <\/p>\n<p><strong>Miss\u00e3o Salesiana<\/strong> \u2013 Proclamado pela Igreja Cat\u00f3lica como Pai e Mestre da Juventude, Dom Bosco \u00e9 fundador da congrega\u00e7\u00e3o salesiana, tendo dedicado a vida \u00e0 forma\u00e7\u00e3o de jovens, especialmente os mais vulner\u00e1veis, na Europa do s\u00e9culo XIX. A pedido do Bispo de Cuiab\u00e1, D. Carlos Luiz D\u2019Amour e do Governador Manoel Jos\u00e9 Murtinho, os salesianos chegaram a Cuiab\u00e1 em 1894, liderados por D. Luiz Lasagna.<\/p>\n<p>Veja abaixo as mo\u00e7\u00f5es entregues e os respons\u00e1veis por receb\u00ea-las:<\/p>\n<p><strong>1. Arcebispo da Arquidiocese de Cuiab\u00e1<\/strong><br \/>Arcebispo Diocesano, D. M\u00e1rio Ant\u00f4nio da Silva<br \/><strong>2. Miss\u00e3o Salesiana de Mato Grosso (MSMT)<\/strong><br \/>Presidente Miss\u00e3o Salesiana, Pe. Ricardo Carlos<br \/><strong>3. Comunidade Salesiana S\u00e3o Gon\u00e7alo<\/strong><br \/>Pe. Umberto Pereira, o salesiano mais idoso (97 anos)<br \/><strong>4. Col\u00e9gio S\u00e3o Gon\u00e7alo<\/strong><br \/>Diretor do Col\u00e9gio S\u00e3o Gon\u00e7alo, Pe. Hermenegildo Concei\u00e7\u00e3o Silva<br \/><strong>5. Par\u00f3quia S\u00e3o Gon\u00e7alo do Porto<\/strong> <br \/>P\u00e1roco Pe. Idenilson Lemes da Concei\u00e7\u00e3o<br \/><strong>6. Presen\u00e7a Salesiana do Coxip\u00f3 da Ponte<\/strong><br \/>Comunidade Santo Ant\u00f4nio: Pe. Marcelo Almeida Fujimura<br \/>Comunidade da Casa Maria Auxiliadora: Ir. Elicia Almeida Rosa<br \/><strong>7. Irm\u00e3s Filhas de Maria Auxiliadora<\/strong><br \/>Diretora do Col\u00e9gio Cora\u00e7\u00e3o de Jesus, Ros\u00e2ngela Maria Clemente <br \/><strong>8. Leigos e fam\u00edlia devotas de S\u00e3o Gon\u00e7alo<\/strong><br \/>Da. Maria do Carmo Monteiro da Silva<br \/><strong>9. Mission\u00e1rios e mission\u00e1rias de Mato Grosso dedicados aos povos Bororo e Xavante<\/strong><br \/>Me. Lu\u00eds W\u00fcrtle<br \/>Ir. Aurizena Sim\u00e3o do Nascimento<br \/>Me. M\u00e1rio Bordigon<\/p>\n<p id=\"infocoweb_fonte\" class=\"infocoweb_fonte\">Fonte: ALMT \u2013 MT<\/p>\n<style>#infocoweb_cabecalho {\n        display: inline-block;\n        margin-top: -75px;\n        position: absolute;\n        right: 0;\n    }\n<\/style>\n<style><\/style>\n<\/div>\n<div id=\"infocoweb_rodape\" class=\"infocoweb_rodape\"><\/div>\n<\/div>\n<p>O post ALMT entrega mo\u00e7\u00f5es de aplausos pelos 130 anos da Presen\u00e7a Salesiana no estado apareceu primeiro em Portal MT.<\/p>\n<\/div>\n","protected":false},"excerpt":{"rendered":"<p>A Assembleia Legislativa de Mato Grosso (ALMT) realizou sess\u00e3o solene em celebra\u00e7\u00e3o aos 130 anos<\/p>\n","protected":false},"author":2,"featured_media":37303,"comment_status":"registered_only","ping_status":"closed","sticky":false,"template":"","format":"standard","meta":{"footnotes":""},"categories":[2],"tags":[],"aioseo_notices":[],"_links":{"self":[{"href":"https:\/\/portalnewsgta.com.br\/index.php\/wp-json\/wp\/v2\/posts\/37302"}],"collection":[{"href":"https:\/\/portalnewsgta.com.br\/index.php\/wp-json\/wp\/v2\/posts"}],"about":[{"href":"https:\/\/portalnewsgta.com.br\/index.php\/wp-json\/wp\/v2\/types\/post"}],"author":[{"embeddable":true,"href":"https:\/\/portalnewsgta.com.br\/index.php\/wp-json\/wp\/v2\/users\/2"}],"replies":[{"embeddable":true,"href":"https:\/\/portalnewsgta.com.br\/index.php\/wp-json\/wp\/v2\/comments?post=37302"}],"version-history":[{"count":0,"href":"https:\/\/portalnewsgta.com.br\/index.php\/wp-json\/wp\/v2\/posts\/37302\/revisions"}],"wp:featuredmedia":[{"embeddable":true,"href":"https:\/\/portalnewsgta.com.br\/index.php\/wp-json\/wp\/v2\/media\/37303"}],"wp:attachment":[{"href":"https:\/\/portalnewsgta.com.br\/index.php\/wp-json\/wp\/v2\/media?parent=37302"}],"wp:term":[{"taxonomy":"category","embeddable":true,"href":"https:\/\/portalnewsgta.com.br\/index.php\/wp-json\/wp\/v2\/categories?post=37302"},{"taxonomy":"post_tag","embeddable":true,"href":"https:\/\/portalnewsgta.com.br\/index.php\/wp-json\/wp\/v2\/tags?post=37302"}],"curies":[{"name":"wp","href":"https:\/\/api.w.org\/{rel}","templated":true}]}}