{"id":37191,"date":"2024-12-02T08:12:27","date_gmt":"2024-12-02T11:12:27","guid":{"rendered":"https:\/\/portalnewsgta.com.br\/?p=37191"},"modified":"2024-12-02T08:12:27","modified_gmt":"2024-12-02T11:12:27","slug":"mauro-critica-medidas-do-governo-federal-aos-mais-ricos","status":"publish","type":"post","link":"https:\/\/portalnewsgta.com.br\/index.php\/2024\/12\/02\/mauro-critica-medidas-do-governo-federal-aos-mais-ricos\/","title":{"rendered":"Mauro critica medidas do governo federal aos mais ricos"},"content":{"rendered":"<div class=\"col-xs-12 col-sm-12 col-md-12 col-lg-12 mb10\">\n<div class=\"row\">\n<div class=\"col-xs-12 col-sm-12 col-md-12 col-lg-12 mb15\">\n<div class=\"row\">\n<div class=\"col-xs-12 col-sm-11 col-md-11 col-lg-11 autorer\"><span class=\"autores_fontes_nome\">Vinicius Mendes<\/span><\/p>\n<p class=\"autores_fontes_email\">redacao@gazetadigital.com.br<\/p>\n<\/div>\n<\/div>\n<\/div>\n<\/div>\n<\/div>\n<div class=\"col-xs-12 col-sm-12 col-md-12 col-lg-12 mb30\">\n<p class=\"credito-1\">Chico Ferreira<\/p>\n<p class=\"img-conteudo-desc\">\n<div id=\"text-content\" class=\"mb20\">\n<p>O governador Mauro Mendes (Uni\u00e3o) discorda das medidas do governo federal para a economia, como isen\u00e7\u00e3o do imposto de renda (IR) para quem ganha at\u00e9 R$ 5 mil mensais e eleva\u00e7\u00e3o da taxa para quem ganha mais de R$ 50 mil por m\u00eas. Para o gestor isso deve impactar n\u00e3o apenas a vida dos mais ricos, mas tamb\u00e9m dos mais pobres.<\/p>\n<p>&nbsp;<\/p>\n<p>Em pronunciamento em rede nacional na quarta-feira (27), o ministro da Fazenda, Fernando Haddad, divulgou diversas medidas para a Economia, como nova regra de reajuste do sal\u00e1rio m\u00ednimo, mudan\u00e7as nas regras do abono salarial, refor\u00e7o na fiscaliza\u00e7\u00e3o do Bolsa Fam\u00edlia, al\u00e9m das altera\u00e7\u00f5es do IR.<\/p>\n<p>&nbsp;<\/p>\n<p>Na quinta-feira (28), todas as medidas\u00a0<strong><a href=\"https:\/\/www.gazetadigital.com.br\/editorias\/economia\/pacote-preve-economia-de-r-327-bi-ate-2030-veja-todas-as-medidas\/791488\">foram detalhadas<\/a><\/strong>\u00a0pelo governo federal. Em entrevista na manh\u00e3 de sexta-feira (29), o governador mato-grossense assinado com desconfian\u00e7a as a\u00e7\u00f5es, principalmente sobre a taxa\u00e7\u00e3o dos mais ricos.<\/p>\n<p>&nbsp;<\/p>\n<p>\u201cAcompanhei, como talvez muitos aqui, muitos brasileiros, um momento ruim da trajet\u00f3ria desse pa\u00eds quando o nosso governo federal, numa tentativa exitosa, uma tentativa valorosa de arrumar as contas p\u00fablicas federais, mas ao final do dia a percep\u00e7\u00e3o de muitos brasileiros, a percep\u00e7\u00e3o de muitos daqueles que t\u00eam grande poder de influenciar no rumo da nossa economia, foi uma percep\u00e7\u00e3o negativa, mas isso, meus amigos, pode impactar na vida de todos n\u00f3s, o juro j\u00e1 est\u00e1 projetado para chegar a 14% ou 14,5% o ano que vem\u201d, disse.<\/p>\n<p>&nbsp;<\/p>\n<p>Mauro avalia que estas medidas dever\u00e3o causar um impacto negativo na infla\u00e7\u00e3o, o que consequentemente ir\u00e1 afetar a vida da popula\u00e7\u00e3o mais pobre.<\/p>\n<p>&nbsp;<\/p>\n<p>\u201cEu s\u00f3 digo isso aqui nesse momento para ressaltar o quanto \u00e9 importante um governante ser s\u00e9rio, ter capacidade, ter lealdade e tomar decis\u00f5es corretas, porque um erro de um governante quem paga o pre\u00e7o, lamentavelmente, \u00e9 a popula\u00e7\u00e3o que ele se diz representar\u201d, afirmou.<\/p>\n<\/div>\n<\/div>\n","protected":false},"excerpt":{"rendered":"<p>Vinicius Mendes redacao@gazetadigital.com.br Chico Ferreira O governador Mauro Mendes (Uni\u00e3o) discorda das medidas do governo<\/p>\n","protected":false},"author":2,"featured_media":37192,"comment_status":"open","ping_status":"open","sticky":false,"template":"","format":"standard","meta":{"footnotes":""},"categories":[13,2],"tags":[526],"aioseo_notices":[],"_links":{"self":[{"href":"https:\/\/portalnewsgta.com.br\/index.php\/wp-json\/wp\/v2\/posts\/37191"}],"collection":[{"href":"https:\/\/portalnewsgta.com.br\/index.php\/wp-json\/wp\/v2\/posts"}],"about":[{"href":"https:\/\/portalnewsgta.com.br\/index.php\/wp-json\/wp\/v2\/types\/post"}],"author":[{"embeddable":true,"href":"https:\/\/portalnewsgta.com.br\/index.php\/wp-json\/wp\/v2\/users\/2"}],"replies":[{"embeddable":true,"href":"https:\/\/portalnewsgta.com.br\/index.php\/wp-json\/wp\/v2\/comments?post=37191"}],"version-history":[{"count":1,"href":"https:\/\/portalnewsgta.com.br\/index.php\/wp-json\/wp\/v2\/posts\/37191\/revisions"}],"predecessor-version":[{"id":37193,"href":"https:\/\/portalnewsgta.com.br\/index.php\/wp-json\/wp\/v2\/posts\/37191\/revisions\/37193"}],"wp:featuredmedia":[{"embeddable":true,"href":"https:\/\/portalnewsgta.com.br\/index.php\/wp-json\/wp\/v2\/media\/37192"}],"wp:attachment":[{"href":"https:\/\/portalnewsgta.com.br\/index.php\/wp-json\/wp\/v2\/media?parent=37191"}],"wp:term":[{"taxonomy":"category","embeddable":true,"href":"https:\/\/portalnewsgta.com.br\/index.php\/wp-json\/wp\/v2\/categories?post=37191"},{"taxonomy":"post_tag","embeddable":true,"href":"https:\/\/portalnewsgta.com.br\/index.php\/wp-json\/wp\/v2\/tags?post=37191"}],"curies":[{"name":"wp","href":"https:\/\/api.w.org\/{rel}","templated":true}]}}