{"id":37188,"date":"2024-12-02T08:09:47","date_gmt":"2024-12-02T11:09:47","guid":{"rendered":"https:\/\/portalnewsgta.com.br\/?p=37188"},"modified":"2024-12-02T08:22:21","modified_gmt":"2024-12-02T11:22:21","slug":"prefeito-eleito-de-colider-priorizara-saude-e-quer-implantar-upa-24-horas","status":"publish","type":"post","link":"https:\/\/portalnewsgta.com.br\/index.php\/2024\/12\/02\/prefeito-eleito-de-colider-priorizara-saude-e-quer-implantar-upa-24-horas\/","title":{"rendered":"Prefeito eleito de Col\u00edder priorizar\u00e1 sa\u00fade e quer implantar UPA 24 Horas"},"content":{"rendered":"<p>O prefeito eleito de Col\u00edder, Rodrigo Benassi (PRD), declarou ao S\u00f3 Not\u00edcias, que melhorar a sa\u00fade p\u00fablica ser\u00e1 a principal prioridade da sua administra\u00e7\u00e3o, a partir do pr\u00f3ximo m\u00eas, com funcionamento da Unidade de Pronto Atendimento \u2013 UPA em tempo integral, contrata\u00e7\u00e3o de m\u00e9dicos especialistas e reforma e amplia\u00e7\u00e3o do Hospital Regional. \u201cVamos iniciar o estudo de viabilidade no primeiro semestre para implementar o UPA 24 horas no munic\u00edpio. E tamb\u00e9m melhorar a parte de atendimentos e de m\u00e9dicos para que o cidad\u00e3o n\u00e3o espere na fila, que seja r\u00e1pido igual o modelo de Sorriso onde n\u00e3o se fica mais de 30 minutos para ser atendido\u201d, afirmou.<\/p>\n<p>Benassi pretende contratar especialistas inicialmente para pediatria e ginecologia por meio de licita\u00e7\u00f5es, al\u00e9m comprar de um novo aparelho de tomografia. Ele tamb\u00e9m anunciou a compra de um novo \u00f4nibus com leitos para os pacientes que precisem tenham \u201cconforto e seguran\u00e7a\u201d ao se deslocar para tratamento na capital.<\/p>\n<p>Ele disse que, sobre a articula\u00e7\u00e3o de recursos para as prioridades, o prefeito disse que objetiva a presid\u00eancia do Cons\u00f3rcio Intermunicipal de Sa\u00fade da Regi\u00e3o Norte Matogrossense , que acredita ter \u201cbaixo aproveitamento\u201d. Em reuni\u00e3o com o governador Mauro Mendes e o secret\u00e1rio de Sa\u00fade, Gilberto Figueiredo, em Cuiab\u00e1, h\u00e1 poucos dias, ele recebeu apoio sob condi\u00e7\u00e3o de apresentar um plano para os projetos. \u201cO Estado tem recursos, basta ser bem investido e bem aplicado, aplicado com efetividade\u201d, acredita. Al\u00e9m disso, na administra\u00e7\u00e3o interna, \u201do principal forte nosso vai ser enxugar a m\u00e1quina p\u00fablica, vamos fazer alguns cortes. Hoje temos 13 secret\u00e1rias, eu devo nomear apenas sete ou oito, as demais secretarias ficar\u00e3o sob minha responsabilidade. Teremos apenas secret\u00e1rios adjuntos, para gerar economia\u201d.<\/p>\n<p>Ele ainda pretende trazer um tratamento mais humanizado e ativo na regula\u00e7\u00e3o de atendimentos do Hospital Regional, para evitar falhas na comunica\u00e7\u00e3o entre servidores e pacientes que ficam sem consulta.<\/p>\n<p>O prefeito eleito busca, nos pr\u00f3ximos dias, concluir a composi\u00e7\u00e3o do secretariado. A servidora Mara Lemos Martins comandar\u00e1 a secretaria de Sa\u00fade. Sidnei da Silva Carvalho assumir\u00e1 a secretaria de Educa\u00e7\u00e3o. Leandro Kessler, atual presidente da Associa\u00e7\u00e3o Empresarial e Comercial (ACIC), assumir\u00e1 a secretaria de Administra\u00e7\u00e3o. O vice-prefeito eleito, Louren\u00e7o Marani, comandar\u00e1 a pasta de Ind\u00fastria e Com\u00e9rcio.<\/p>\n","protected":false},"excerpt":{"rendered":"<p>O prefeito eleito de Col\u00edder, Rodrigo Benassi (PRD), declarou ao S\u00f3 Not\u00edcias, que melhorar a<\/p>\n","protected":false},"author":2,"featured_media":37189,"comment_status":"open","ping_status":"open","sticky":false,"template":"","format":"standard","meta":{"footnotes":""},"categories":[7,13],"tags":[525],"aioseo_notices":[],"_links":{"self":[{"href":"https:\/\/portalnewsgta.com.br\/index.php\/wp-json\/wp\/v2\/posts\/37188"}],"collection":[{"href":"https:\/\/portalnewsgta.com.br\/index.php\/wp-json\/wp\/v2\/posts"}],"about":[{"href":"https:\/\/portalnewsgta.com.br\/index.php\/wp-json\/wp\/v2\/types\/post"}],"author":[{"embeddable":true,"href":"https:\/\/portalnewsgta.com.br\/index.php\/wp-json\/wp\/v2\/users\/2"}],"replies":[{"embeddable":true,"href":"https:\/\/portalnewsgta.com.br\/index.php\/wp-json\/wp\/v2\/comments?post=37188"}],"version-history":[{"count":1,"href":"https:\/\/portalnewsgta.com.br\/index.php\/wp-json\/wp\/v2\/posts\/37188\/revisions"}],"predecessor-version":[{"id":37190,"href":"https:\/\/portalnewsgta.com.br\/index.php\/wp-json\/wp\/v2\/posts\/37188\/revisions\/37190"}],"wp:featuredmedia":[{"embeddable":true,"href":"https:\/\/portalnewsgta.com.br\/index.php\/wp-json\/wp\/v2\/media\/37189"}],"wp:attachment":[{"href":"https:\/\/portalnewsgta.com.br\/index.php\/wp-json\/wp\/v2\/media?parent=37188"}],"wp:term":[{"taxonomy":"category","embeddable":true,"href":"https:\/\/portalnewsgta.com.br\/index.php\/wp-json\/wp\/v2\/categories?post=37188"},{"taxonomy":"post_tag","embeddable":true,"href":"https:\/\/portalnewsgta.com.br\/index.php\/wp-json\/wp\/v2\/tags?post=37188"}],"curies":[{"name":"wp","href":"https:\/\/api.w.org\/{rel}","templated":true}]}}