{"id":37186,"date":"2024-12-02T07:48:22","date_gmt":"2024-12-02T10:48:22","guid":{"rendered":"https:\/\/portalnewsgta.com.br\/index.php\/2024\/12\/02\/apos-cair-desmaiado-edoardo-bove-ja-acordou-e-foi-extubado-apos-13-horas\/"},"modified":"2024-12-02T07:48:22","modified_gmt":"2024-12-02T10:48:22","slug":"apos-cair-desmaiado-edoardo-bove-ja-acordou-e-foi-extubado-apos-13-horas","status":"publish","type":"post","link":"https:\/\/portalnewsgta.com.br\/index.php\/2024\/12\/02\/apos-cair-desmaiado-edoardo-bove-ja-acordou-e-foi-extubado-apos-13-horas\/","title":{"rendered":"Ap\u00f3s cair desmaiado, Edoardo Bove j\u00e1 acordou e foi extubado ap\u00f3s 13 horas"},"content":{"rendered":"<p>Edoardo Bove, meio-campista de 22 anos da Fiorentina, sofreu um mal s\u00fabito durante a partida contra a Inter de Mil\u00e3o, realizada no domingo, 1\u00ba de dezembro de 2024, no Est\u00e1dio Artemio Franchi, em Floren\u00e7a. Aos 16 minutos do primeiro tempo, Bove caiu no gramado enquanto amarrava as chuteiras, causando grande preocupa\u00e7\u00e3o entre jogadores e torcedores.<\/p>\n<div class=\"dummyPub\">\u00a0<\/div>\n<p>Imediatamente ap\u00f3s o colapso, companheiros de equipe e advers\u00e1rios sinalizaram para a equipe m\u00e9dica, que prestou os primeiros socorros em campo. Bove foi ent\u00e3o levado de ambul\u00e2ncia ao Hospital Universit\u00e1rio Careggi, onde foi colocado em coma induzido. Exames iniciais descartaram danos agudos ao sistema nervoso central e aos sistemas card\u00edaco e respirat\u00f3rio.<\/p>\n<p>Na manh\u00e3 de segunda-feira, ap\u00f3s 13 horas, Bove foi extubado, encontrando-se l\u00facido e capaz de responder \u00e0s perguntas dos m\u00e9dicos, indicando uma evolu\u00e7\u00e3o positiva em seu estado de sa\u00fade.\u00a0<\/p>\n<p>Devido \u00e0 gravidade da situa\u00e7\u00e3o, o \u00e1rbitro Daniele Doveri suspendeu a partida aos 17 minutos, com o placar ainda em 0 a 0. A Liga Serie A anunciou que o jogo ser\u00e1 remarcado para uma data futura.\u00a0<\/p>\n<p>Edoardo Bove, natural de Roma, iniciou sua carreira nas categorias de base da AS Roma e, em agosto de 2024, foi emprestado \u00e0 Fiorentina. Recentemente, destacou-se ao marcar um gol na vit\u00f3ria por 5 a 1 sobre seu clube de origem.\u00a0<\/p>\n<p>O incidente trouxe \u00e0 mem\u00f3ria a tr\u00e1gica morte de Davide Astori, ex-capit\u00e3o da Fiorentina, que faleceu em 2018 devido a um problema card\u00edaco.<\/p>\n<p>Leia Tamb\u00e9m: <a href=\"https:\/\/www.noticiasaominuto.com.br\/esporte\/2232438\/guardiola-explica-crise-do-manchester-city-nao-temos-jogadores\" target=\"_blank\" rel=\"noopener\">Guardiola explica crise do Manchester City: &#8220;N\u00e3o temos jogadores&#8221;<\/a><\/p>\n<p>Fonte: noticiasaominuto.com.br<\/p>\n","protected":false},"excerpt":{"rendered":"<p>Edoardo Bove, meio-campista de 22 anos da Fiorentina, sofreu um mal s\u00fabito durante a partida<\/p>\n","protected":false},"author":0,"featured_media":37187,"comment_status":"open","ping_status":"open","sticky":false,"template":"","format":"standard","meta":{"footnotes":""},"categories":[4],"tags":[],"aioseo_notices":[],"_links":{"self":[{"href":"https:\/\/portalnewsgta.com.br\/index.php\/wp-json\/wp\/v2\/posts\/37186"}],"collection":[{"href":"https:\/\/portalnewsgta.com.br\/index.php\/wp-json\/wp\/v2\/posts"}],"about":[{"href":"https:\/\/portalnewsgta.com.br\/index.php\/wp-json\/wp\/v2\/types\/post"}],"replies":[{"embeddable":true,"href":"https:\/\/portalnewsgta.com.br\/index.php\/wp-json\/wp\/v2\/comments?post=37186"}],"version-history":[{"count":0,"href":"https:\/\/portalnewsgta.com.br\/index.php\/wp-json\/wp\/v2\/posts\/37186\/revisions"}],"wp:featuredmedia":[{"embeddable":true,"href":"https:\/\/portalnewsgta.com.br\/index.php\/wp-json\/wp\/v2\/media\/37187"}],"wp:attachment":[{"href":"https:\/\/portalnewsgta.com.br\/index.php\/wp-json\/wp\/v2\/media?parent=37186"}],"wp:term":[{"taxonomy":"category","embeddable":true,"href":"https:\/\/portalnewsgta.com.br\/index.php\/wp-json\/wp\/v2\/categories?post=37186"},{"taxonomy":"post_tag","embeddable":true,"href":"https:\/\/portalnewsgta.com.br\/index.php\/wp-json\/wp\/v2\/tags?post=37186"}],"curies":[{"name":"wp","href":"https:\/\/api.w.org\/{rel}","templated":true}]}}