{"id":36274,"date":"2024-11-25T13:01:12","date_gmt":"2024-11-25T16:01:12","guid":{"rendered":"https:\/\/portalnewsgta.com.br\/index.php\/2024\/11\/25\/operacao-integrada-fiscaliza-area-de-garimpos-no-norte-de-mt-e-constata-danos-ambientais\/"},"modified":"2024-11-25T13:01:12","modified_gmt":"2024-11-25T16:01:12","slug":"operacao-integrada-fiscaliza-area-de-garimpos-no-norte-de-mt-e-constata-danos-ambientais","status":"publish","type":"post","link":"https:\/\/portalnewsgta.com.br\/index.php\/2024\/11\/25\/operacao-integrada-fiscaliza-area-de-garimpos-no-norte-de-mt-e-constata-danos-ambientais\/","title":{"rendered":"Opera\u00e7\u00e3o integrada fiscaliza \u00e1rea de garimpos no norte de MT e constata danos ambientais"},"content":{"rendered":"<div>\n<div id=\"infocoweb\" data-uuid=\"bfe8a800-be11-4ed6-b6a3-05419d2eb631\" class=\"infocoweb infocoweb_canal_61\">\n<div id=\"infocoweb_cabecalho\" class=\"infocoweb_cabecalho\"><\/div>\n<div id=\"infocoweb_corpo\" class=\"infocoweb_corpo\"><span class=\"ifn_post_add_feature_image_to_the_top\"><\/span><\/p>\n<p style=\"text-align: justify\">Uma opera\u00e7\u00e3o integrada de combate \u00e0 extra\u00e7\u00e3o ilegal de min\u00e9rio, realizada no munic\u00edpio de Carlinda, no norte do Estado, fiscalizou oito garimpos na regi\u00e3o e constatou que parte deles n\u00e3o possui licen\u00e7a para funcionamento.<\/p>\n<p style=\"text-align: justify\">A fiscaliza\u00e7\u00e3o foi realizada no per\u00edodo de 18 a 23 deste m\u00eas, pelas equipes da Delegacia Especializada de Meio Ambiente e Secretaria de Estado de Meio Ambiente, com apoio da Ger\u00eancia de Opera\u00e7\u00f5es Especiais da Pol\u00edcia Civil.<\/p>\n<p> A opera\u00e7\u00e3o ambiental foi baseada em alertas de altera\u00e7\u00e3o n\u00e3o autorizada em vegeta\u00e7\u00e3o nativa ou em regenera\u00e7\u00e3o, que utilizam imagens de sat\u00e9lite de alta resolu\u00e7\u00e3o para identificar o local onde h\u00e1 crime ambiental e a base de dados do \u00f3rg\u00e3o ambiental.<\/p>\n<p style=\"text-align: justify\"><source><img decoding=\"async\" alt=\"\" height=\"266\" src=\"https:\/\/www.secom.mt.gov.br\/documents\/d\/pjc\/whatsapp-image-2024-11-25-at-09-46-11-jpeg?imageThumbnail=3\">      <\/source><\/p>\n<p> As equipes fiscalizaram oito pontos de garimpo na regi\u00e3o, sendo que alguns n\u00e3o possuem Licen\u00e7a de Opera\u00e7\u00e3o para a atividade de extra\u00e7\u00e3o mineral. No local, foi apreendido um motor estacion\u00e1rio com motobomba.<\/p>\n<p> A fiscaliza\u00e7\u00e3o identificou ainda que a atividade garimpeira causou danos em uma \u00e1rea de preserva\u00e7\u00e3o permanente e descumprimento de embargos. Tamb\u00e9m foi fiscalizado um empreendimento licenciado que n\u00e3o cumpria todas as condicionantes para a Licen\u00e7a de Opera\u00e7\u00e3o.<\/p>\n<p style=\"text-align: justify\"><source><img decoding=\"async\" alt=\"\" height=\"266\" src=\"https:\/\/www.secom.mt.gov.br\/documents\/d\/pjc\/garimpos-carlinda-jpeg?imageThumbnail=3\">      <\/source><\/p>\n<p> Ap\u00f3s a opera\u00e7\u00e3o integrada, os \u00f3rg\u00e3os respons\u00e1veis confeccionaram oito relat\u00f3rios t\u00e9cnicos, foram emitidas seis autua\u00e7\u00f5es, duas notifica\u00e7\u00f5es, quatro embargos e um termo de apreens\u00e3o e um termo de inutiliza\u00e7\u00e3o e destrui\u00e7\u00e3o de equipamento.<\/p>\n<p style=\"text-align: justify\"><source><img decoding=\"async\" alt=\"\" height=\"266\" src=\"https:\/\/www.secom.mt.gov.br\/documents\/d\/pjc\/whatsapp-image-2024-11-25-at-09-46-12-2-jpeg?imageThumbnail=3\">      <\/source><\/p>\n<p> A opera\u00e7\u00e3o foi conduzida pela Coordenadoria de Fiscaliza\u00e7\u00e3o de Empreendimentos da Sema para coibir crimes ambientais, monitorar e fiscalizar mudan\u00e7as na vegeta\u00e7\u00e3o, promover o embargo de \u00e1reas, apreens\u00e3o e remo\u00e7\u00e3o de maquin\u00e1rios flagrados em uso para o crime ambiental e a responsabiliza\u00e7\u00e3o administrativa, civil e criminal dos infratores.<\/p>\n<p id=\"infocoweb_fonte\" class=\"infocoweb_fonte\">Fonte: Governo MT \u2013 MT<\/p>\n<style>#infocoweb_cabecalho {\n        display: inline-block;\n        margin-top: -75px;\n        position: absolute;\n        right: 0;\n    }\n<\/style>\n<style><\/style>\n<\/div>\n<div id=\"infocoweb_rodape\" class=\"infocoweb_rodape\"><\/div>\n<\/div>\n<p>O post Opera\u00e7\u00e3o integrada fiscaliza \u00e1rea de garimpos no norte de MT e constata danos ambientais apareceu primeiro em Portal MT.<\/p>\n<\/div>\n","protected":false},"excerpt":{"rendered":"<p>Uma opera\u00e7\u00e3o integrada de combate \u00e0 extra\u00e7\u00e3o ilegal de min\u00e9rio, realizada no munic\u00edpio de Carlinda,<\/p>\n","protected":false},"author":2,"featured_media":36275,"comment_status":"registered_only","ping_status":"closed","sticky":false,"template":"","format":"standard","meta":{"footnotes":""},"categories":[7],"tags":[],"aioseo_notices":[],"_links":{"self":[{"href":"https:\/\/portalnewsgta.com.br\/index.php\/wp-json\/wp\/v2\/posts\/36274"}],"collection":[{"href":"https:\/\/portalnewsgta.com.br\/index.php\/wp-json\/wp\/v2\/posts"}],"about":[{"href":"https:\/\/portalnewsgta.com.br\/index.php\/wp-json\/wp\/v2\/types\/post"}],"author":[{"embeddable":true,"href":"https:\/\/portalnewsgta.com.br\/index.php\/wp-json\/wp\/v2\/users\/2"}],"replies":[{"embeddable":true,"href":"https:\/\/portalnewsgta.com.br\/index.php\/wp-json\/wp\/v2\/comments?post=36274"}],"version-history":[{"count":0,"href":"https:\/\/portalnewsgta.com.br\/index.php\/wp-json\/wp\/v2\/posts\/36274\/revisions"}],"wp:featuredmedia":[{"embeddable":true,"href":"https:\/\/portalnewsgta.com.br\/index.php\/wp-json\/wp\/v2\/media\/36275"}],"wp:attachment":[{"href":"https:\/\/portalnewsgta.com.br\/index.php\/wp-json\/wp\/v2\/media?parent=36274"}],"wp:term":[{"taxonomy":"category","embeddable":true,"href":"https:\/\/portalnewsgta.com.br\/index.php\/wp-json\/wp\/v2\/categories?post=36274"},{"taxonomy":"post_tag","embeddable":true,"href":"https:\/\/portalnewsgta.com.br\/index.php\/wp-json\/wp\/v2\/tags?post=36274"}],"curies":[{"name":"wp","href":"https:\/\/api.w.org\/{rel}","templated":true}]}}