{"id":36270,"date":"2024-11-25T13:00:57","date_gmt":"2024-11-25T16:00:57","guid":{"rendered":"https:\/\/portalnewsgta.com.br\/index.php\/2024\/11\/25\/primeira-dama-de-mt-intensifica-acoes-de-conscientizacao-contra-o-feminicidio-e-o-combate-a-violencia-domestica\/"},"modified":"2024-11-25T13:00:57","modified_gmt":"2024-11-25T16:00:57","slug":"primeira-dama-de-mt-intensifica-acoes-de-conscientizacao-contra-o-feminicidio-e-o-combate-a-violencia-domestica","status":"publish","type":"post","link":"https:\/\/portalnewsgta.com.br\/index.php\/2024\/11\/25\/primeira-dama-de-mt-intensifica-acoes-de-conscientizacao-contra-o-feminicidio-e-o-combate-a-violencia-domestica\/","title":{"rendered":"Primeira-dama de MT intensifica a\u00e7\u00f5es de conscientiza\u00e7\u00e3o contra o feminic\u00eddio e o combate \u00e0 viol\u00eancia dom\u00e9stica"},"content":{"rendered":"<div>\n<div id=\"infocoweb\" data-uuid=\"d2b27ecd-b169-4bab-9f67-7a6d0c7f5fe2\" class=\"infocoweb infocoweb_canal_61\">\n<div id=\"infocoweb_cabecalho\" class=\"infocoweb_cabecalho\"><\/div>\n<div id=\"infocoweb_corpo\" class=\"infocoweb_corpo\"><span class=\"ifn_post_add_feature_image_to_the_top\"><\/span><\/p>\n<p style=\"text-align: justify\">O dia 25 de novembro foi escolhido pela Organiza\u00e7\u00e3o das Na\u00e7\u00f5es Unidas (ONU) como o Dia Internacional da N\u00e3o-Viol\u00eancia contra a Mulher. A mesma data foi definida em Mato Grosso pelo Governo do Estado para instituir a Lei de Combate ao Feminic\u00eddio, que ganhou for\u00e7a com o programa SER Fam\u00edlia Mulher, idealizado pela primeira-dama do Estado, Virginia Mendes.<\/p>\n<p style=\"text-align: justify\">Nesta data, uma s\u00e9rie de atividades de conscientiza\u00e7\u00e3o e debates sobre o tema devem ser realizadas, a fim de estabelecer um fim aos crimes contra a mulher.<\/p>\n<p style=\"text-align: justify\">Al\u00e9m da lei, ao longo de todo o ano a primeira-dama de MT, Virginia Mendes, projeta a\u00e7\u00f5es que intensificam por meio do SER Fam\u00edlia Mulher em diferentes esferas, \u00e0 exemplo da capacita\u00e7\u00e3o de servidores, a partir do apoio m\u00fatuo do Governo de MT, por meio da Secretaria de Estado de Assist\u00eancia Social e Cidadania (Setasc), em parceria com a Seguran\u00e7a P\u00fablica do Estado e os Poderes.<\/p>\n<p style=\"text-align: justify\">O projeto MT Por Elas percorre todo o Estado e, no m\u00eas de dezembro, completar\u00e1 o calend\u00e1rio em 15 Regi\u00f5es Integradas de Seguran\u00e7a P\u00fablica (Risps).<\/p>\n<p style=\"text-align: justify\">Virginia Mendes destaca a import\u00e2ncia da data e ressalta que o dia \u00e9 um s\u00edmbolo da luta, mas que o tema deve ser colocado em pauta diariamente.<\/p>\n<p style=\"text-align: justify\">\u201cEssa data foi uma conquista importante, por\u00e9m \u00e9 preciso falar desse assunto todos os dias, entre os familiares, onde, de acordo com as estat\u00edsticas, acontecem os maiores n\u00fameros de casos; nas escolas; no ambiente de trabalho. Essa \u00e9 uma batalha, de fato, uma for\u00e7a-tarefa di\u00e1ria\u201d, pontua Virginia Mendes.<\/p>\n<p style=\"text-align: justify\">De acordo com a primeira-dama de MT, os mecanismos adotados no Estado t\u00eam encorajado as mulheres a denunciarem os casos de viol\u00eancia, j\u00e1 que o programa SER Fam\u00edlia Mulher ampara as v\u00edtimas em situa\u00e7\u00e3o de medidas protetivas, com aux\u00edlio-moradia.<\/p>\n<p style=\"text-align: justify\">\u201cA maioria das v\u00edtimas vive sob depend\u00eancia financeira de seus companheiros abusadores, tanto f\u00edsicos quanto psicol\u00f3gicos. O SER Fam\u00edlia Mulher \u00e9 um suporte que as encoraja a se afastarem do agressor e, al\u00e9m disso, fornece amparo psicol\u00f3gico e apoio na capacita\u00e7\u00e3o, para que essas v\u00edtimas encontrem motiva\u00e7\u00e3o para entrarem no mercado de trabalho e sejam amparadas integralmente pela Seguran\u00e7a\u201d, pontuou.<\/p>\n<p style=\"text-align: justify\">Apesar das a\u00e7\u00f5es adotadas em Mato Grosso, Virginia Mendes lembra que \u00e9 preciso uma reforma nas leis.<\/p>\n<p style=\"text-align: justify\">\u201cNossa Constitui\u00e7\u00e3o \u00e9 muito antiga, ent\u00e3o \u00e9 preciso que parlamentares no Congresso e o Supremo Tribunal Federal dediquem parte do tempo para elaborar uma lei que realmente funcione, que iniba a\u00e7\u00f5es contra a vida de mulheres, crian\u00e7as e idosos. \u00c9 muito triste o que lemos e vemos nos notici\u00e1rios todos os dias. Precisamos de uma resposta \u00e0s cobran\u00e7as que temos feito\u201d, ressalta.<\/p>\n<p style=\"text-align: justify\">\u201cEnquanto n\u00e3o tivermos uma resposta eficaz, vamos continuar nossa luta. Nada vai nos parar\u201d, afirma Virginia Mendes.<\/p>\n<p id=\"infocoweb_fonte\" class=\"infocoweb_fonte\">Fonte: Governo MT \u2013 MT<\/p>\n<style>#infocoweb_cabecalho {\n        display: inline-block;\n        margin-top: -75px;\n        position: absolute;\n        right: 0;\n    }\n<\/style>\n<style><\/style>\n<\/div>\n<div id=\"infocoweb_rodape\" class=\"infocoweb_rodape\"><\/div>\n<\/div>\n<p>O post Primeira-dama de MT intensifica a\u00e7\u00f5es de conscientiza\u00e7\u00e3o contra o feminic\u00eddio e o combate \u00e0 viol\u00eancia dom\u00e9stica apareceu primeiro em Portal MT.<\/p>\n<\/div>\n","protected":false},"excerpt":{"rendered":"<p>O dia 25 de novembro foi escolhido pela Organiza\u00e7\u00e3o das Na\u00e7\u00f5es Unidas (ONU) como o<\/p>\n","protected":false},"author":2,"featured_media":36271,"comment_status":"registered_only","ping_status":"closed","sticky":false,"template":"","format":"standard","meta":{"footnotes":""},"categories":[7],"tags":[],"aioseo_notices":[],"_links":{"self":[{"href":"https:\/\/portalnewsgta.com.br\/index.php\/wp-json\/wp\/v2\/posts\/36270"}],"collection":[{"href":"https:\/\/portalnewsgta.com.br\/index.php\/wp-json\/wp\/v2\/posts"}],"about":[{"href":"https:\/\/portalnewsgta.com.br\/index.php\/wp-json\/wp\/v2\/types\/post"}],"author":[{"embeddable":true,"href":"https:\/\/portalnewsgta.com.br\/index.php\/wp-json\/wp\/v2\/users\/2"}],"replies":[{"embeddable":true,"href":"https:\/\/portalnewsgta.com.br\/index.php\/wp-json\/wp\/v2\/comments?post=36270"}],"version-history":[{"count":0,"href":"https:\/\/portalnewsgta.com.br\/index.php\/wp-json\/wp\/v2\/posts\/36270\/revisions"}],"wp:featuredmedia":[{"embeddable":true,"href":"https:\/\/portalnewsgta.com.br\/index.php\/wp-json\/wp\/v2\/media\/36271"}],"wp:attachment":[{"href":"https:\/\/portalnewsgta.com.br\/index.php\/wp-json\/wp\/v2\/media?parent=36270"}],"wp:term":[{"taxonomy":"category","embeddable":true,"href":"https:\/\/portalnewsgta.com.br\/index.php\/wp-json\/wp\/v2\/categories?post=36270"},{"taxonomy":"post_tag","embeddable":true,"href":"https:\/\/portalnewsgta.com.br\/index.php\/wp-json\/wp\/v2\/tags?post=36270"}],"curies":[{"name":"wp","href":"https:\/\/api.w.org\/{rel}","templated":true}]}}