{"id":36070,"date":"2024-11-23T13:02:09","date_gmt":"2024-11-23T16:02:09","guid":{"rendered":"https:\/\/portalnewsgta.com.br\/index.php\/2024\/11\/23\/delegacao-formada-por-policiais-do-4o-e-11o-comando-regional-e-campea-do-jogos-olimpicos-da-pm\/"},"modified":"2024-11-23T13:02:09","modified_gmt":"2024-11-23T16:02:09","slug":"delegacao-formada-por-policiais-do-4o-e-11o-comando-regional-e-campea-do-jogos-olimpicos-da-pm","status":"publish","type":"post","link":"https:\/\/portalnewsgta.com.br\/index.php\/2024\/11\/23\/delegacao-formada-por-policiais-do-4o-e-11o-comando-regional-e-campea-do-jogos-olimpicos-da-pm\/","title":{"rendered":"Delega\u00e7\u00e3o formada por policiais do 4\u00ba e 11\u00ba Comando Regional \u00e9 campe\u00e3 do Jogos Ol\u00edmpicos da PM"},"content":{"rendered":"<div>\n<div id=\"infocoweb\" data-uuid=\"d545726f-5610-4b1f-87e7-40ad1610c29e\" class=\"infocoweb infocoweb_canal_61\">\n<div id=\"infocoweb_cabecalho\" class=\"infocoweb_cabecalho\"><\/div>\n<div id=\"infocoweb_corpo\" class=\"infocoweb_corpo\"><span class=\"ifn_post_add_feature_image_to_the_top\"><\/span><\/p>\n<p style=\"text-align: justify\">A Pol\u00edcia Militar de Mato Grosso encerrou, na noite desta sexta-feira (22.11), a 39\u00aa edi\u00e7\u00e3o dos Jogos Ol\u00edmpicos da institui\u00e7\u00e3o. Pela quarta vez consecutiva, a delega\u00e7\u00e3o formada por militares dos Comandos Regionais de Rondon\u00f3polis (4\u00ba CR) e de Primavera do Leste (11\u00ba CR) foi a grande campe\u00e3 das competi\u00e7\u00f5es.<\/p>\n<p style=\"text-align: justify\">O segundo lugar ficou com o 1\u00ba Comando Regional de Cuiab\u00e1, e o terceiro lugar com a delega\u00e7\u00e3o formada por policiais militares do 2\u00ba Comando Regional de V\u00e1rzea Grande e do Centro Integrado de Opera\u00e7\u00f5es A\u00e9reas (Ciopaer).<\/p>\n<p style=\"text-align: justify\">A competi\u00e7\u00e3o, que teve in\u00edcio na segunda-feira (18.11), reuniu mais de 300 atletas da corpora\u00e7\u00e3o e de todos os 15 Comandos Regionais do Estado.<\/p>\n<p style=\"text-align: justify\">Participaram nove delega\u00e7\u00f5es sendo do Quartel do Comando-Geral (QCG), do 1\u00ba Comando Regional (Cuiab\u00e1), do 2\u00ba Comando Regional (V\u00e1rzea Grande) e Ciopaer, do 3\u00ba, 9\u00ba e 15\u00ba CRs (Sinop, Alta Floresta e Peixoto de Azevedo); do 4\u00ba e 11\u00ba CRs (Rondon\u00f3polis e Primavera do Leste); do 5\u00ba, 10\u00ba e 13\u00ba CRs (Barra do Gar\u00e7as, Vila Rica e \u00c1gua Boa); do 6\u00ba e 12\u00ba CRs (C\u00e1ceres e Pontes e Lacerda) e Grupo Especial de Fronteira (Gefron); e do Comando de Policiamento Especializado (CPE) e Casa Militar.<\/p>\n<p style=\"text-align: justify\">No decorrer da semana, os atletas competiram em modalidades individuais e coletivas como o futebol masculino, futsal feminino, v\u00f4lei de areia, nata\u00e7\u00e3o, cabo de guerra, tiro esportivo, abordagens e pega-ladr\u00e3o. A edi\u00e7\u00e3o deste ano trouxe novas modalidades como beach tennis, xadrez, sinuca e provas de aptid\u00f5es f\u00edsicas.<\/p>\n<p style=\"text-align: justify\">\u201cA princ\u00edpio, o objetivo das olimp\u00edadas \u00e9 fazer essa uni\u00e3o dos policiais militares. A nossa delega\u00e7\u00e3o j\u00e1 \u00e9 tetra campe\u00e3 e, mais uma vez, leva o trof\u00e9u de melhor pontua\u00e7\u00e3o da competi\u00e7\u00e3o. Isso \u00e9 motivo de muito orgulho, pois todos os policiais militares se dedicaram, treinaram e deram o seu melhor pelo t\u00edtulo. Vamos trabalhar muito para poder conquistar o trof\u00e9u no pr\u00f3ximo ano tamb\u00e9m\u201d, comemorou o comandante do 11\u00ba CR de Primavera do Leste, coronel PM F\u00e1bio Lu\u00eds Bastos.<\/p>\n<p style=\"text-align: justify\">Representando o 4\u00ba Comando Regional de Rondon\u00f3polis, o tenente-coronel PM Silva S\u00e1 tamb\u00e9m comemorou a conquista do quarto t\u00edtulo e parabenizou a Pol\u00edcia Militar pela realiza\u00e7\u00e3o da 39\u00aa edi\u00e7\u00e3o dos Jogos Ol\u00edmpicos da institui\u00e7\u00e3o. <\/p>\n<p style=\"text-align: justify\">\u201cA realiza\u00e7\u00e3o de mais uma edi\u00e7\u00e3o das olimp\u00edadas demonstra um trabalho de muito preparo e uni\u00e3o de todas as equipes, das tropas e dos comandantes. Acima de tudo, \u00e9 um momento de confraterniza\u00e7\u00e3o. \u00c9 uma competi\u00e7\u00e3o saud\u00e1vel entre os militares, e toda a Pol\u00edcia Militar de Mato Grosso est\u00e1 de parab\u00e9ns pela organiza\u00e7\u00e3o desse grande evento. Esse novo t\u00edtulo representa todo um esfor\u00e7o das nossas equipes\u201d, declarou o tenente-coronel Silva S\u00e1. <\/p>\n<p style=\"text-align: justify\">O comandante-geral da Pol\u00edcia Militar, coronel Alexandre Corr\u00eaa Mendes, agradeceu a participa\u00e7\u00e3o de todas as delega\u00e7\u00f5es que disputaram a 39\u00aa edi\u00e7\u00e3o dos Jogos Ol\u00edmpicos.<\/p>\n<p style=\"text-align: justify\">\u201c\u00c9 um evento de muita supera\u00e7\u00e3o e que teve participa\u00e7\u00e3o de todos os Comandos Regionais. Quero agradecer a cada um de voc\u00eas que fizeram parte dos jogos, deram o melhor. Todos s\u00e3o campe\u00f5es. Fizemos mais uma vez uma olimp\u00edada com muita dignidade e esp\u00edrito esportivo. O que importa \u00e9 a nossa confraterniza\u00e7\u00e3o, dedica\u00e7\u00e3o e empenho. No pr\u00f3ximo ano, faremos novamente uma grande competi\u00e7\u00e3o\u201d, discursou coronel Mendes. <\/p>\n<p style=\"text-align: justify\"><source><img decoding=\"async\" alt=\"\" height=\"266\" src=\"https:\/\/www.secom.mt.gov.br\/documents\/d\/pm\/whatsapp-image-2024-11-22-at-19-55-45-jpeg?imageThumbnail=3\">      <\/source>  <\/p>\n<p style=\"text-align: justify\"><source><img decoding=\"async\" alt=\"\" height=\"266\" src=\"https:\/\/www.secom.mt.gov.br\/documents\/d\/pm\/whatsapp-image-2024-11-22-at-19-57-30-jpeg?imageThumbnail=3\">      <\/source>  <\/p>\n<p style=\"text-align: justify\"><source><img decoding=\"async\" alt=\"\" height=\"266\" src=\"https:\/\/www.secom.mt.gov.br\/documents\/d\/pm\/20241122_190114-jpg?imageThumbnail=3\">      <\/source>  <\/p>\n<p style=\"text-align: justify\"><source><img decoding=\"async\" alt=\"\" height=\"266\" src=\"https:\/\/www.secom.mt.gov.br\/documents\/d\/pm\/whatsapp-image-2024-11-22-at-19-58-37-jpeg?imageThumbnail=3\">      <\/source>  <\/p>\n<p id=\"infocoweb_fonte\" class=\"infocoweb_fonte\">Fonte: Governo MT \u2013 MT<\/p>\n<style>#infocoweb_cabecalho {\n        display: inline-block;\n        margin-top: -75px;\n        position: absolute;\n        right: 0;\n    }\n<\/style>\n<style><\/style>\n<\/div>\n<div id=\"infocoweb_rodape\" class=\"infocoweb_rodape\"><\/div>\n<\/div>\n<p>O post Delega\u00e7\u00e3o formada por policiais do 4\u00ba e 11\u00ba Comando Regional \u00e9 campe\u00e3 do Jogos Ol\u00edmpicos da PM apareceu primeiro em Portal MT.<\/p>\n<\/div>\n","protected":false},"excerpt":{"rendered":"<p>A Pol\u00edcia Militar de Mato Grosso encerrou, na noite desta sexta-feira (22.11), a 39\u00aa edi\u00e7\u00e3o<\/p>\n","protected":false},"author":2,"featured_media":36071,"comment_status":"registered_only","ping_status":"closed","sticky":false,"template":"","format":"standard","meta":{"footnotes":""},"categories":[7],"tags":[],"aioseo_notices":[],"_links":{"self":[{"href":"https:\/\/portalnewsgta.com.br\/index.php\/wp-json\/wp\/v2\/posts\/36070"}],"collection":[{"href":"https:\/\/portalnewsgta.com.br\/index.php\/wp-json\/wp\/v2\/posts"}],"about":[{"href":"https:\/\/portalnewsgta.com.br\/index.php\/wp-json\/wp\/v2\/types\/post"}],"author":[{"embeddable":true,"href":"https:\/\/portalnewsgta.com.br\/index.php\/wp-json\/wp\/v2\/users\/2"}],"replies":[{"embeddable":true,"href":"https:\/\/portalnewsgta.com.br\/index.php\/wp-json\/wp\/v2\/comments?post=36070"}],"version-history":[{"count":0,"href":"https:\/\/portalnewsgta.com.br\/index.php\/wp-json\/wp\/v2\/posts\/36070\/revisions"}],"wp:featuredmedia":[{"embeddable":true,"href":"https:\/\/portalnewsgta.com.br\/index.php\/wp-json\/wp\/v2\/media\/36071"}],"wp:attachment":[{"href":"https:\/\/portalnewsgta.com.br\/index.php\/wp-json\/wp\/v2\/media?parent=36070"}],"wp:term":[{"taxonomy":"category","embeddable":true,"href":"https:\/\/portalnewsgta.com.br\/index.php\/wp-json\/wp\/v2\/categories?post=36070"},{"taxonomy":"post_tag","embeddable":true,"href":"https:\/\/portalnewsgta.com.br\/index.php\/wp-json\/wp\/v2\/tags?post=36070"}],"curies":[{"name":"wp","href":"https:\/\/api.w.org\/{rel}","templated":true}]}}