{"id":35928,"date":"2024-11-21T21:44:20","date_gmt":"2024-11-22T00:44:20","guid":{"rendered":"https:\/\/portalnewsgta.com.br\/index.php\/2024\/11\/21\/ex-presidente-e-ex-vice-do-inter-sao-condenados-a-prisao-por-desvio-de-verbas-do-clube\/"},"modified":"2024-11-21T21:44:20","modified_gmt":"2024-11-22T00:44:20","slug":"ex-presidente-e-ex-vice-do-inter-sao-condenados-a-prisao-por-desvio-de-verbas-do-clube","status":"publish","type":"post","link":"https:\/\/portalnewsgta.com.br\/index.php\/2024\/11\/21\/ex-presidente-e-ex-vice-do-inter-sao-condenados-a-prisao-por-desvio-de-verbas-do-clube\/","title":{"rendered":"Ex-presidente e ex-vice do Inter s\u00e3o condenados \u00e0 pris\u00e3o por desvio de verbas do clube"},"content":{"rendered":"<p>CARLOS VILLELA<br \/>PORTO ALEGRE, RS (FOLHAPRESS) &#8211; Vitorio Piffero, ex-presidente do Internacional, e Pedro Affatato, ex-vice-presidente de finan\u00e7as, foram condenados nesta quinta-feira (21) \u00e0 pris\u00e3o por crimes de desvio de verbas da gest\u00e3o do clube entre 2015 e 2016. Segundo investiga\u00e7\u00f5es da Minist\u00e9rio P\u00fablico ga\u00facho, o valor desviado foi superior a R$ 13 milh\u00f5es.<\/p>\n<div class=\"dummyPub\">\u00a0<\/div>\n<p>A decis\u00e3o publicada pelo TJ-RS (Tribunal de Justi\u00e7a do Rio Grande do Sul) condenou Piffero a 12 anos e tr\u00eas meses de deten\u00e7\u00e3o, com pagamento de 135 sal\u00e1rios m\u00ednimos de multa pelos crimes de lavagem de dinheiro e estelionato.<\/p>\n<p>Pelos mesmos crimes e uma acusa\u00e7\u00e3o adicional de organiza\u00e7\u00e3o criminosa, Affatato foi condenado pela 2\u00aa Vara Estadual de Processo e Julgamento dos Crimes de Organiza\u00e7\u00e3o Criminosa e Lavagem de Dinheiro do TJ-RS a 76 anos, um m\u00eas e 15 dias de reclus\u00e3o e pagamento de 675 sal\u00e1rios m\u00ednimos.<\/p>\n<p>A defesa de Piffero diz que ele \u00e9 inocente e que n\u00e3o h\u00e1 provas suficientes para sua condena\u00e7\u00e3o. J\u00e1 a advogada de Affatato informou que vai recorrer da decis\u00e3o e se manifestar\u00e1 nos autos do processo. Ambos v\u00e3o recorrer da decis\u00e3o em liberdade.<\/p>\n<p>Segundo decis\u00e3o do juiz Ricardo Petry Andrade, as a\u00e7\u00f5es de Piffero causaram um preju\u00edzo de R$ 281.686 ao clube.<\/p>\n<p>A den\u00fancia do MP-RS aponta que as irregularidades envolvem a falsifica\u00e7\u00e3o de notas fiscais de ag\u00eancias de viagem por servi\u00e7os nunca prestados. Os valores eram pagos pelo clube e teriam sido revertidos em dinheiro aos dirigentes.<\/p>\n<p>As investiga\u00e7\u00f5es apontaram que os valores custearam a compra de um autom\u00f3vel de alto padr\u00e3o para Piffero e a estadia de Affatato no Copacabana Palace para passar o R\u00e9veillon no Rio de Janeiro, entre outros gastos.<\/p>\n<p>Essa \u00e9 a segunda condena\u00e7\u00e3o do ex-presidente e do ex-vice colorados no \u00e2mbito da opera\u00e7\u00e3o Rebote, deflagrada em 2018 para apurar desvios na segunda gest\u00e3o de Piffero, que presidiu o clube pela primeira vez entre 2007 e 2010.<\/p>\n<p>Os dirigentes viraram r\u00e9us em 2019, e a primeira condena\u00e7\u00e3o veio em mar\u00e7o deste ano. Piffero foi condenado a dez anos e seis meses de pris\u00e3o, e Affatato, a 19 anos e oito meses, no julgamento de suspeitas de desvios em obras que n\u00e3o foram executadas.<\/p>\n<p>A segunda gest\u00e3o de Piffero foi marcada pelo primeiro rebaixamento da hist\u00f3ria do Internacional para a S\u00e9rie B, em 2016. No ano seguinte, o conselho fiscal do Inter pediu a reprova\u00e7\u00e3o das contas da sua gest\u00e3o. Uma sindic\u00e2ncia externa, que foi estopim para a den\u00fancia criminal, encontrou ind\u00edcios de gastos de cerca de R$ 9 milh\u00f5es em obras nunca executadas no est\u00e1dio Beira-Rio. Procurada, a atual dire\u00e7\u00e3o do clube disse que n\u00e3o vai se manifestar no momento.<\/p>\n<p>Leia Tamb\u00e9m: <a href=\"https:\/\/www.noticiasaominuto.com.br\/esporte\/2229283\/veja-o-que-o-sao-paulo-precisa-fazer-para-se-garantir-na-libertadores-de-2025\" target=\"_blank\" rel=\"noopener\">Veja o que o S\u00e3o Paulo precisa fazer para se garantir na Libertadores de 2025<\/a><\/p>\n<p>Fonte: noticiasaominuto.com.br<\/p>\n","protected":false},"excerpt":{"rendered":"<p>CARLOS VILLELAPORTO ALEGRE, RS (FOLHAPRESS) &#8211; Vitorio Piffero, ex-presidente do Internacional, e Pedro Affatato, ex-vice-presidente<\/p>\n","protected":false},"author":0,"featured_media":35929,"comment_status":"open","ping_status":"open","sticky":false,"template":"","format":"standard","meta":{"footnotes":""},"categories":[4],"tags":[],"aioseo_notices":[],"_links":{"self":[{"href":"https:\/\/portalnewsgta.com.br\/index.php\/wp-json\/wp\/v2\/posts\/35928"}],"collection":[{"href":"https:\/\/portalnewsgta.com.br\/index.php\/wp-json\/wp\/v2\/posts"}],"about":[{"href":"https:\/\/portalnewsgta.com.br\/index.php\/wp-json\/wp\/v2\/types\/post"}],"replies":[{"embeddable":true,"href":"https:\/\/portalnewsgta.com.br\/index.php\/wp-json\/wp\/v2\/comments?post=35928"}],"version-history":[{"count":0,"href":"https:\/\/portalnewsgta.com.br\/index.php\/wp-json\/wp\/v2\/posts\/35928\/revisions"}],"wp:featuredmedia":[{"embeddable":true,"href":"https:\/\/portalnewsgta.com.br\/index.php\/wp-json\/wp\/v2\/media\/35929"}],"wp:attachment":[{"href":"https:\/\/portalnewsgta.com.br\/index.php\/wp-json\/wp\/v2\/media?parent=35928"}],"wp:term":[{"taxonomy":"category","embeddable":true,"href":"https:\/\/portalnewsgta.com.br\/index.php\/wp-json\/wp\/v2\/categories?post=35928"},{"taxonomy":"post_tag","embeddable":true,"href":"https:\/\/portalnewsgta.com.br\/index.php\/wp-json\/wp\/v2\/tags?post=35928"}],"curies":[{"name":"wp","href":"https:\/\/api.w.org\/{rel}","templated":true}]}}