{"id":35907,"date":"2024-11-21T19:42:46","date_gmt":"2024-11-21T22:42:46","guid":{"rendered":"https:\/\/portalnewsgta.com.br\/index.php\/2024\/11\/21\/diagnosticado-com-demencia-filme-conta-a-historia-mauricio-kubrusly\/"},"modified":"2024-11-21T19:42:46","modified_gmt":"2024-11-21T22:42:46","slug":"diagnosticado-com-demencia-filme-conta-a-historia-mauricio-kubrusly","status":"publish","type":"post","link":"https:\/\/portalnewsgta.com.br\/index.php\/2024\/11\/21\/diagnosticado-com-demencia-filme-conta-a-historia-mauricio-kubrusly\/","title":{"rendered":"Diagnosticado com dem\u00eancia, filme conta a hist\u00f3ria Maur\u00edcio Kubrusly"},"content":{"rendered":"<p>O document\u00e1rio Kubrusly: mist\u00e9rio sempre h\u00e1 de pintar por a\u00ed estreia nesta sexta-feira (22), na abertura da 11\u00aa Mostra de Cinema de Gostoso, no Rio Grande do Norte. A produ\u00e7\u00e3o, dirigida por Evelyn Kuriki e Caio Cavechini, acompanha a vida do jornalista Maur\u00edcio Kubrusly, hoje com 79 anos, diagnosticado com dem\u00eancia frontotemporal. Conhecido por seu trabalho no quadro Me leva, Brasil, do Fant\u00e1stico, Kubrusly redescobre sua trajet\u00f3ria no filme, que tamb\u00e9m explora sua rela\u00e7\u00e3o com a m\u00fasica, uma paix\u00e3o que a doen\u00e7a n\u00e3o apagou.<\/p>\n<div class=\"dummyPub\">\u00a0<\/div>\n<p>Entre cenas marcantes, o filme traz um encontro emocionante com Gilberto Gil, que relembra os textos cr\u00edticos de Kubrusly nos anos 1970, per\u00edodo em que o jornalista foi uma das vozes mais respeitadas da m\u00fasica brasileira. Diagn\u00f3stico e esquecimento, no entanto, tornam o momento agridoce: Kubrusly j\u00e1 n\u00e3o reconhece Gil nem se lembra de suas pr\u00f3prias palavras. Apesar disso, sua esposa, Beatriz Goulart, destaca que a m\u00fasica segue presente no cotidiano, com Kubrusly escolhendo trilhas sonoras di\u00e1rias como um \u201cDJ da casa\u201d.<\/p>\n<p>O document\u00e1rio tamb\u00e9m revisita momentos emblem\u00e1ticos de sua carreira, desde a irrever\u00eancia no in\u00edcio da televis\u00e3o, em reportagens como a pe\u00e7a Ubu Rei, at\u00e9 hist\u00f3rias inusitadas no Me leva, Brasil, como o relato do homem que levantou do caix\u00e3o em Alagoas. Segundo Evelyn Kuriki, o jornalista era \u201cobsessivo pela informa\u00e7\u00e3o\u201d e sua linguagem \u00fanica fazia de cada reportagem um acontecimento.<\/p>\n<p>Al\u00e9m do filme, a hist\u00f3ria de Kubrusly ganhar\u00e1 as p\u00e1ginas de um livro em 2025. A obra, escrita por Alberto Villas, trar\u00e1 uma mistura de biografia e mem\u00f3rias divertidas, destacando epis\u00f3dios curiosos da vida do rep\u00f3rter, como sua paix\u00e3o por m\u00fasica e o jeito irreverente de lidar com a profiss\u00e3o. O autor revela como a mem\u00f3ria do jornalista foi se apagando, mas sem perder o humor que marcou sua trajet\u00f3ria.<\/p>\n<p>Os diretores esperam que o document\u00e1rio inspire fam\u00edlias que lidam com doen\u00e7as como a dem\u00eancia, mostrando a import\u00e2ncia de oferecer uma rotina rica em cultura e afeto. Beatriz, que cuida de Kubrusly, tenta preencher seus dias com beleza e arte, uma abordagem que pode servir de exemplo para cuidadores em situa\u00e7\u00f5es semelhantes. O filme estar\u00e1 dispon\u00edvel no Globoplay a partir de 4 de dezembro.<\/p>\n<p>Leia Tamb\u00e9m: <a href=\"https:\/\/www.noticiasaominuto.com.br\/celebridades\/2229300\/lucy-ramos-anuncia-primeira-gravidez-com-thiago-luciano\" target=\"_blank\" rel=\"noopener\">Lucy Ramos anuncia primeira gravidez com Thiago Luciano<\/a><\/p>\n<p>Fonte: noticiasaominuto.com.br<\/p>\n","protected":false},"excerpt":{"rendered":"<p>O document\u00e1rio Kubrusly: mist\u00e9rio sempre h\u00e1 de pintar por a\u00ed estreia nesta sexta-feira (22), na<\/p>\n","protected":false},"author":0,"featured_media":35908,"comment_status":"open","ping_status":"open","sticky":false,"template":"","format":"standard","meta":{"footnotes":""},"categories":[6],"tags":[],"aioseo_notices":[],"_links":{"self":[{"href":"https:\/\/portalnewsgta.com.br\/index.php\/wp-json\/wp\/v2\/posts\/35907"}],"collection":[{"href":"https:\/\/portalnewsgta.com.br\/index.php\/wp-json\/wp\/v2\/posts"}],"about":[{"href":"https:\/\/portalnewsgta.com.br\/index.php\/wp-json\/wp\/v2\/types\/post"}],"replies":[{"embeddable":true,"href":"https:\/\/portalnewsgta.com.br\/index.php\/wp-json\/wp\/v2\/comments?post=35907"}],"version-history":[{"count":0,"href":"https:\/\/portalnewsgta.com.br\/index.php\/wp-json\/wp\/v2\/posts\/35907\/revisions"}],"wp:featuredmedia":[{"embeddable":true,"href":"https:\/\/portalnewsgta.com.br\/index.php\/wp-json\/wp\/v2\/media\/35908"}],"wp:attachment":[{"href":"https:\/\/portalnewsgta.com.br\/index.php\/wp-json\/wp\/v2\/media?parent=35907"}],"wp:term":[{"taxonomy":"category","embeddable":true,"href":"https:\/\/portalnewsgta.com.br\/index.php\/wp-json\/wp\/v2\/categories?post=35907"},{"taxonomy":"post_tag","embeddable":true,"href":"https:\/\/portalnewsgta.com.br\/index.php\/wp-json\/wp\/v2\/tags?post=35907"}],"curies":[{"name":"wp","href":"https:\/\/api.w.org\/{rel}","templated":true}]}}