{"id":35903,"date":"2024-11-21T19:00:51","date_gmt":"2024-11-21T22:00:51","guid":{"rendered":"https:\/\/portalnewsgta.com.br\/index.php\/2024\/11\/21\/policia-civil-prende-homem-foragido-da-justica-do-estado-de-minas-gerais\/"},"modified":"2024-11-21T19:00:51","modified_gmt":"2024-11-21T22:00:51","slug":"policia-civil-prende-homem-foragido-da-justica-do-estado-de-minas-gerais","status":"publish","type":"post","link":"https:\/\/portalnewsgta.com.br\/index.php\/2024\/11\/21\/policia-civil-prende-homem-foragido-da-justica-do-estado-de-minas-gerais\/","title":{"rendered":"Pol\u00edcia Civil prende homem foragido da Justi\u00e7a do Estado de Minas Gerais"},"content":{"rendered":"<div>\n<div id=\"infocoweb\" data-uuid=\"66796e78-ecf5-4558-b165-562994e17ca0\" class=\"infocoweb infocoweb_canal_61\">\n<div id=\"infocoweb_cabecalho\" class=\"infocoweb_cabecalho\"><\/div>\n<div id=\"infocoweb_corpo\" class=\"infocoweb_corpo\"><span class=\"ifn_post_add_feature_image_to_the_top\"><\/span><\/p>\n<p align=\"justify\">A Pol\u00edcia Civil de Mato Grosso, por meio da Delegacia de Guarant\u00e3 do Norte, prendeu, nesta quinta-feira (21.11), um homem com mandado de pris\u00e3o expedido pela Justi\u00e7a do Estado de Minas Gerais.<\/p>\n<p align=\"justify\">O foragido vinha sendo procurado pelo crime de tr\u00e1fico de drogas, ap\u00f3s ser preso na cidade de Uberl\u00e2ndia (MG) com entorpecentes trazido do Paraguai.<\/p>\n<p>Na \u00e9poca dos fatos ele foi preso em flagrante, mas foi colocado em liberdade condicional mediante uso de tornozeleira eletr\u00f4nica.<\/p>\n<p>No entanto, o homem rompeu o equipamento e fugiu. Diante da conduta, ele  acabou tendo a pris\u00e3o decretada pelo rompimento de tornozeleira eletr\u00f4nica e pelo tr\u00e1fico de drogas.<\/p>\n<p>Ao ser localizado pelos policiais civis em Guarant\u00e3 do Norte, ele foi conduzido para as provid\u00eancias cab\u00edveis e colocado \u00e0 disposi\u00e7\u00e3o da Justi\u00e7a.<\/p>\n<p id=\"infocoweb_fonte\" class=\"infocoweb_fonte\">Fonte: Governo MT \u2013 MT<\/p>\n<style>#infocoweb_cabecalho {\n        display: inline-block;\n        margin-top: -75px;\n        position: absolute;\n        right: 0;\n    }\n<\/style>\n<style><\/style>\n<\/div>\n<div id=\"infocoweb_rodape\" class=\"infocoweb_rodape\"><\/div>\n<\/div>\n<p>O post Pol\u00edcia Civil prende homem foragido da Justi\u00e7a do Estado de Minas Gerais apareceu primeiro em Portal MT.<\/p>\n<\/div>\n","protected":false},"excerpt":{"rendered":"<p>A Pol\u00edcia Civil de Mato Grosso, por meio da Delegacia de Guarant\u00e3 do Norte, prendeu,<\/p>\n","protected":false},"author":2,"featured_media":35904,"comment_status":"registered_only","ping_status":"closed","sticky":false,"template":"","format":"standard","meta":{"footnotes":""},"categories":[7],"tags":[],"aioseo_notices":[],"_links":{"self":[{"href":"https:\/\/portalnewsgta.com.br\/index.php\/wp-json\/wp\/v2\/posts\/35903"}],"collection":[{"href":"https:\/\/portalnewsgta.com.br\/index.php\/wp-json\/wp\/v2\/posts"}],"about":[{"href":"https:\/\/portalnewsgta.com.br\/index.php\/wp-json\/wp\/v2\/types\/post"}],"author":[{"embeddable":true,"href":"https:\/\/portalnewsgta.com.br\/index.php\/wp-json\/wp\/v2\/users\/2"}],"replies":[{"embeddable":true,"href":"https:\/\/portalnewsgta.com.br\/index.php\/wp-json\/wp\/v2\/comments?post=35903"}],"version-history":[{"count":0,"href":"https:\/\/portalnewsgta.com.br\/index.php\/wp-json\/wp\/v2\/posts\/35903\/revisions"}],"wp:featuredmedia":[{"embeddable":true,"href":"https:\/\/portalnewsgta.com.br\/index.php\/wp-json\/wp\/v2\/media\/35904"}],"wp:attachment":[{"href":"https:\/\/portalnewsgta.com.br\/index.php\/wp-json\/wp\/v2\/media?parent=35903"}],"wp:term":[{"taxonomy":"category","embeddable":true,"href":"https:\/\/portalnewsgta.com.br\/index.php\/wp-json\/wp\/v2\/categories?post=35903"},{"taxonomy":"post_tag","embeddable":true,"href":"https:\/\/portalnewsgta.com.br\/index.php\/wp-json\/wp\/v2\/tags?post=35903"}],"curies":[{"name":"wp","href":"https:\/\/api.w.org\/{rel}","templated":true}]}}