{"id":35885,"date":"2024-11-21T18:00:18","date_gmt":"2024-11-21T21:00:18","guid":{"rendered":"https:\/\/portalnewsgta.com.br\/index.php\/2024\/11\/21\/seciteci-realiza-3o-edicao-da-mostra-estadual-das-escolas-tecnicas-a-partir-desta-quinta-feira-21\/"},"modified":"2024-11-21T18:00:18","modified_gmt":"2024-11-21T21:00:18","slug":"seciteci-realiza-3o-edicao-da-mostra-estadual-das-escolas-tecnicas-a-partir-desta-quinta-feira-21","status":"publish","type":"post","link":"https:\/\/portalnewsgta.com.br\/index.php\/2024\/11\/21\/seciteci-realiza-3o-edicao-da-mostra-estadual-das-escolas-tecnicas-a-partir-desta-quinta-feira-21\/","title":{"rendered":"Seciteci realiza 3\u00ba edi\u00e7\u00e3o da Mostra Estadual das Escolas T\u00e9cnicas a partir desta quinta-feira (21)"},"content":{"rendered":"<div>\n<div id=\"infocoweb\" data-uuid=\"183bbf86-ba72-43ed-9a21-89c0d31a0a82\" class=\"infocoweb infocoweb_canal_61\">\n<div id=\"infocoweb_cabecalho\" class=\"infocoweb_cabecalho\"><\/div>\n<div id=\"infocoweb_corpo\" class=\"infocoweb_corpo\"><span class=\"ifn_post_add_feature_image_to_the_top\"><\/span><\/p>\n<p style=\"text-align:justify\"><span style=\"font-size:11pt\"><span style=\"line-height:115%\"><span style=\"font-family:Arial,sans-serif\"><span style=\"font-size:13.5pt\"><span style=\"line-height:115%\"><span style='font-family:\"Calibri\",sans-serif'>A Secretaria de Estado de Ci\u00eancia, Tecnologia e Inova\u00e7\u00e3o (Seciteci) promove, entre 21 de novembro e 6 de dezembro, a 3\u00aa Mostra Estadual das Escolas T\u00e9cnicas de Mato Grosso (MEET). O evento gratuito ser\u00e1 aberto ao p\u00fablico em geral e ocorrer\u00e1 em dez munic\u00edpios simultaneamente. <\/span><\/span><\/span><\/span><\/span><\/span><\/p>\n<p style=\"text-align:justify\"><span style=\"font-size:11pt\"><span style=\"line-height:115%\"><span style=\"font-family:Arial,sans-serif\"><span style=\"font-size:13.5pt\"><span style=\"line-height:115%\"><span style='font-family:\"Calibri\",sans-serif'>A MEET \u00e9 uma iniciativa do Governo de Mato Grosso, por meio da Seciteci, visando estimular a criatividade e inova\u00e7\u00e3o dos alunos da Educa\u00e7\u00e3o Profissional e Tecnol\u00f3gica, capacitando-os para desenvolver solu\u00e7\u00f5es para desafios contempor\u00e2neos. Tamb\u00e9m tem objetivo de integrar tecnologia e sustentabilidade para cria\u00e7\u00e3o de abordagens que beneficiem as diferentes regi\u00f5es.<\/span><\/span><\/span><\/span><\/span><\/span><\/p>\n<p style=\"text-align:justify\"><span style=\"font-size:11pt\"><span style=\"line-height:115%\"><span style=\"font-family:Arial,sans-serif\"><span style=\"font-size:13.5pt\"><span style=\"line-height:115%\"><span style='font-family:\"Calibri\",sans-serif'>O tema da atual edi\u00e7\u00e3o de MEET \u00e9 \u201cInova\u00e7\u00f5es Sustent\u00e1veis: Tecnologia a Servi\u00e7o do Planeta\u201d. A organiza\u00e7\u00e3o espera inspirar projetos e pr\u00e1ticas profissionais que colaborem com a diminui\u00e7\u00e3o de impactos socioambientais e promovam o desenvolvimento sustent\u00e1vel.<\/span><\/span><\/span><\/span><\/span><\/span><\/p>\n<p style=\"text-align:justify\"><span style=\"font-size:11pt\"><span style=\"line-height:115%\"><span style=\"font-family:Arial,sans-serif\"><span style=\"font-size:13.5pt\"><span style=\"line-height:115%\"><span style='font-family:\"Calibri\",sans-serif'>Os trabalhos ser\u00e3o categorizados como projetos de extens\u00e3o, cient\u00edficos ou de ensino e ser\u00e3o divididos em tr\u00eas \u00e1reas: Ci\u00eancias Ambientais e Agr\u00e1rias, Engenharias e Design e Sa\u00fade e Bem-estar. Ser\u00e3o apresentados em formato oral, banner, produtos ou prot\u00f3tipos.<\/span><\/span><\/span><\/span><\/span><\/span><\/p>\n<p style=\"text-align:justify\"><span style=\"font-size:11pt\"><span style=\"line-height:115%\"><span style=\"font-family:Arial,sans-serif\"><span style=\"font-size:13.5pt\"><span style=\"line-height:115%\"><span style='font-family:\"Calibri\",sans-serif'>As bancas avaliadoras, formadas por profissionais do mercado de trabalho e professores, ir\u00e3o atribuir uma nota baseada em dois crit\u00e9rios: Comunica\u00e7\u00e3o Cient\u00edfica e Divulga\u00e7\u00e3o Cient\u00edfica. A publica\u00e7\u00e3o do resultado ser\u00e1 divulgada em 10 de dezembro e os participantes contar\u00e3o com certificado.<\/span><\/span><\/span><\/span><\/span><\/span><\/p>\n<p style=\"text-align:justify\"><span style=\"font-size:11pt\"><span style=\"line-height:115%\"><span style=\"font-family:Arial,sans-serif\"><span style=\"font-size:13.5pt\"><span style=\"line-height:115%\"><span style='font-family:\"Calibri\",sans-serif'>Al\u00e9m da participa\u00e7\u00e3o interna de estudantes e professores, a MEET possibilita ao p\u00fablico externo observar o desenvolvimento acad\u00eamico e criativo dos alunos. Tamb\u00e9m \u00e9 uma oportunidade de profissionais do setor empresarial conhecerem novas ideias e talentos emergentes locais.<\/span><\/span><\/span><\/span><\/span><\/span><\/p>\n<p style=\"text-align:justify\"><span style=\"font-size:11pt\"><span style=\"line-height:115%\"><span style=\"font-family:Arial,sans-serif\"><span style=\"font-size:13.5pt\"><span style=\"line-height:115%\"><span style='font-family:\"Calibri\",sans-serif'>Elinez Rocha, da Coordenadoria de Educa\u00e7\u00e3o Profissional da Seciteci, afirma que a MEET atua como uma valoriza\u00e7\u00e3o dos trabalhos desenvolvidos ao longo do ano pelos alunos e professores. <\/span><\/span><\/span><\/span><\/span><\/span><\/p>\n<p style=\"text-align:justify\"><span style=\"font-size:11pt\"><span style=\"line-height:115%\"><span style=\"font-family:Arial,sans-serif\"><span style=\"font-size:13.5pt\"><span style=\"line-height:115%\"><span style='font-family:\"Calibri\",sans-serif'>\u201c\u00c9 uma oportunidade de aplicar o conhecimento, desenvolver trabalhos em equipe e gerar novas compet\u00eancias. Por exemplo, nossos alunos est\u00e3o produzindo pequenos v\u00eddeos para publicar no TikTok e no Youtube. Al\u00e9m do conhecimento envolvido no trabalho, isso acaba desenvolvendo habilidades de comunica\u00e7\u00e3o digital bastante exigidas no mercado atual\u201d.<\/span><\/span><\/span><\/span><\/span><\/span><\/p>\n<p style=\"text-align:justify\"><span style=\"font-size:11pt\"><span style=\"line-height:115%\"><span style=\"font-family:Arial,sans-serif\"><span style=\"font-size:13.5pt\"><span style=\"line-height:115%\"><span style='font-family:\"Calibri\",sans-serif'>Mato Grosso conta com 17 Escolas T\u00e9cnicas Estaduais. Confira as cidades onde o evento ser\u00e1 aberto ao p\u00fablico:<\/span><\/span><\/span><\/span><\/span><\/span><\/p>\n<p style=\"text-align:justify\"><span style=\"font-size:11pt\"><span style=\"line-height:115%\"><span style=\"font-family:Arial,sans-serif\"><b><span style=\"font-size:13.5pt\"><span style=\"line-height:115%\"><span style='font-family:\"Calibri\",sans-serif'><\/span><\/span><\/span><\/b><\/span><\/span><\/span><span style=\"font-size:11pt\"><span style=\"line-height:115%\"><span style=\"font-family:Arial,sans-serif\"><span style=\"font-size:13.5pt\"><span style=\"line-height:115%\"><span style='font-family:\"Calibri\",sans-serif'>ETEC Tangar\u00e1 da Serra<\/span><\/span><\/span><span style=\"font-size:13.5pt\"><span style=\"line-height:115%\"><span style='font-family:\"Calibri\",sans-serif'> \u2013 21\/11\/2024 das 19:00 \u00e0s 22:00<\/span><\/span><\/span><\/span><\/span><\/span><\/p>\n<p><span style=\"font-size:11pt\"><span style=\"line-height:115%\"><span style=\"font-family:Arial,sans-serif\"><span style=\"font-size:13.5pt\"><span style=\"line-height:115%\"><span style='font-family:\"Calibri\",sans-serif'>Endere\u00e7o:<\/span><\/span><\/span><span style=\"font-size:13.5pt\"><span style=\"line-height:115%\"><span style='font-family:\"Calibri\",sans-serif'> Rua S\u00e3o Paulo, n\u00b0 801 \u2013 E, bairro Jardim Goi\u00e1s, Tangar\u00e1 da Serra<\/span><\/span><\/span><\/span><\/span><\/span><\/p>\n<p><span style=\"font-size:11pt\"><span style=\"line-height:115%\"><span style=\"font-family:Arial,sans-serif\"><span style=\"font-size:13.5pt\"><span style=\"line-height:115%\"><span style='font-family:\"Calibri\",sans-serif'><\/span><\/span><\/span><\/span><\/span><\/span><\/p>\n<p><span style=\"font-size:11pt\"><span style=\"line-height:115%\"><span style=\"font-family:Arial,sans-serif\"><span style=\"font-size:13.5pt\"><span style=\"line-height:115%\"><span style='font-family:\"Calibri\",sans-serif'>ETEC \u00c1gua Boa <\/span><\/span><\/span><span style=\"font-size:13.5pt\"><span style=\"line-height:115%\"><span style='font-family:\"Calibri\",sans-serif'>\u2013 21\/11\/24 das 19 \u00e0s 22hs<\/span><\/span><\/span><\/span><\/span><\/span><\/p>\n<p><span style=\"font-size:11pt\"><span style=\"line-height:115%\"><span style=\"font-family:Arial,sans-serif\"><span style=\"font-size:13.5pt\"><span style=\"line-height:115%\"><span style='font-family:\"Calibri\",sans-serif'>Endere\u00e7o: <\/span><\/span><\/span><span style=\"font-size:13.5pt\"><span style=\"line-height:115%\"><span style='font-family:\"Calibri\",sans-serif'>Av. Planalto, n.\u00ba 3715, Bairro Universit\u00e1rio,  \u00c1gua Boa<\/span><\/span><\/span><\/span><\/span><\/span><\/p>\n<p><span style=\"font-size:11pt\"><span style=\"line-height:115%\"><span style=\"font-family:Arial,sans-serif\"><span style=\"font-size:13.5pt\"><span style=\"line-height:115%\"><span style='font-family:\"Calibri\",sans-serif'><\/span><\/span><\/span><\/span><\/span><\/span><\/p>\n<p><span style=\"font-size:11pt\"><span style=\"line-height:115%\"><span style=\"font-family:Arial,sans-serif\"><span style=\"font-size:13.5pt\"><span style=\"line-height:115%\"><span style='font-family:\"Calibri\",sans-serif'>ETEC Primavera do Leste <\/span><\/span><\/span><span style=\"font-size:13.5pt\"><span style=\"line-height:115%\"><span style='font-family:\"Calibri\",sans-serif'>\u2013 25\/11\/24 das 08 \u00e0s 22hs<\/span><\/span><\/span><\/span><\/span><\/span><\/p>\n<p><span style=\"font-size:11pt\"><span style=\"line-height:115%\"><span style=\"font-family:Arial,sans-serif\"><span style=\"font-size:13.5pt\"><span style=\"line-height:115%\"><span style='font-family:\"Calibri\",sans-serif'>Endere\u00e7o: <\/span><\/span><\/span><span style=\"font-size:13.5pt\"><span style=\"line-height:115%\"><span style='font-family:\"Calibri\",sans-serif'>Rua da Cohab, n\u00ba 175, bairro Conjunto Habitacional Cohab Tancredo Neves, Primavera do Leste <\/span><\/span><\/span><\/span><\/span><\/span><\/p>\n<p><span style=\"font-size:11pt\"><span style=\"line-height:115%\"><span style=\"font-family:Arial,sans-serif\"><span style=\"font-size:13.5pt\"><span style=\"line-height:115%\"><span style='font-family:\"Calibri\",sans-serif'><\/span><\/span><\/span><\/span><\/span><\/span><\/p>\n<p><span style=\"font-size:11pt\"><span style=\"line-height:115%\"><span style=\"font-family:Arial,sans-serif\"><span style=\"font-size:13.5pt\"><span style=\"line-height:115%\"><span style='font-family:\"Calibri\",sans-serif'>ETEC Poxor\u00e9u <\/span><\/span><\/span><span style=\"font-size:13.5pt\"><span style=\"line-height:115%\"><span style='font-family:\"Calibri\",sans-serif'>\u2013 27\/11\/2024 das 07 \u00e0s 17:00<\/span><\/span><\/span><\/span><\/span><\/span><\/p>\n<p><span style=\"font-size:11pt\"><span style=\"line-height:115%\"><span style=\"font-family:Arial,sans-serif\"><span style=\"font-size:13.5pt\"><span style=\"line-height:115%\"><span style='font-family:\"Calibri\",sans-serif'>Endere\u00e7o:<\/span><\/span><\/span><span style=\"font-size:13.5pt\"><span style=\"line-height:115%\"><span style='font-family:\"Calibri\",sans-serif'> MT \u2013 260, KM 05, Zona Rural, Poxor\u00e9u <\/span><\/span><\/span><\/span><\/span><\/span><\/p>\n<p><span style=\"font-size:11pt\"><span style=\"line-height:115%\"><span style=\"font-family:Arial,sans-serif\"><span style=\"font-size:13.5pt\"><span style=\"line-height:115%\"><span style='font-family:\"Calibri\",sans-serif'><\/span><\/span><\/span><\/span><\/span><\/span><\/p>\n<p><span style=\"font-size:11pt\"><span style=\"line-height:115%\"><span style=\"font-family:Arial,sans-serif\"><span style=\"font-size:13.5pt\"><span style=\"line-height:115%\"><span style='font-family:\"Calibri\",sans-serif'>ETEC C\u00e1ceres <\/span><\/span><\/span><span style=\"font-size:13.5pt\"><span style=\"line-height:115%\"><span style='font-family:\"Calibri\",sans-serif'>\u2013 28\/11\/2024 das 07 \u00e0s 22:00<\/span><\/span><\/span><\/span><\/span><\/span><\/p>\n<p><span style=\"font-size:11pt\"><span style=\"line-height:115%\"><span style=\"font-family:Arial,sans-serif\"><span style=\"font-size:13.5pt\"><span style=\"line-height:115%\"><span style='font-family:\"Calibri\",sans-serif'>Endere\u00e7o: <\/span><\/span><\/span><span style=\"font-size:13.5pt\"><span style=\"line-height:115%\"><span style='font-family:\"Calibri\",sans-serif'>Av. Get\u00falio Vargas, s\/n\u00ba, bairro COC, C\u00e1ceres<\/span><\/span><\/span><\/span><\/span><\/span><\/p>\n<p><span style=\"font-size:11pt\"><span style=\"line-height:115%\"><span style=\"font-family:Arial,sans-serif\"><span style=\"font-size:13.5pt\"><span style=\"line-height:115%\"><span style='font-family:\"Calibri\",sans-serif'><\/span><\/span><\/span><\/span><\/span><\/span><\/p>\n<p><span style=\"font-size:11pt\"><span style=\"line-height:115%\"><span style=\"font-family:Arial,sans-serif\"><span style=\"font-size:13.5pt\"><span style=\"line-height:115%\"><span style='font-family:\"Calibri\",sans-serif'>ETEC Cuiab\u00e1<\/span><\/span><\/span><span style=\"font-size:13.5pt\"><span style=\"line-height:115%\"><span style='font-family:\"Calibri\",sans-serif'> \u2013 29\/11\/2024 das 19:00 \u00e0s 22:00<\/span><\/span><\/span><\/span><\/span><\/span><\/p>\n<p><span style=\"font-size:11pt\"><span style=\"line-height:115%\"><span style=\"font-family:Arial,sans-serif\"><span style=\"font-size:13.5pt\"><span style=\"line-height:115%\"><span style='font-family:\"Calibri\",sans-serif'>Endere\u00e7o: <\/span><\/span><\/span><span style=\"font-size:13.5pt\"><span style=\"line-height:115%\"><span style='font-family:\"Calibri\",sans-serif'>Av. Gon\u00e7alo Antunes de Barros \u2013 Carumb\u00e9, Cuiab\u00e1<\/span><\/span><\/span><\/span><\/span><\/span><\/p>\n<p><span style=\"font-size:11pt\"><span style=\"line-height:115%\"><span style=\"font-family:Arial,sans-serif\"><span style=\"font-size:13.5pt\"><span style=\"line-height:115%\"><span style='font-family:\"Calibri\",sans-serif'><\/span><\/span><\/span><\/span><\/span><\/span><\/p>\n<p><span style=\"font-size:11pt\"><span style=\"line-height:115%\"><span style=\"font-family:Arial,sans-serif\"><span style=\"font-size:13.5pt\"><span style=\"line-height:115%\"><span style='font-family:\"Calibri\",sans-serif'>ETEC Campo Verde \u2013 <\/span><\/span><\/span><span style=\"font-size:13.5pt\"><span style=\"line-height:115%\"><span style='font-family:\"Calibri\",sans-serif'>29\/11\/2024 das 19:00 \u00e0s 22:00<\/span><\/span><\/span><\/span><\/span><\/span><\/p>\n<p><span style=\"font-size:11pt\"><span style=\"line-height:115%\"><span style=\"font-family:Arial,sans-serif\"><span style=\"font-size:13.5pt\"><span style=\"line-height:115%\"><span style='font-family:\"Calibri\",sans-serif'>Endere\u00e7o: <\/span><\/span><\/span><span style=\"font-size:13.5pt\"><span style=\"line-height:115%\"><span style='font-family:\"Calibri\",sans-serif'>Avenida Izidoro Luiz Gentilin, n\u00ba 585, Belvedere (ao lado do IFMT) Campo Verde <\/span><\/span><\/span><\/span><\/span><\/span><\/p>\n<p><span style=\"font-size:11pt\"><span style=\"line-height:115%\"><span style=\"font-family:Arial,sans-serif\"><span style=\"font-size:13.5pt\"><span style=\"line-height:115%\"><span style='font-family:\"Calibri\",sans-serif'><\/span><\/span><\/span><\/span><\/span><\/span><\/p>\n<p><span style=\"font-size:11pt\"><span style=\"line-height:115%\"><span style=\"font-family:Arial,sans-serif\"><span style=\"font-size:13.5pt\"><span style=\"line-height:115%\"><span style='font-family:\"Calibri\",sans-serif'>ETEC Matup\u00e1 <\/span><\/span><\/span><span style=\"font-size:13.5pt\"><span style=\"line-height:115%\"><span style='font-family:\"Calibri\",sans-serif'>\u2013 02\/12\/2024 das 19 \u00e0s 22hs<\/span><\/span><\/span><\/span><\/span><\/span><\/p>\n<p><span style=\"font-size:11pt\"><span style=\"line-height:115%\"><span style=\"font-family:Arial,sans-serif\"><span style=\"font-size:13.5pt\"><span style=\"line-height:115%\"><span style='font-family:\"Calibri\",sans-serif'>Endere\u00e7o: <\/span><\/span><\/span><span style=\"font-size:13.5pt\"><span style=\"line-height:115%\"><span style='font-family:\"Calibri\",sans-serif'>Av. Central Direita, s\/n\u00ba, Bairro Zona Especial 006, Matup\u00e1<\/span><\/span><\/span><\/span><\/span><\/span><\/p>\n<p><span style=\"font-size:11pt\"><span style=\"line-height:115%\"><span style=\"font-family:Arial,sans-serif\"><span style=\"font-size:13.5pt\"><span style=\"line-height:115%\"><span style='font-family:\"Calibri\",sans-serif'><\/span><\/span><\/span><\/span><\/span><\/span><\/p>\n<p><span style=\"font-size:11pt\"><span style=\"line-height:115%\"><span style=\"font-family:Arial,sans-serif\"><span style=\"font-size:13.5pt\"><span style=\"line-height:115%\"><span style='font-family:\"Calibri\",sans-serif'>ETEC Barra do Gar\u00e7as <\/span><\/span><\/span><span style=\"font-size:13.5pt\"><span style=\"line-height:115%\"><span style='font-family:\"Calibri\",sans-serif'>\u2013 04\/12\/2024 das 19 \u00e0s 22hs<\/span><\/span><\/span><\/span><\/span><\/span><\/p>\n<p><span style=\"font-size:11pt\"><span style=\"line-height:115%\"><span style=\"font-family:Arial,sans-serif\"><span style=\"font-size:13.5pt\"><span style=\"line-height:115%\"><span style='font-family:\"Calibri\",sans-serif'>Endere\u00e7o:<\/span><\/span><\/span><span style=\"font-size:13.5pt\"><span style=\"line-height:115%\"><span style='font-family:\"Calibri\",sans-serif'> Rua Xavante, s\/n\u00ba, Setor Sul II, C Barra do Gar\u00e7as <\/span><\/span><\/span><\/span><\/span><\/span><\/p>\n<p><span style=\"font-size:11pt\"><span style=\"line-height:115%\"><span style=\"font-family:Arial,sans-serif\"><span style=\"font-size:13.5pt\"><span style=\"line-height:115%\"><span style='font-family:\"Calibri\",sans-serif'><\/span><\/span><\/span><\/span><\/span><\/span><\/p>\n<p><span style=\"font-size:11pt\"><span style=\"line-height:115%\"><span style=\"font-family:Arial,sans-serif\"><span style=\"font-size:13.5pt\"><span style=\"line-height:115%\"><span style='font-family:\"Calibri\",sans-serif'>ETEC Lucas do Rio Verde<\/span><\/span><\/span><span style=\"font-size:13.5pt\"><span style=\"line-height:115%\"><span style='font-family:\"Calibri\",sans-serif'> \u2013 06\/12\/2024 \u2013 das 19:00 \u00e0s 22:00<\/span><\/span><\/span><\/span><\/span><\/span><\/p>\n<p><span style=\"font-size:11pt\"><span style=\"line-height:115%\"><span style=\"font-family:Arial,sans-serif\"><span style=\"font-size:13.5pt\"><span style=\"line-height:115%\"><span style='font-family:\"Calibri\",sans-serif'>Endere\u00e7o:<\/span><\/span><\/span><b><span style=\"font-size:13.5pt\"><span style=\"line-height:115%\"><span style='font-family:\"Calibri\",sans-serif'> <\/span><\/span><\/span><\/b><span style=\"font-size:13.5pt\"><span style=\"line-height:115%\"><span style='font-family:\"Calibri\",sans-serif'>Av. Santa Catarina 1217 E, bairro Cidade Nova, Lucas do Rio Verde<\/span><\/span><\/span><\/span><\/span><\/span><\/p>\n<p><span style=\"font-size:11pt\"><span style=\"line-height:115%\"><span style=\"font-family:Arial,sans-serif\"><span style=\"font-size:13.5pt\"><span style=\"line-height:115%\"><span style='font-family:\"Calibri\",sans-serif'><\/span><\/span><\/span><\/span><\/span><\/span><\/p>\n<p><span style=\"font-size:11pt\"><span style=\"line-height:115%\"><span style=\"font-family:Arial,sans-serif\"><i><span style=\"font-size:13.5pt\"><span style=\"line-height:115%\"><span style='font-family:\"Calibri\",sans-serif'>*Sob supervis\u00e3o de T\u00e9o Meneses<\/span><\/span><\/span><\/i><\/span><\/span><\/span><\/p>\n<p id=\"infocoweb_fonte\" class=\"infocoweb_fonte\">Fonte: Governo MT \u2013 MT<\/p>\n<style>#infocoweb_cabecalho {\n        display: inline-block;\n        margin-top: -75px;\n        position: absolute;\n        right: 0;\n    }\n<\/style>\n<style><\/style>\n<\/div>\n<div id=\"infocoweb_rodape\" class=\"infocoweb_rodape\"><\/div>\n<\/div>\n<p>O post Seciteci realiza 3\u00ba edi\u00e7\u00e3o da Mostra Estadual das Escolas T\u00e9cnicas a partir desta quinta-feira (21) apareceu primeiro em Portal MT.<\/p>\n<\/div>\n","protected":false},"excerpt":{"rendered":"<p>A Secretaria de Estado de Ci\u00eancia, Tecnologia e Inova\u00e7\u00e3o (Seciteci) promove, entre 21 de novembro<\/p>\n","protected":false},"author":2,"featured_media":35886,"comment_status":"registered_only","ping_status":"closed","sticky":false,"template":"","format":"standard","meta":{"footnotes":""},"categories":[7],"tags":[],"aioseo_notices":[],"_links":{"self":[{"href":"https:\/\/portalnewsgta.com.br\/index.php\/wp-json\/wp\/v2\/posts\/35885"}],"collection":[{"href":"https:\/\/portalnewsgta.com.br\/index.php\/wp-json\/wp\/v2\/posts"}],"about":[{"href":"https:\/\/portalnewsgta.com.br\/index.php\/wp-json\/wp\/v2\/types\/post"}],"author":[{"embeddable":true,"href":"https:\/\/portalnewsgta.com.br\/index.php\/wp-json\/wp\/v2\/users\/2"}],"replies":[{"embeddable":true,"href":"https:\/\/portalnewsgta.com.br\/index.php\/wp-json\/wp\/v2\/comments?post=35885"}],"version-history":[{"count":0,"href":"https:\/\/portalnewsgta.com.br\/index.php\/wp-json\/wp\/v2\/posts\/35885\/revisions"}],"wp:featuredmedia":[{"embeddable":true,"href":"https:\/\/portalnewsgta.com.br\/index.php\/wp-json\/wp\/v2\/media\/35886"}],"wp:attachment":[{"href":"https:\/\/portalnewsgta.com.br\/index.php\/wp-json\/wp\/v2\/media?parent=35885"}],"wp:term":[{"taxonomy":"category","embeddable":true,"href":"https:\/\/portalnewsgta.com.br\/index.php\/wp-json\/wp\/v2\/categories?post=35885"},{"taxonomy":"post_tag","embeddable":true,"href":"https:\/\/portalnewsgta.com.br\/index.php\/wp-json\/wp\/v2\/tags?post=35885"}],"curies":[{"name":"wp","href":"https:\/\/api.w.org\/{rel}","templated":true}]}}