{"id":35830,"date":"2024-11-21T12:00:19","date_gmt":"2024-11-21T15:00:19","guid":{"rendered":"https:\/\/portalnewsgta.com.br\/index.php\/2024\/11\/21\/corpo-de-bombeiros-divulga-programacao-oficial-em-comemoracao-aos-seus-60-anos\/"},"modified":"2024-11-21T12:00:19","modified_gmt":"2024-11-21T15:00:19","slug":"corpo-de-bombeiros-divulga-programacao-oficial-em-comemoracao-aos-seus-60-anos","status":"publish","type":"post","link":"https:\/\/portalnewsgta.com.br\/index.php\/2024\/11\/21\/corpo-de-bombeiros-divulga-programacao-oficial-em-comemoracao-aos-seus-60-anos\/","title":{"rendered":"Corpo de Bombeiros divulga programa\u00e7\u00e3o oficial em comemora\u00e7\u00e3o aos seus 60 anos"},"content":{"rendered":"<div>\n<div id=\"infocoweb\" data-uuid=\"843e50ae-4a0c-40a6-8bd8-338e8b5be527\" class=\"infocoweb infocoweb_canal_61\">\n<div id=\"infocoweb_cabecalho\" class=\"infocoweb_cabecalho\"><\/div>\n<div id=\"infocoweb_corpo\" class=\"infocoweb_corpo\"><span class=\"ifn_post_add_feature_image_to_the_top\"><\/span><\/p>\n<p style=\"text-align: justify\">O Corpo de Bombeiros Militar de Mato Grosso (CBMMT) anunciou a programa\u00e7\u00e3o oficial em celebra\u00e7\u00e3o aos seus 60 anos de hist\u00f3ria, completados em agosto deste ano. A comemora\u00e7\u00e3o contar\u00e1 com uma s\u00e9rie de eventos especiais, que come\u00e7ar\u00e3o j\u00e1 no pr\u00f3ximo domingo (24.11) e seguem at\u00e9 o dia 3 de dezembro, em Cuiab\u00e1.<\/p>\n<p style=\"text-align: justify\">A semana comemorativa ser\u00e1 marcada por atividades esportivas, homenagens, promo\u00e7\u00e3o de militares, concerto musical e a\u00e7\u00f5es que destacam o legado e a import\u00e2ncia da corpora\u00e7\u00e3o para a sociedade mato-grossense.<\/p>\n<p style=\"text-align: justify\">A programa\u00e7\u00e3o busca envolver a comunidade e refor\u00e7ar os la\u00e7os de credibilidade que a corpora\u00e7\u00e3o construiu ao longo de sua trajet\u00f3ria.<\/p>\n<p style=\"text-align: justify\">Segundo o comandante-geral do CBMMT, coronel BM Fl\u00e1vio Gl\u00eadson Vieira Bezerra, as celebra\u00e7\u00f5es s\u00e3o uma oportunidade para reconhecer os esfor\u00e7os e a dedica\u00e7\u00e3o dos bombeiros que, ao longo dessas seis d\u00e9cadas, t\u00eam desempenhado um papel indispens\u00e1vel \u00e0 sociedade.<\/p>\n<p style=\"text-align: justify\">\u201cCelebrar os 60 anos do CBMMT \u00e9 reconhecer o trabalho incans\u00e1vel e o compromisso dos nossos bombeiros militares com a seguran\u00e7a e o bem-estar da popula\u00e7\u00e3o. Esses eventos s\u00e3o mais do que uma homenagem \u00e0 nossa corpora\u00e7\u00e3o. S\u00e3o uma forma de agradecer a confian\u00e7a da comunidade mato-grossense e reafirmar nossa miss\u00e3o de servir com dedica\u00e7\u00e3o\u201d, garantiu.<\/p>\n<p style=\"text-align: justify\">A hist\u00f3ria do CBMMT remonta \u00e0 sua cria\u00e7\u00e3o como Batalh\u00e3o de Bombeiros da Pol\u00edcia Militar de Mato Grosso, por meio da Lei n\u00ba 2.184, publicada em 19 de agosto de 1964, embora sua efetiva\u00e7\u00e3o tenha ocorrido apenas em 1967.<\/p>\n<p style=\"text-align: justify\">Em 1994, a corpora\u00e7\u00e3o conquistou sua autonomia, tornando-se independente da Pol\u00edcia Militar e consolidando seu papel como uma institui\u00e7\u00e3o de refer\u00eancia no estado.<\/p>\n<p style=\"text-align: justify\">Por isso, a programa\u00e7\u00e3o do anivers\u00e1rio de 60 anos promete n\u00e3o apenas homenagear a trajet\u00f3ria do CBMMT, mas tamb\u00e9m celebrar o futuro e refor\u00e7ar os valores de disciplina, coragem e solidariedade que t\u00eam guiado a corpora\u00e7\u00e3o por seis d\u00e9cadas. <\/p>\n<p style=\"text-align: justify\"><strong>Confira a programa\u00e7\u00e3o<\/strong><\/p>\n<p style=\"text-align: justify\"><strong>24 de novembro \u00e0s 6h30 \u2013<\/strong> 36\u00aa edi\u00e7\u00e3o da Corrida Sesc Homens do Fogo, que promete reunir aproximadamente 2 mil atletas. O evento j\u00e1 \u00e9 tradicional no calend\u00e1rio de corridas na regi\u00e3o metropolitana e contar\u00e1 com dois percursos: 5 km e 10 km. Em ambos os casos, a largada e a chegada ocorrer\u00e3o na Diretoria de Administra\u00e7\u00e3o Institucional do CBMMT, localizada na Alameda J\u00falio Muller, em V\u00e1rzea Grande. <\/p>\n<p style=\"text-align: justify\"><strong>25 e 26 de novembro \u00e0s 7h30 \u2013<\/strong> O 3\u00ba Encontro das Bombeiras Militares ser\u00e1 um espa\u00e7o dedicado \u00e0s mulheres da corpora\u00e7\u00e3o. O evento promover\u00e1 discuss\u00f5es sobre pol\u00edticas p\u00fablicas que fomentem a inclus\u00e3o, a igualdade de g\u00eanero e o fortalecimento das bombeiras no contexto institucional e social.<\/p>\n<p style=\"text-align: justify\"><strong>28 de novembro \u2013 <\/strong>Exibi\u00e7\u00e3o do document\u00e1rio \u201cVidas: 60 anos do Corpo de Bombeiros\u201d, que retrata a trajet\u00f3ria da institui\u00e7\u00e3o, destacando a atua\u00e7\u00e3o dos bombeiros militares e as principais ocorr\u00eancias que marcaram sua hist\u00f3ria ao longo dessas seis d\u00e9cadas. A produ\u00e7\u00e3o ser\u00e1 exibida nos cinemas do Shopping Esta\u00e7\u00e3o Cuiab\u00e1, al\u00e9m de cinemas nos munic\u00edpios de Barra do Gar\u00e7as, C\u00e1ceres, Lucas do Rio Verde, Primavera do Leste, Rondon\u00f3polis, Sinop, Sorriso, Tangar\u00e1 da Serra, Alta Floresta e Guarant\u00e3 do Norte em uma sess\u00e3o \u00fanica em hor\u00e1rios diversos, de acordo com o munic\u00edpio.<\/p>\n<p style=\"text-align: justify\"><strong>28 de novembro \u00e0s 19h \u2013 <\/strong>Entrega de Medalhas aos militares e civis que contribu\u00edram para construir a hist\u00f3ria do Corpo de Bombeiros Militar. O evento reconhecer\u00e1 aqueles que se destacaram por suas a\u00e7\u00f5es, comprometimento ou mesmo servi\u00e7os prestados \u00e0 corpora\u00e7\u00e3o.<\/p>\n<p style=\"text-align: justify\"><strong>29 de novembro \u00e0s 19h \u2013<\/strong> A Formatura Militar Dom Pedro II ser\u00e1 uma cerim\u00f4nia solene dedicada \u00e0 promo\u00e7\u00e3o de bombeiros militares, incluindo oficiais e pra\u00e7as, que alcan\u00e7aram os crit\u00e9rios e o tempo de servi\u00e7o necess\u00e1rios para a ascens\u00e3o na carreira. O evento, que reunir\u00e1 centenas de pessoas na Arena Pantanal, \u00e9 um momento de celebra\u00e7\u00e3o e reconhecimento pelo compromisso e dedica\u00e7\u00e3o desses militares ao longo de suas trajet\u00f3rias na corpora\u00e7\u00e3o.<\/p>\n<p style=\"text-align: justify\"><strong>30 de novembro \u00e0s 22h \u2013 <\/strong>Baile de Gala Dom Pedro II \u00e9 um evento tradicional e representa uma noite de gala e solidariedade, em que a sociedade \u00e9 convidada a confraternizar com o Corpo de Bombeiros Militar. \u00c9 uma oportunidade de reunir em uma noite festiva todos aqueles que apoiam a corpora\u00e7\u00e3o e que reconhecem a import\u00e2ncia de sua atua\u00e7\u00e3o junto \u00e0 sociedade. <\/p>\n<p style=\"text-align: justify\"><strong>03 de dezembro \u00e0s 19h30 \u2013<\/strong> O Concerto Musical reunir\u00e1 a Banda Musical da corpora\u00e7\u00e3o em um espet\u00e1culo inesquec\u00edvel no Teatro Zulmira Canavarros, em Cuiab\u00e1. A apresenta\u00e7\u00e3o marcar\u00e1 o encerramento dos eventos em celebra\u00e7\u00e3o aos 60 anos da corpora\u00e7\u00e3o, prometendo emocionar o p\u00fablico com um repert\u00f3rio cuidadosamente selecionado. O evento tamb\u00e9m ter\u00e1 um importante car\u00e1ter social: o ingresso ser\u00e1 a doa\u00e7\u00e3o de alimentos n\u00e3o perec\u00edveis, que ser\u00e3o destinados a institui\u00e7\u00f5es de caridade e comunidades em situa\u00e7\u00e3o de vulnerabilidade.<\/p>\n<p style=\"text-align: justify\">Para saber mais, acesse as redes sociais do CBMMT.<\/p>\n<p id=\"infocoweb_fonte\" class=\"infocoweb_fonte\">Fonte: Governo MT \u2013 MT<\/p>\n<style>#infocoweb_cabecalho {\n        display: inline-block;\n        margin-top: -75px;\n        position: absolute;\n        right: 0;\n    }\n<\/style>\n<style><\/style>\n<\/div>\n<div id=\"infocoweb_rodape\" class=\"infocoweb_rodape\"><\/div>\n<\/div>\n<p>O post Corpo de Bombeiros divulga programa\u00e7\u00e3o oficial em comemora\u00e7\u00e3o aos seus 60 anos apareceu primeiro em Portal MT.<\/p>\n<\/div>\n","protected":false},"excerpt":{"rendered":"<p>O Corpo de Bombeiros Militar de Mato Grosso (CBMMT) anunciou a programa\u00e7\u00e3o oficial em celebra\u00e7\u00e3o<\/p>\n","protected":false},"author":2,"featured_media":35831,"comment_status":"registered_only","ping_status":"closed","sticky":false,"template":"","format":"standard","meta":{"footnotes":""},"categories":[7],"tags":[],"aioseo_notices":[],"_links":{"self":[{"href":"https:\/\/portalnewsgta.com.br\/index.php\/wp-json\/wp\/v2\/posts\/35830"}],"collection":[{"href":"https:\/\/portalnewsgta.com.br\/index.php\/wp-json\/wp\/v2\/posts"}],"about":[{"href":"https:\/\/portalnewsgta.com.br\/index.php\/wp-json\/wp\/v2\/types\/post"}],"author":[{"embeddable":true,"href":"https:\/\/portalnewsgta.com.br\/index.php\/wp-json\/wp\/v2\/users\/2"}],"replies":[{"embeddable":true,"href":"https:\/\/portalnewsgta.com.br\/index.php\/wp-json\/wp\/v2\/comments?post=35830"}],"version-history":[{"count":0,"href":"https:\/\/portalnewsgta.com.br\/index.php\/wp-json\/wp\/v2\/posts\/35830\/revisions"}],"wp:featuredmedia":[{"embeddable":true,"href":"https:\/\/portalnewsgta.com.br\/index.php\/wp-json\/wp\/v2\/media\/35831"}],"wp:attachment":[{"href":"https:\/\/portalnewsgta.com.br\/index.php\/wp-json\/wp\/v2\/media?parent=35830"}],"wp:term":[{"taxonomy":"category","embeddable":true,"href":"https:\/\/portalnewsgta.com.br\/index.php\/wp-json\/wp\/v2\/categories?post=35830"},{"taxonomy":"post_tag","embeddable":true,"href":"https:\/\/portalnewsgta.com.br\/index.php\/wp-json\/wp\/v2\/tags?post=35830"}],"curies":[{"name":"wp","href":"https:\/\/api.w.org\/{rel}","templated":true}]}}