{"id":35828,"date":"2024-11-21T11:44:21","date_gmt":"2024-11-21T14:44:21","guid":{"rendered":"https:\/\/portalnewsgta.com.br\/index.php\/2024\/11\/21\/renato-gaucho-diz-que-gremio-nao-e-mal-treinado-descarta-queda-e-ganha-respaldo-da-diretoria\/"},"modified":"2024-11-21T11:44:21","modified_gmt":"2024-11-21T14:44:21","slug":"renato-gaucho-diz-que-gremio-nao-e-mal-treinado-descarta-queda-e-ganha-respaldo-da-diretoria","status":"publish","type":"post","link":"https:\/\/portalnewsgta.com.br\/index.php\/2024\/11\/21\/renato-gaucho-diz-que-gremio-nao-e-mal-treinado-descarta-queda-e-ganha-respaldo-da-diretoria\/","title":{"rendered":"Renato Ga\u00facho diz que Gr\u00eamio n\u00e3o \u00e9 mal treinado, descarta queda e ganha respaldo da diretoria"},"content":{"rendered":"<p>A busca pelo empate com o Juventude, por 2 a 2, apenas nos acr\u00e9scimos, na Arena lotada Arena Gr\u00eamio, e a consequente na 13\u00aa coloca\u00e7\u00e3o do Brasileir\u00e3o, sob amea\u00e7a de rebaixamento, n\u00e3o abala o t\u00e9cnico Renato Ga\u00facho. Mais uma vez pressionado, o comandante mostrou-se um tanto ir\u00f4nico em uma coletiva ap\u00f3s novo trope\u00e7o, garantindo que o time n\u00e3o \u00e9 mal treinado e que nem pensa em rebaixamento. Apesar do resultado ruim, o t\u00e9cnico ganhou respaldo da diretoria.<\/p>\n<div class=\"dummyPub\">\u00a0<\/div>\n<p>Sempre citando que a aus\u00eancia de jogos na Arena por causa da trag\u00e9dia das enchentes em Porto Alegre foram a &#8220;culpada&#8221; pela campanha ruim, Renato Ga\u00facho parece esgotar suas &#8220;desculpas&#8221; para justificar trope\u00e7os, j\u00e1 que h\u00e1 algum tempo o time voltou para casa e n\u00e3o engrena.<\/p>\n<p>&#8220;O Gr\u00eamio n\u00e3o est\u00e1 mal treinado&#8221;, garantiu, incomodado com as cobran\u00e7as. &#8220;N\u00f3s t\u00ednhamos tr\u00eas jogadores com as sele\u00e7\u00f5es, jogadores voltando de les\u00e3o, jogadores suspensos e em tr\u00eas, quatro dias, querem que o treinador mude o esquema e que d\u00ea tudo certo dentro do jogo&#8221;, se defendeu ap\u00f3s a igualdade.<\/p>\n<p>&#8220;Gr\u00eamio est\u00e1 pagando a conta por causa da enchente. Poder\u00edamos n\u00e3o estar brigando pelo t\u00edtulo mesmo se tivesse jogado todos os jogos na Arena. Mas, com certeza absoluta, o Gr\u00eamio n\u00e3o estaria nessa situa\u00e7\u00e3o&#8221;, frisou, descartando luta contra a queda. &#8220;A gente est\u00e1 devendo sim, mas esse pensamento quanto ao rebaixamento nunca passou pela minha cabe\u00e7a.&#8221;<\/p>\n<p>Sobre a falta de resultados, disse que o psicol\u00f3gico do time est\u00e1 atrapalhando. Por vezes diante do Juventude ele apareceu brigando com o time. Foram v\u00e1rias broncas em Pav\u00f3n, por exemplo. &#8220;Infelizmente, nesses momentos a parte psicol\u00f3gica faz a diferen\u00e7a. Em todo jogo, o Gr\u00eamio entra em campo pressionado, na Arena ou fora. Muitas vezes o jogador quer arriscar uma jogada, mas falta confian\u00e7a&#8221;, explicou.<\/p>\n<p>Presente na coletiva, o vice-presidente de futebol Ant\u00f4nio Brum saiu em defesa do comandante. &#8220;A gente acha que o Renato \u00e9 o cara certo para fazer os pontos necess\u00e1rios para tirar o Gr\u00eamio dessa situa\u00e7\u00e3o, por isso continuamos com ele&#8221;, explicou, em uma mea-culpa. &#8220;Todos n\u00f3s que estamos aqui no dia a dia somos culpados pelo Gr\u00eamio estar nessa situa\u00e7\u00e3o. E o torcedor tem que cobrar, \u00e9 um direito dele.&#8221;<\/p>\n<p>Brum admitiu, contudo, que esperava mais da equipe. &#8220;Eu considero o grupo deste ano mais forte do que o do ano passado, que foi vice-campe\u00e3o brasileiro. Claro que a gente perdeu um grande jogador que era o Su\u00e1rez, mas se olharmos para o grupo, temos mais op\u00e7\u00f5es&#8221;, cutucou o dirigente.<\/p>\n<p>E adotou um discurso duro para cobrar resultados. &#8220;N\u00e3o estamos satisfeitos com o desempenho do Gr\u00eamio nos \u00faltimos jogos. Estamos trabalhando no dia a dia justamente para somar os pontos necess\u00e1rios pra afastar o Gr\u00eamio desse risco de rebaixamento&#8221;, completou.<\/p>\n<p>A sequ\u00eancia de jogos da equipe na reta final \u00e9 chata. Visita o Cruzeiro, recebe o S\u00e3o Paulo, faz confronto direto com o Vit\u00f3ria em Salvador e fecha a participa\u00e7\u00e3o diante do Corinthians em sua Arena.<\/p>\n<p>Leia Tamb\u00e9m: <a href=\"https:\/\/www.noticiasaominuto.com.br\/esporte\/2228933\/abel-celebra-virada-do-palmeiras-sobre-o-bahia-vitoria-do-suor-do-espirito-e-da-atitude\" target=\"_blank\" rel=\"noopener\">Abel celebra virada do Palmeiras sobre o Bahia: &#8216;Vit\u00f3ria do suor, do esp\u00edrito e da atitude&#8217;<\/a><\/p>\n<p>Fonte: noticiasaominuto.com.br<\/p>\n","protected":false},"excerpt":{"rendered":"<p>A busca pelo empate com o Juventude, por 2 a 2, apenas nos acr\u00e9scimos, na<\/p>\n","protected":false},"author":0,"featured_media":35829,"comment_status":"open","ping_status":"open","sticky":false,"template":"","format":"standard","meta":{"footnotes":""},"categories":[4],"tags":[],"aioseo_notices":[],"_links":{"self":[{"href":"https:\/\/portalnewsgta.com.br\/index.php\/wp-json\/wp\/v2\/posts\/35828"}],"collection":[{"href":"https:\/\/portalnewsgta.com.br\/index.php\/wp-json\/wp\/v2\/posts"}],"about":[{"href":"https:\/\/portalnewsgta.com.br\/index.php\/wp-json\/wp\/v2\/types\/post"}],"replies":[{"embeddable":true,"href":"https:\/\/portalnewsgta.com.br\/index.php\/wp-json\/wp\/v2\/comments?post=35828"}],"version-history":[{"count":0,"href":"https:\/\/portalnewsgta.com.br\/index.php\/wp-json\/wp\/v2\/posts\/35828\/revisions"}],"wp:featuredmedia":[{"embeddable":true,"href":"https:\/\/portalnewsgta.com.br\/index.php\/wp-json\/wp\/v2\/media\/35829"}],"wp:attachment":[{"href":"https:\/\/portalnewsgta.com.br\/index.php\/wp-json\/wp\/v2\/media?parent=35828"}],"wp:term":[{"taxonomy":"category","embeddable":true,"href":"https:\/\/portalnewsgta.com.br\/index.php\/wp-json\/wp\/v2\/categories?post=35828"},{"taxonomy":"post_tag","embeddable":true,"href":"https:\/\/portalnewsgta.com.br\/index.php\/wp-json\/wp\/v2\/tags?post=35828"}],"curies":[{"name":"wp","href":"https:\/\/api.w.org\/{rel}","templated":true}]}}