{"id":35814,"date":"2024-11-21T09:43:04","date_gmt":"2024-11-21T12:43:04","guid":{"rendered":"https:\/\/portalnewsgta.com.br\/index.php\/2024\/11\/21\/neguinho-da-beija-flor-anuncia-saida-do-carnaval-apos-50-anos\/"},"modified":"2024-11-21T09:43:04","modified_gmt":"2024-11-21T12:43:04","slug":"neguinho-da-beija-flor-anuncia-saida-do-carnaval-apos-50-anos","status":"publish","type":"post","link":"https:\/\/portalnewsgta.com.br\/index.php\/2024\/11\/21\/neguinho-da-beija-flor-anuncia-saida-do-carnaval-apos-50-anos\/","title":{"rendered":"Neguinho da Beija-Flor anuncia sa\u00edda do Carnaval ap\u00f3s 50 anos"},"content":{"rendered":"<p>(FOLHAPRESS) &#8211; Considerado a maior puxador de escola de samba das \u00faltimas d\u00e9cadas, o cantor Neguinho da Beija-Flor vai se apresentar pela \u00faltima vez com a escola que o consagrou no Carnaval do Rio de Janeiro em 2025.<\/p>\n<div class=\"dummyPub\">\u00a0<\/div>\n<p>O an\u00fancio foi feito pelo int\u00e9rprete em entrevista para a TV Globo nesta quarta (20). Em carta publicada em suas redes sociais, Neguinho explicou que quer curtir mais a sua vida ap\u00f3s 50 anos de envolvimento com a Beija-Flor. Ele continuar\u00e1 sua carreira como cantor em shows pelo Brasil.<\/p>\n<p>&#8220;O tempo \u00e9 inimigo da perfei\u00e7\u00e3o. O tempo \u00e9 maravilhoso. Eu j\u00e1 cheguei a 75 anos, s\u00e3o 50 anos de conviv\u00eancia na escola que \u00e9 minha fam\u00edlia, esse momento \u00e9 dif\u00edcil&#8221;, disse Neguinho em conversa com a apresentadora Mariana Gross.<\/p>\n<p>&#8220;Depois do carnaval de 2025, que \u00e9 uma homenagem ao mestre La\u00edla, eu encerro a minha carreira na avenida da Marqu\u00eas de Sapuca\u00ed. A gente morre duas vezes, quando morre de verdade e quando para&#8221;, afirmou.<\/p>\n<p>Neguinho da Beija-Flor \u00e9 interprete da escola de samba de Nil\u00f3polis, cidade da baixada fluminense, desde 1975. De l\u00e1 para c\u00e1, ganhou 14 carnavais, o que fez a Beija-Flor ser a escola que mais ganhou t\u00edtulos no per\u00edodo em que foi seu l\u00edder.<\/p>\n<p>Como cantor, tem grandes sucessos como O Campe\u00e3o, tocada em todos os est\u00e1dios de futebol do pa\u00eds, unificando todas as torcidas, que sempre modificam uma parte da letra que diz que: &#8220;Domingo eu vou ao Maracan\u00e3, vou torcer pelo time que sou f\u00e3&#8230;&#8221;<\/p>\n<p>LEIA A \u00cdNTEGRA DE SUA CARTA DE DESPEDIDA<\/p>\n<p>&#8220;O desfile de 2025 marcar\u00e1 minha despedida como int\u00e9rprete de seus hinos na Passarela do Samba.<\/p>\n<p>No pr\u00f3ximo Carnaval, escreverei, com a comunidade nilopolitana, o ponto final da trajet\u00f3ria cinquenten\u00e1ria, tempo de muita felicidade e alegria. Vamos atravessar a Passarela do Samba pela derradeira vez, eu com a minha voz e o orgulho de sempre, sustentando a for\u00e7a e a magia de nossa comunidade que brilha no altar dos bambas. Ser\u00e1 mais um momento de nosso amor eterno.<\/p>\n<p>Lembro emocionado, querida escola, do in\u00edcio dessa hist\u00f3ria, quando cheguei jovenzinho para participar da disputa de samba, no inesquec\u00edvel &#8220;Sonhar com rei d\u00e1 le\u00e3o&#8221;. Jo\u00e3osinho Trinta, tamb\u00e9m rec\u00e9m-chegado, criara o enredo sobre o jogo do bicho e eu, ent\u00e3o Neguinho da Vala, sonhava entrar para a ala de compositores. O saudoso carnavalesco permitiu que eu tentasse &#8211; e deu certo. Com o samba composto por mim, fomos campe\u00f5es.<\/p>\n<p>De l\u00e1 para c\u00e1, voc\u00ea ganhou 14 carnavais, e me concedeu o privil\u00e9gio de estar presente em todos. Fomos tricampe\u00f5es duas vezes, levamos o Cristo mendigo coberto pela censura, na imagem mais conhecida do Carnaval. E o mais importante: inserimos a Beija-Flor de Nil\u00f3polis na hist\u00f3ria da maior festa popular do Brasil. Em lugar de protagonista.<\/p>\n<p>Consolidou-se a Maravilhosa e Soberana, como est\u00e1 no nosso hino-exalta\u00e7\u00e3o, &#8220;Deusa da Passarela&#8221;, que tive a honra de compor. E virou seu merecido apelido no planeta Carnaval.<\/p>\n<p>Por voc\u00ea, venci o c\u00e2ncer, cantando na avenida ainda sob tratamento. Tenho f\u00e9 que me curei gra\u00e7as a Deus e ao aben\u00e7oado rem\u00e9dio do Carnaval. Nunca esquecerei como a comunidade me recebeu, na volta aos ensaios, em nossa quadra sagrada. O aplauso e a montanha de carinho est\u00e3o para sempre tatuados na mem\u00f3ria.<\/p>\n<p>Por isso e muito mais, jamais cogitei receber sal\u00e1rio da Beija-Flor. Nunca assinei contrato nem me submeti a qualquer burocracia. Nossa rela\u00e7\u00e3o \u00e9 \u00fanica e dispensa protocolos. Costumo repetir que se algu\u00e9m deve algo, sou eu a voc\u00ea, minha escola. Tenho muito orgulho de carreg\u00e1-la em meu nome oficial, o da carteira de identidade: Luiz Antonio Feliciano Neguinho da Beija-Flor Marcondes.<\/p>\n<p>Guardo como um tesouro a primeira carteira de integrante da ala de compositores. Est\u00e1 l\u00e1 a data, 11 de junho de 1975, do come\u00e7o de tudo. Dos companheiros originais, ainda est\u00e3o aqui o patrono An\u00edsio Abrah\u00e3o David e a querida Pinah. Come\u00e7amos juntos a aventura de conduzir uma pequenina escola da Baixada Fluminense ao pante\u00e3o das gigantes de nossa cultura popular. E chegamos l\u00e1, com a participa\u00e7\u00e3o de muitos outros sambistas que vieram depois e seguir\u00e3o rumo ao futuro.<\/p>\n<p>Chegou a minha hora. Em 2025, cantarei a exalta\u00e7\u00e3o de meu parceiro La\u00edla &#8211; a quem conheci ainda antes do primeiro Carnaval, na lend\u00e1ria roda de samba do Bola Preta-, como ep\u00edlogo dessa odisseia que durou meio s\u00e9culo de folia e felicidade. Superou muito meus melhores sonhos. E continuarei lhe amando. Voc\u00ea pode contar comigo por toda a eternidade.<\/p>\n<p>Obrigado por tudo, minha escola, minha vida, meu amor.<br \/>Olha a Beija-Flor a\u00ed, gente!&#8221;.<\/p>\n<p>Leia Tamb\u00e9m: <a href=\"https:\/\/www.noticiasaominuto.com.br\/fama\/2228822\/ator-da-globo-que-pediu-pix-e-novamente-internado\" target=\"_blank\" rel=\"noopener\">Ator da Globo que pediu Pix \u00e9 novamente internado<\/a><\/p>\n<p>Fonte: noticiasaominuto.com.br<\/p>\n","protected":false},"excerpt":{"rendered":"<p>(FOLHAPRESS) &#8211; Considerado a maior puxador de escola de samba das \u00faltimas d\u00e9cadas, o cantor<\/p>\n","protected":false},"author":0,"featured_media":35815,"comment_status":"open","ping_status":"open","sticky":false,"template":"","format":"standard","meta":{"footnotes":""},"categories":[6],"tags":[],"aioseo_notices":[],"_links":{"self":[{"href":"https:\/\/portalnewsgta.com.br\/index.php\/wp-json\/wp\/v2\/posts\/35814"}],"collection":[{"href":"https:\/\/portalnewsgta.com.br\/index.php\/wp-json\/wp\/v2\/posts"}],"about":[{"href":"https:\/\/portalnewsgta.com.br\/index.php\/wp-json\/wp\/v2\/types\/post"}],"replies":[{"embeddable":true,"href":"https:\/\/portalnewsgta.com.br\/index.php\/wp-json\/wp\/v2\/comments?post=35814"}],"version-history":[{"count":0,"href":"https:\/\/portalnewsgta.com.br\/index.php\/wp-json\/wp\/v2\/posts\/35814\/revisions"}],"wp:featuredmedia":[{"embeddable":true,"href":"https:\/\/portalnewsgta.com.br\/index.php\/wp-json\/wp\/v2\/media\/35815"}],"wp:attachment":[{"href":"https:\/\/portalnewsgta.com.br\/index.php\/wp-json\/wp\/v2\/media?parent=35814"}],"wp:term":[{"taxonomy":"category","embeddable":true,"href":"https:\/\/portalnewsgta.com.br\/index.php\/wp-json\/wp\/v2\/categories?post=35814"},{"taxonomy":"post_tag","embeddable":true,"href":"https:\/\/portalnewsgta.com.br\/index.php\/wp-json\/wp\/v2\/tags?post=35814"}],"curies":[{"name":"wp","href":"https:\/\/api.w.org\/{rel}","templated":true}]}}