{"id":35794,"date":"2024-11-21T08:22:05","date_gmt":"2024-11-21T11:22:05","guid":{"rendered":"https:\/\/portalnewsgta.com.br\/?p=35794"},"modified":"2024-11-21T08:22:05","modified_gmt":"2024-11-21T11:22:05","slug":"seria-irresponsavel-falar-em-anistia-agora-afirma-gilmar","status":"publish","type":"post","link":"https:\/\/portalnewsgta.com.br\/index.php\/2024\/11\/21\/seria-irresponsavel-falar-em-anistia-agora-afirma-gilmar\/","title":{"rendered":"&#8220;Seria irrespons\u00e1vel falar em anistia agora&#8221;, afirma Gilmar"},"content":{"rendered":"<h2 class=\"complement\">Para o ministro mato-grossense, \u00e9 necess\u00e1rio rediscutir a lei antiterrorismo para debater a inclus\u00e3o da motiva\u00e7\u00e3o pol\u00edtica<\/h2>\n<div class=\"img-wrapper img-left\">\n<div class=\"img-credit\">Gilmar Mendes &#8211; STF 2<\/div>\n<div class=\"img-subtitle\">O mato-grossense Gilmar Mendes, que \u00e9 decano da Suprema Corte<\/div>\n<\/div>\n<p>Decano do Supremo Tribunal Federal (STF), o ministro\u00a0Gilmar Mendes\u00a0afirmou, na ter\u00e7a-feira (19), dia da\u00a0opera\u00e7\u00e3o contra militares\u00a0que planejaram atentados contra autoridades em 2022, que \u00e9 \u201cincogit\u00e1vel\u201d promover uma anistia a golpistas neste momento do pa\u00eds.<\/p>\n<p>&#8220;Acho incogit\u00e1vel falar em anistia nesta quadra e neste quadro. Seria at\u00e9 irrespons\u00e1vel. Como todos sabem, tenho v\u00e1rios interlocutores no meio pol\u00edtico, e n\u00e3o me parece que fa\u00e7a qualquer sentido, antes mesmo de termos uma den\u00fancia, se falar em anistia&#8221;, disse, em entrevista \u00e0\u00a0<strong>GloboNews<\/strong>.<\/p>\n<div data-block-type=\"unstyled\" data-block-weight=\"65\" data-block-id=\"5\">\n<p data-track-category=\"Link no Texto\" data-track-links=\"\" data-mrf-recirculation=\"Article links\">A Pol\u00edcia Federal cumpriu mandados de pris\u00e3o contra quatro militares do Ex\u00e9rcito e um agente da pr\u00f3pria corpora\u00e7\u00e3o que articularam um plano para matar o ent\u00e3o presidente eleito Luiz In\u00e1cio Lula da Silva (PT), o vice Geraldo Alckmin (PSB) e o ministro do STF Alexandre de Moraes na reta final de 2022, a poucos dias de Jair Bolsonaro (PL) deixar a Presid\u00eancia.<\/p>\n<\/div>\n<div data-block-type=\"unstyled\" data-block-weight=\"36\" data-block-id=\"6\">\n<p data-track-category=\"Link no Texto\" data-track-links=\"\" data-mrf-recirculation=\"Article links\">&#8220;Tudo indica que havia pessoas de mais elevada patente participando desse compl\u00f4, dessa iniciativa extremamente danosa&#8221;, afirmou Gilmar Mendes.<\/p>\n<p data-track-category=\"Link no Texto\" data-track-links=\"\" data-mrf-recirculation=\"Article links\">&#8220;N\u00e3o se trata de mera cogita\u00e7\u00e3o, estamos j\u00e1 num plano de prepara\u00e7\u00e3o e execu\u00e7\u00e3o&#8221;, completou.<\/p>\n<\/div>\n<div data-block-type=\"unstyled\" data-block-weight=\"36\" data-block-id=\"7\">\n<p data-track-category=\"Link no Texto\" data-track-links=\"\" data-mrf-recirculation=\"Article links\">Para o ministro, epis\u00f3dios como esse, assim como o do homem-bomba da semana passada na frente da Corte, fazem com que seja necess\u00e1rio rediscutir a lei antiterrorismo para debater a inclus\u00e3o da motiva\u00e7\u00e3o pol\u00edtica.<\/p>\n<\/div>\n<div data-block-type=\"unstyled\" data-block-weight=\"63\" data-block-id=\"8\">\n<p data-track-category=\"Link no Texto\" data-track-links=\"\" data-mrf-recirculation=\"Article links\">&#8220;Tenho a impress\u00e3o de que vamos ter um encontro marcado com a eventual revis\u00e3o da lei&#8221;, observou.<\/p>\n<p data-track-category=\"Link no Texto\" data-track-links=\"\" data-mrf-recirculation=\"Article links\">&#8220;Temos que discutir tanto a moderniza\u00e7\u00e3o da legisla\u00e7\u00e3o dessa tem\u00e1tica dos atentados ao estado de direito e \u00e0 democracia, como tamb\u00e9m temos que de fato prosseguir nesse trabalho de fortalecermos a democracia e diminuir a participa\u00e7\u00e3o de militares na vida pol\u00edtica em geral&#8221;, completou.<\/p>\n<\/div>\n<div data-track-category=\"multicontent\" data-track-action=\"ultimo chunk conteudo\" data-track-noninteraction=\"false\" data-track-scroll=\"view\">\n<div data-block-type=\"unstyled\" data-block-weight=\"33\" data-block-id=\"9\">\n<p data-track-category=\"Link no Texto\" data-track-links=\"\" data-mrf-recirculation=\"Article links\">Ao recordar aqueles meses finais de 2022, o ministro apontou ainda que foi um erro \u201ctolerar\u201d as manifesta\u00e7\u00f5es nas portas de quarteis Brasil afora, nas quais se germinou o 8 de janeiro.<\/p>\n<\/div>\n<\/div>\n","protected":false},"excerpt":{"rendered":"<p>Para o ministro mato-grossense, \u00e9 necess\u00e1rio rediscutir a lei antiterrorismo para debater a inclus\u00e3o da<\/p>\n","protected":false},"author":2,"featured_media":35795,"comment_status":"open","ping_status":"open","sticky":false,"template":"","format":"standard","meta":{"footnotes":""},"categories":[13,2],"tags":[485],"aioseo_notices":[],"_links":{"self":[{"href":"https:\/\/portalnewsgta.com.br\/index.php\/wp-json\/wp\/v2\/posts\/35794"}],"collection":[{"href":"https:\/\/portalnewsgta.com.br\/index.php\/wp-json\/wp\/v2\/posts"}],"about":[{"href":"https:\/\/portalnewsgta.com.br\/index.php\/wp-json\/wp\/v2\/types\/post"}],"author":[{"embeddable":true,"href":"https:\/\/portalnewsgta.com.br\/index.php\/wp-json\/wp\/v2\/users\/2"}],"replies":[{"embeddable":true,"href":"https:\/\/portalnewsgta.com.br\/index.php\/wp-json\/wp\/v2\/comments?post=35794"}],"version-history":[{"count":1,"href":"https:\/\/portalnewsgta.com.br\/index.php\/wp-json\/wp\/v2\/posts\/35794\/revisions"}],"predecessor-version":[{"id":35796,"href":"https:\/\/portalnewsgta.com.br\/index.php\/wp-json\/wp\/v2\/posts\/35794\/revisions\/35796"}],"wp:featuredmedia":[{"embeddable":true,"href":"https:\/\/portalnewsgta.com.br\/index.php\/wp-json\/wp\/v2\/media\/35795"}],"wp:attachment":[{"href":"https:\/\/portalnewsgta.com.br\/index.php\/wp-json\/wp\/v2\/media?parent=35794"}],"wp:term":[{"taxonomy":"category","embeddable":true,"href":"https:\/\/portalnewsgta.com.br\/index.php\/wp-json\/wp\/v2\/categories?post=35794"},{"taxonomy":"post_tag","embeddable":true,"href":"https:\/\/portalnewsgta.com.br\/index.php\/wp-json\/wp\/v2\/tags?post=35794"}],"curies":[{"name":"wp","href":"https:\/\/api.w.org\/{rel}","templated":true}]}}