{"id":35790,"date":"2024-11-21T08:19:48","date_gmt":"2024-11-21T11:19:48","guid":{"rendered":"https:\/\/portalnewsgta.com.br\/?p=35790"},"modified":"2024-11-21T08:20:45","modified_gmt":"2024-11-21T11:20:45","slug":"empresario-do-agro-quer-se-impor-com-opcao-da-direita-em-mt","status":"publish","type":"post","link":"https:\/\/portalnewsgta.com.br\/index.php\/2024\/11\/21\/empresario-do-agro-quer-se-impor-com-opcao-da-direita-em-mt\/","title":{"rendered":"Empres\u00e1rio do agro quer se impor com op\u00e7\u00e3o da direita em MT"},"content":{"rendered":"<h2 class=\"complement\">Prestes a se filiar ao PL, Od\u00edlio Balbinotti, &#8220;Rei da Semente&#8221;, quer &#8220;autoriza\u00e7\u00e3o&#8221; de um desgastado Jair Bolsonaro<\/h2>\n<p>Reprodu\u00e7\u00e3o\/Redes Sociais<\/p>\n<p>O empres\u00e1rio do agroneg\u00f3cio Od\u00edlio Balbinotti Filho parece disposto a se impor com a principal op\u00e7\u00e3o da direita em Mato Grosso, no processo de articula\u00e7\u00f5es visando \u00e0 sucess\u00e3o do governador Mauro Mendes (Uni\u00e3o Brasil), nas elei\u00e7\u00f5es de 2026.<\/p>\n<p>Nesta semana, em entrevista,\u00a0o presidente do PL em Mato Grosso, Ananias Filho, revelou que o empres\u00e1rio descartou a possibilidade de ser candidato a vice-governador, em uma eventual chapa encabe\u00e7ada pelo vice-governador Otaviano Pivetta (Republicanos).<\/p>\n<div data-track-category=\"multicontent\" data-track-action=\"ultimo chunk conteudo\" data-track-noninteraction=\"false\" data-track-scroll=\"view\">\n<div data-block-type=\"unstyled\" data-block-weight=\"33\" data-block-id=\"9\">\n<p>\u201cO Balbinotti j\u00e1 nos falou que n\u00e3o aceita ser vice\u201d, disse Ananias, ao ser questionado pela imprensa sobre uma eventual composi\u00e7\u00e3o entre os dois nas elei\u00e7\u00f5es de 2026.<\/p>\n<p>&#8220;Ele n\u00e3o est\u00e1 ditando a regra, \u00e9 uma op\u00e7\u00e3o dele. Ele est\u00e1 se colocando \u00e0 disposi\u00e7\u00e3o para ser candidato a governador. A decis\u00e3o para ser candidato \u00e9 personal\u00edssima. O partido n\u00e3o manda na decis\u00e3o pessoal&#8221;, acrescentou.<\/p>\n<p>Pivetta colocou seu nome na disputa pela sucess\u00e3o do Pal\u00e1cio Paiagu\u00e1s desde o in\u00edcio do ano. \u00c9 o nome da prefer\u00eancia do governador Mauro Mendes (Uni\u00e3o).<\/p>\n<p>Acostumado a atuar nos bastidores, desembolsando milhares de reais em doa\u00e7\u00f5es eleitorais, Od\u00edlio Balbinotti Filho agora surge no cen\u00e1rio pol\u00edtico como pr\u00e9-candidato.<\/p>\n<p>No \u00faltimo dia 13, em conversas com jornalistas, ap\u00f3s encontros com deputados aliados, ele admitiu que \u00e9 pr\u00e9-candidato a Governo de Mato Grosso, na elei\u00e7\u00e3o majorit\u00e1ria marcada para 2026.<\/p>\n<p>Balbinotti revelou que vai procurar Jair Bolsonaro (PL) para obter autoriza\u00e7\u00e3o para entrar na disputa eleitoral.<\/p>\n<p>Ele lembrou que o ex-presidente \u00e9 o presidente de honra do PL, partido ao qual diz ter maior afinidade ideol\u00f3gica.<\/p>\n<p>\u201cN\u00e3o conversei com Bolsonaro, mas est\u00e1 marcado para ir l\u00e1 [na sede do PL, em Bras\u00edlia]. Vou conversar com ele, falar que tenho essa disposi\u00e7\u00e3o. Porque ele \u00e9 nosso grande l\u00edder e tem que ter a concord\u00e2ncia dele\u201d, afirmou.<\/p>\n<p>Com a eclos\u00e3o do esc\u00e2ndalo envolvendo militares aliados de Bolsonaro num esquema de golpe de Estado, incluindo matar Lula, Alckmin e o ministro Alexandre de Moraes, do STF, as articula\u00e7\u00f5es de Balbinotti com o ex-presidente se complicaram.<\/p>\n<p>Nesta semana, Bolsonaro deve ser indiciado por tentativa de golpe e caminha para virar r\u00e9u.<\/p>\n<p>O empres\u00e1rio, ainda sem partido, admitiu que pretende se filiar ao PL para se lan\u00e7ar na pol\u00edtica.<\/p>\n<p>Ele deve disputar com o senador Wellington Fagundes para saber quem ser\u00e1 o nome que representr\u00e1 a sigla na disputa eleitoral.<\/p>\n<p><strong>DI\u00c1LOGO<\/strong>\u00a0&#8211; Apesar de Balbinotti descartar uma candidatura a vice, o PL ainda est\u00e1 disposto a se reunir para articular com o grupo de Mauro Mendes e Pivetta.<\/p>\n<p>Ananias Filho lembrou que o PL fez parte do arco de alian\u00e7a do governador na \u00faltima elei\u00e7\u00e3o, em 2022, quando ele tentou a reelei\u00e7\u00e3o.<\/p>\n<p>\u201cO Odilio \u00e9 uma boa pessoa, o Wellington \u00e9 uma boa pessoa, e ambos t\u00eam condi\u00e7\u00f5es de lan\u00e7ar o PL a al\u00e7ar voos maiores. O Pivetta est\u00e1 em um partido que \u00e9 aliado de 2022, o Republicanos, o Uni\u00e3o Brasil e o PL foram unidos, ent\u00e3o n\u00f3s n\u00e3o vamos descredenciar o Pivetta, mas n\u00f3s vamos sentar na mesa depois do come\u00e7o das administra\u00e7\u00f5es do PL\u201d, disse.<\/p>\n<p><strong>FINANCIADOR\u00a0<\/strong>&#8211;\u00a0Conhecido como &#8220;Rei das Sementes&#8221;\u00a0e\u00a0&#8220;Bar\u00e3o do Agro&#8221;, ele se tornou o\u00a0maior doador das elei\u00e7\u00f5es municipais, at\u00e9 o momento.<\/p>\n<p data-track-category=\"Link no Texto\" data-track-links=\"\" data-mrf-recirculation=\"Recomenda\u00e7\u00e3o meio do texto\">Ele j\u00e1 contribuiu com\u00a0R$ 1,26 milh\u00e3o, a maior parte para dire\u00e7\u00f5es municipais de quatro partidos em\u00a0Cuiab\u00e1\u00a0e\u00a0Rondon\u00f3polis, onde fica a sede da sua empresa, a\u00a0Atto Sementes.<\/p>\n<p data-track-category=\"Link no Texto\" data-track-links=\"\" data-mrf-recirculation=\"Recomenda\u00e7\u00e3o meio do texto\">Segundo os dados do TSE, o empres\u00e1rio financiou a campanha do prefeito eleito em Rondon\u00f3polis, Cl\u00e1udio Ferreira (PL), com R$ 220 mil, e do prefeito eleito em Cuiab\u00e1 Ab\u00edlio Brunini (PL), injetando R$ 400 mil.<\/p>\n<p data-track-category=\"Link no Texto\" data-track-links=\"\" data-mrf-recirculation=\"Recomenda\u00e7\u00e3o meio do texto\">Odilio Balbinotti foi um dos maiores doadores da campanha de\u00a0Jair Bolsonaro\u00a0em 2022.<\/p>\n<p data-track-category=\"Link no Texto\" data-track-links=\"\" data-mrf-recirculation=\"Recomenda\u00e7\u00e3o meio do texto\">Na \u00e9poca, destino destinou\u00a0R$ 600 mil\u00a0ao ent\u00e3o presidente, que disputava a\u00a0reelei\u00e7\u00e3o.<\/p>\n<\/div>\n<\/div>\n","protected":false},"excerpt":{"rendered":"<p>Prestes a se filiar ao PL, Od\u00edlio Balbinotti, &#8220;Rei da Semente&#8221;, quer &#8220;autoriza\u00e7\u00e3o&#8221; de um<\/p>\n","protected":false},"author":2,"featured_media":35791,"comment_status":"open","ping_status":"open","sticky":false,"template":"","format":"standard","meta":{"footnotes":""},"categories":[13,2],"tags":[],"aioseo_notices":[],"_links":{"self":[{"href":"https:\/\/portalnewsgta.com.br\/index.php\/wp-json\/wp\/v2\/posts\/35790"}],"collection":[{"href":"https:\/\/portalnewsgta.com.br\/index.php\/wp-json\/wp\/v2\/posts"}],"about":[{"href":"https:\/\/portalnewsgta.com.br\/index.php\/wp-json\/wp\/v2\/types\/post"}],"author":[{"embeddable":true,"href":"https:\/\/portalnewsgta.com.br\/index.php\/wp-json\/wp\/v2\/users\/2"}],"replies":[{"embeddable":true,"href":"https:\/\/portalnewsgta.com.br\/index.php\/wp-json\/wp\/v2\/comments?post=35790"}],"version-history":[{"count":2,"href":"https:\/\/portalnewsgta.com.br\/index.php\/wp-json\/wp\/v2\/posts\/35790\/revisions"}],"predecessor-version":[{"id":35793,"href":"https:\/\/portalnewsgta.com.br\/index.php\/wp-json\/wp\/v2\/posts\/35790\/revisions\/35793"}],"wp:featuredmedia":[{"embeddable":true,"href":"https:\/\/portalnewsgta.com.br\/index.php\/wp-json\/wp\/v2\/media\/35791"}],"wp:attachment":[{"href":"https:\/\/portalnewsgta.com.br\/index.php\/wp-json\/wp\/v2\/media?parent=35790"}],"wp:term":[{"taxonomy":"category","embeddable":true,"href":"https:\/\/portalnewsgta.com.br\/index.php\/wp-json\/wp\/v2\/categories?post=35790"},{"taxonomy":"post_tag","embeddable":true,"href":"https:\/\/portalnewsgta.com.br\/index.php\/wp-json\/wp\/v2\/tags?post=35790"}],"curies":[{"name":"wp","href":"https:\/\/api.w.org\/{rel}","templated":true}]}}