{"id":35784,"date":"2024-11-21T08:07:17","date_gmt":"2024-11-21T11:07:17","guid":{"rendered":"https:\/\/portalnewsgta.com.br\/?p=35784"},"modified":"2024-11-21T08:07:17","modified_gmt":"2024-11-21T11:07:17","slug":"ses-promove-acoes-da-campanha-novembro-roxo-em-municipios-de-mt-2","status":"publish","type":"post","link":"https:\/\/portalnewsgta.com.br\/index.php\/2024\/11\/21\/ses-promove-acoes-da-campanha-novembro-roxo-em-municipios-de-mt-2\/","title":{"rendered":"SES promove a\u00e7\u00f5es da campanha Novembro Roxo em munic\u00edpios de MT"},"content":{"rendered":"<div class=\"row justify-content-center row-vinheta-noticia\">\n<div class=\"col-12 col-md-10 col-lg-8\"><span class=\"legenda_titulo\">At\u00e9 o dia 31 de novembro, estar\u00e3o abertas as inscri\u00e7\u00f5es para a Agenda \u00danica do Novembro Roxo, um espa\u00e7o virtual que organiza atividades de conscientiza\u00e7\u00e3o sobre nascimento prematuro<\/span><\/div>\n<\/div>\n<div class=\"row justify-content-center\">\n<div class=\"col-12 col-md-10 col-lg-8\">\n<div class=\"a2a_kit a2a_kit_size_32 a2a_default_style\"><a class=\"a2a_dd\" href=\"https:\/\/www.addtoany.com\/share#url=https%3A%2F%2Fwww.amm.org.br%2FNoticias%2FSes-promove-acoes-da-campanha-novembro-roxo-em-municipios-de-mt-54819&amp;title=SES%20promove%20a%C3%A7%C3%B5es%20da%20campanha%20Novembro%20Roxo%20em%20munic%C3%ADpios%20de%20MT%20-%20Associa%C3%A7%C3%A3o%20Mato-grossense%20dos%20Munic%C3%ADpios\"><span class=\"a2a_label a2a_localize\" data-a2a-localize=\"inner,Share\">Compartilhar<\/span><\/a><a class=\"a2a_button_whatsapp\" href=\"https:\/\/www.amm.org.br\/#whatsapp\" target=\"_blank\" rel=\"nofollow noopener\"><span class=\"a2a_label\">WhatsApp<\/span><\/a><a class=\"a2a_button_facebook\" href=\"https:\/\/www.amm.org.br\/#facebook\" target=\"_blank\" rel=\"nofollow noopener\"><span class=\"a2a_label\">Facebook<\/span><\/a><a class=\"a2a_button_twitter\" href=\"https:\/\/www.amm.org.br\/#twitter\" target=\"_blank\" rel=\"nofollow noopener\"><span class=\"a2a_label\">Twitter<\/span><\/a><a class=\"a2a_button_email\" href=\"https:\/\/www.amm.org.br\/#email\" target=\"_blank\" rel=\"nofollow noopener\"><span class=\"a2a_label\">Email<\/span><\/a><a class=\"a2a_button_google_gmail\" href=\"https:\/\/www.amm.org.br\/#google_gmail\" target=\"_blank\" rel=\"nofollow noopener\"><span class=\"a2a_label\">Gmail<\/span><\/a><a class=\"a2a_button_print\" href=\"https:\/\/www.amm.org.br\/#print\" target=\"_blank\" rel=\"nofollow noopener\"><span class=\"a2a_label\">Print<\/span><\/a><\/p>\n<div><\/div>\n<\/div>\n<\/div>\n<div class=\"col-12 col-md-10 col-lg-8\">\n<div class=\"row row-info\">\n<div class=\"col-12 col col-md-8 col-lg-7\">\n<h3 class=\"card-data\">Fonte: Assessoria SES-MT<\/h3>\n<div class=\"col-12 col-img-legenda\"><b>Cr\u00e9dito:<\/b><\/div>\n<div class=\"col-12 col-img-legenda\">SECOM-MT<\/div>\n<div class=\"col-12 text-size-acessibilidade\">\n<p>A Secretaria de Estado de Sa\u00fade (SES), por meio da Coordenadoria de Promo\u00e7\u00e3o e Humaniza\u00e7\u00e3o da Sa\u00fade, promove diversas a\u00e7\u00f5es em alus\u00e3o ao Dia Mundial da Prematuridade, celebrado em 17 de novembro, como parte da campanha Novembro Roxo.<\/p>\n<p>At\u00e9 o dia 31 de novembro, estar\u00e3o abertas as inscri\u00e7\u00f5es para a Agenda \u00danica do Novembro Roxo, um espa\u00e7o virtual que organiza atividades em diversos munic\u00edpios de Mato Grosso.<\/p>\n<p>O nutricionista e integrante da equipe de Promo\u00e7\u00e3o da Amamenta\u00e7\u00e3o e Alimenta\u00e7\u00e3o Complementar Saud\u00e1vel da SES, Rodrigo Carvalho, explicou que a Agenda \u00danica \u00e9 uma ferramenta pensada para organizar os eventos que ser\u00e3o realizados no Estado.<\/p>\n<p>\u201cA Agenda \u00danica \u00e9 um instrumento criado pela SES, em que desenvolvemos um formul\u00e1rio eletr\u00f4nico e, por meio dele, criamos o mapa das a\u00e7\u00f5es que v\u00e3o acontecer nos munic\u00edpios de Mato Grosso. L\u00e1 consta o nome do evento, o local, a data, a cidade e at\u00e9 mesmo se eles ir\u00e3o realizar alguma a\u00e7\u00e3o espec\u00edfica al\u00e9m das palestras\u201d, disse.<\/p>\n<p>As a\u00e7\u00f5es programadas incluem palestras em hospitais, campanhas nas redes sociais, orienta\u00e7\u00f5es e cartilhas para m\u00e3es, al\u00e9m de doa\u00e7\u00e3o de frascos de vidro para armazenamento de leite materno.<\/p>\n<p>O objetivo \u00e9 discutir a prematuridade, levantar debates e conscientizar as pessoas sobre o tema, especialmente as m\u00e3es e fam\u00edlias que t\u00eam ou podem ter um beb\u00ea prematuro.<\/p>\n<p>De acordo com a Organiza\u00e7\u00e3o Mundial da Sa\u00fade, um beb\u00ea \u00e9 considerado prematuro se nasce antes de 37 semanas de gesta\u00e7\u00e3o.<\/p>\n<p>Rodrigo ainda explicou que a prematuridade deve ser discutida o ano todo, mas especialmente em novembro, para levantar o debate sobre a tem\u00e1tica, de forma que o assunto tenha cada vez mais relev\u00e2ncia, no m\u00eas da campanha Novembro Roxo.<\/p>\n<p>\u201cO foco \u00e9 principalmente o di\u00e1logo com as m\u00e3es e fam\u00edlias que t\u00eam ou que possam ter eventualmente um beb\u00ea prematuro. Esse \u00e9 o momento de enfatizar as informa\u00e7\u00f5es sobre partos prematuros, suas causas e consequ\u00eancias\u201d, concluiu.<\/p>\n<\/div>\n<\/div>\n<\/div>\n<\/div>\n<\/div>\n","protected":false},"excerpt":{"rendered":"<p>At\u00e9 o dia 31 de novembro, estar\u00e3o abertas as inscri\u00e7\u00f5es para a Agenda \u00danica do<\/p>\n","protected":false},"author":2,"featured_media":35785,"comment_status":"open","ping_status":"open","sticky":false,"template":"","format":"standard","meta":{"footnotes":""},"categories":[7,13],"tags":[],"aioseo_notices":[],"_links":{"self":[{"href":"https:\/\/portalnewsgta.com.br\/index.php\/wp-json\/wp\/v2\/posts\/35784"}],"collection":[{"href":"https:\/\/portalnewsgta.com.br\/index.php\/wp-json\/wp\/v2\/posts"}],"about":[{"href":"https:\/\/portalnewsgta.com.br\/index.php\/wp-json\/wp\/v2\/types\/post"}],"author":[{"embeddable":true,"href":"https:\/\/portalnewsgta.com.br\/index.php\/wp-json\/wp\/v2\/users\/2"}],"replies":[{"embeddable":true,"href":"https:\/\/portalnewsgta.com.br\/index.php\/wp-json\/wp\/v2\/comments?post=35784"}],"version-history":[{"count":1,"href":"https:\/\/portalnewsgta.com.br\/index.php\/wp-json\/wp\/v2\/posts\/35784\/revisions"}],"predecessor-version":[{"id":35786,"href":"https:\/\/portalnewsgta.com.br\/index.php\/wp-json\/wp\/v2\/posts\/35784\/revisions\/35786"}],"wp:featuredmedia":[{"embeddable":true,"href":"https:\/\/portalnewsgta.com.br\/index.php\/wp-json\/wp\/v2\/media\/35785"}],"wp:attachment":[{"href":"https:\/\/portalnewsgta.com.br\/index.php\/wp-json\/wp\/v2\/media?parent=35784"}],"wp:term":[{"taxonomy":"category","embeddable":true,"href":"https:\/\/portalnewsgta.com.br\/index.php\/wp-json\/wp\/v2\/categories?post=35784"},{"taxonomy":"post_tag","embeddable":true,"href":"https:\/\/portalnewsgta.com.br\/index.php\/wp-json\/wp\/v2\/tags?post=35784"}],"curies":[{"name":"wp","href":"https:\/\/api.w.org\/{rel}","templated":true}]}}