{"id":35739,"date":"2024-11-21T06:43:14","date_gmt":"2024-11-21T09:43:14","guid":{"rendered":"https:\/\/portalnewsgta.com.br\/index.php\/2024\/11\/21\/mc-mirella-expulsa-os-pais-de-casa-nao-quero-mais-morar-junto\/"},"modified":"2024-11-21T06:43:14","modified_gmt":"2024-11-21T09:43:14","slug":"mc-mirella-expulsa-os-pais-de-casa-nao-quero-mais-morar-junto","status":"publish","type":"post","link":"https:\/\/portalnewsgta.com.br\/index.php\/2024\/11\/21\/mc-mirella-expulsa-os-pais-de-casa-nao-quero-mais-morar-junto\/","title":{"rendered":"MC Mirella expulsa os pais de casa: &quot;N\u00e3o quero mais morar junto&quot;"},"content":{"rendered":"<p>MC Mirella, ex-participante do reality show &#8220;A Fazenda&#8221;, revelou recentemente que pediu aos pais para deixarem sua resid\u00eancia, afirmando que a conviv\u00eancia estava insustent\u00e1vel.<\/p>\n<div class=\"dummyPub\">\u00a0<\/div>\n<p>Em uma s\u00e9rie de v\u00eddeos publicados nas redes sociais, a cantora desabafou: &#8220;Pedi para os meus pais sa\u00edrem de casa agora porque n\u00e3o quero mais morar junto, est\u00e1 passando dos limites.&#8221; Segundo ela, a decis\u00e3o foi tomada ap\u00f3s situa\u00e7\u00f5es que considera constrangedoras.<\/p>\n<p>&#8220;Passei diversas vergonhas, j\u00e1 me afastei de v\u00e1rias pessoas por conta das atitudes deles. Meu pai \u00e9 mais reservado, mas minha m\u00e3e&#8230; \u00e9 muito dif\u00edcil,&#8221; disse Mirella. A artista mencionou que o comportamento dos pais gerava conflitos que afetavam sua vida social e profissional.<\/p>\n<p>A cantora tamb\u00e9m revelou que essas tens\u00f5es n\u00e3o s\u00e3o recentes. &#8220;Desde antes da fama, nossa conviv\u00eancia j\u00e1 era complicada. Sa\u00ed de casa muito cedo porque queria paz para seguir minha carreira.&#8221; Ela destacou que alguns comportamentos dos pais refletiam o que ela descreveu como narcisismo: &#8220;O narcisismo existe, e lidar com isso por anos foi muito dif\u00edcil.&#8221;<\/p>\n<p>Mirella, que \u00e9 m\u00e3e da pequena Serena, de 10 meses, fruto de seu relacionamento com Dynho Alves, afirmou que sua prioridade agora \u00e9 o bem-estar da filha. &#8220;Quero um ambiente mais leve para mim e para minha filha. Preciso de paz.&#8221;<\/p>\n<p>Enquanto os pais procuram um novo local para morar, Mirella decidiu sair temporariamente da casa para evitar mais desgastes. &#8220;Eles est\u00e3o procurando um lugar para ir, e eu tamb\u00e9m dei um tempo fora de casa. \u00c9 o melhor para todo mundo,&#8221; explicou.<\/p>\n<p><span>  <\/span><span>[Legenda]<\/span><span>\u00a9 Instagram<\/span>\u00a0\u00a0 <span>  <\/span><span>[Legenda]<\/span><span>\u00a9 Instagram<\/span>\u00a0\u00a0<\/p>\n<p>A cantora concluiu afirmando que est\u00e1 disposta a manter o apoio \u00e0 fam\u00edlia, mas que o espa\u00e7o pessoal \u00e9 essencial para sua sa\u00fade mental. &#8220;Eu os amo, mas n\u00e3o consigo mais conviver assim. Preciso me cuidar para tamb\u00e9m cuidar da minha filha.&#8221;<\/p>\n<p>Leia Tamb\u00e9m: <a href=\"https:\/\/www.noticiasaominuto.com.br\/fama\/2228950\/lucy-liu-revela-drew-barrymore-escondida-em-seu-jardim-para-fugir-do-ex\" target=\"_blank\" rel=\"noopener\">Lucy Liu revela Drew Barrymore escondida em seu jardim para fugir do ex<\/a><\/p>\n<p>Fonte: noticiasaominuto.com.br<\/p>\n","protected":false},"excerpt":{"rendered":"<p>MC Mirella, ex-participante do reality show &#8220;A Fazenda&#8221;, revelou recentemente que pediu aos pais para<\/p>\n","protected":false},"author":0,"featured_media":35740,"comment_status":"open","ping_status":"open","sticky":false,"template":"","format":"standard","meta":{"footnotes":""},"categories":[6],"tags":[],"aioseo_notices":[],"_links":{"self":[{"href":"https:\/\/portalnewsgta.com.br\/index.php\/wp-json\/wp\/v2\/posts\/35739"}],"collection":[{"href":"https:\/\/portalnewsgta.com.br\/index.php\/wp-json\/wp\/v2\/posts"}],"about":[{"href":"https:\/\/portalnewsgta.com.br\/index.php\/wp-json\/wp\/v2\/types\/post"}],"replies":[{"embeddable":true,"href":"https:\/\/portalnewsgta.com.br\/index.php\/wp-json\/wp\/v2\/comments?post=35739"}],"version-history":[{"count":0,"href":"https:\/\/portalnewsgta.com.br\/index.php\/wp-json\/wp\/v2\/posts\/35739\/revisions"}],"wp:featuredmedia":[{"embeddable":true,"href":"https:\/\/portalnewsgta.com.br\/index.php\/wp-json\/wp\/v2\/media\/35740"}],"wp:attachment":[{"href":"https:\/\/portalnewsgta.com.br\/index.php\/wp-json\/wp\/v2\/media?parent=35739"}],"wp:term":[{"taxonomy":"category","embeddable":true,"href":"https:\/\/portalnewsgta.com.br\/index.php\/wp-json\/wp\/v2\/categories?post=35739"},{"taxonomy":"post_tag","embeddable":true,"href":"https:\/\/portalnewsgta.com.br\/index.php\/wp-json\/wp\/v2\/tags?post=35739"}],"curies":[{"name":"wp","href":"https:\/\/api.w.org\/{rel}","templated":true}]}}