{"id":35725,"date":"2024-11-20T21:42:46","date_gmt":"2024-11-21T00:42:46","guid":{"rendered":"https:\/\/portalnewsgta.com.br\/index.php\/2024\/11\/20\/apos-50-anos-neguinho-da-beija-flor-anuncia-ultimo-desfile-em-2025\/"},"modified":"2024-11-20T21:42:46","modified_gmt":"2024-11-21T00:42:46","slug":"apos-50-anos-neguinho-da-beija-flor-anuncia-ultimo-desfile-em-2025","status":"publish","type":"post","link":"https:\/\/portalnewsgta.com.br\/index.php\/2024\/11\/20\/apos-50-anos-neguinho-da-beija-flor-anuncia-ultimo-desfile-em-2025\/","title":{"rendered":"Ap\u00f3s 50 anos, Neguinho da Beija-Flor anuncia \u00faltimo desfile em 2025"},"content":{"rendered":"<p>O carnaval carioca de 2025, no\u00a0comecinho de mar\u00e7o, ser\u00e1 o \u00faltimo em que o p\u00fablico da Passarela do Samba ouvir\u00e1 o tradicional grito de guerra \u201cOlha a Beija-Flor a\u00ed, gente!\u201d com a voz de Neguinho da Beija-Flor. H\u00e1 50 anos na escola de samba azul e branca, o cantor e int\u00e9rprete anunciou nesta quarta-feira (20) que far\u00e1 apenas mais um desfile no Samb\u00f3dromo.<\/p>\n<div class=\"dummyPub\">\u00a0<\/div>\n<p>\u201cO desfile de 2025 marcar\u00e1 minha despedida como int\u00e9rprete de seus hinos na Passarela do Samba\u201d, escreveu Neguinho, em uma carta direcionada \u201c\u00e0 minha amada Beija-Flor\u201d e publicada no Instagram.<\/p>\n<p>\u201cVamos atravessar a Passarela do Samba pela derradeira vez, eu com a minha voz e o orgulho de sempre, sustentando a for\u00e7a e a magia de nossa comunidade que brilha no altar dos bambas. Ser\u00e1 mais um momento de nosso amor eterno\u201d, prometeu.<\/p>\n<p>O cantor de 75 anos est\u00e1 na escola de samba desde 11 de junho de 1975, quando entrou para a ala de compositores. Isso faz com que tenha participado de todos os 14 t\u00edtulos da escola de Nil\u00f3polis, munic\u00edpio da regi\u00e3o metropolitana do Rio de Janeiro. \u201cInserimos a Beija-Flor de Nil\u00f3polis na hist\u00f3ria da maior festa popular do Brasil. Em lugar de protagonista\u201d, afirmou.<\/p>\n<p>Na carta de despedida, Neguinho mostra a liga\u00e7\u00e3o profunda que tem com a azul e branca, a ponto de ter alterado o nome na carteira de identidade para Luiz Antonio Feliciano Neguinho da Beija-Flor Marcondes.<\/p>\n<p>Na despedida, ele lembra tamb\u00e9m de todo apoio que recebeu da agremia\u00e7\u00e3o e comunidade ao participar de desfile no per\u00edodo em que fazia tratamento contra um c\u00e2ncer, em 2009.<\/p>\n<p>\u201cTenho f\u00e9 que me curei gra\u00e7as a Deus e ao aben\u00e7oado rem\u00e9dio do Carnaval. Nunca esquecerei como a comunidade me recebeu, na volta aos ensaios, em nossa quadra sagrada. O aplauso e a montanha de carinho est\u00e3o para sempre tatuados na mem\u00f3ria\u201d, contou.<\/p>\n<p>Ao descrever a rela\u00e7\u00e3o com a escola, o cantor diz no comunicado de despedida que \u201cjamais\u201d cogitou receber sal\u00e1rio da Beija-Flor. \u201cNunca assinei contrato nem me submeti a qualquer burocracia. Nossa rela\u00e7\u00e3o \u00e9 \u00fanica e dispensa protocolos. Costumo repetir que se algu\u00e9m deve algo, sou eu a voc\u00ea, minha escola\u201d.<\/p>\n<p>A voz mais famosa da hist\u00f3ria da agremia\u00e7\u00e3o e, talvez, at\u00e9 do carnaval carioca, finaliza com o grito de guerra eternizado.<\/p>\n<p>\u201cObrigado por tudo, minha escola, minha vida, meu amor. Olha a Beija-Flor a\u00ed, gente!\u201d.<\/p>\n<p>Em publica\u00e7\u00e3o tamb\u00e9m no Instagram, a escola de samba mostrou que a rela\u00e7\u00e3o entre a Beija-Flor e Neguinho \u00e9 rec\u00edproca. \u201cO ano de 2025 ser\u00e1 marcado por grandes homenagens e recorda\u00e7\u00f5es. Viveremos o \u00faltimo desfile com a voz da nossa hist\u00f3ria. Nos enchemos de orgulho, gratid\u00e3o e respeito. O lado profissional se encerra, mas o elo \u00e9 eterno. Sua hist\u00f3ria est\u00e1 gravada em nossas cores, nossos sambas e nossos cora\u00e7\u00f5es\u201d, registra a publica\u00e7\u00e3o.<\/p>\n<p>Leia Tamb\u00e9m: <a href=\"https:\/\/www.noticiasaominuto.com.br\/celebridades\/2228830\/ed-motta-pede-desculpas-apos-brigar-com-integrante-de-sua-equipe-em-show\" target=\"_blank\" rel=\"noopener\">Ed Motta pede desculpas ap\u00f3s brigar com integrante de sua equipe em show<\/a><\/p>\n<p>Fonte: noticiasaominuto.com.br<\/p>\n","protected":false},"excerpt":{"rendered":"<p>O carnaval carioca de 2025, no\u00a0comecinho de mar\u00e7o, ser\u00e1 o \u00faltimo em que o p\u00fablico<\/p>\n","protected":false},"author":0,"featured_media":35726,"comment_status":"open","ping_status":"open","sticky":false,"template":"","format":"standard","meta":{"footnotes":""},"categories":[6],"tags":[],"aioseo_notices":[],"_links":{"self":[{"href":"https:\/\/portalnewsgta.com.br\/index.php\/wp-json\/wp\/v2\/posts\/35725"}],"collection":[{"href":"https:\/\/portalnewsgta.com.br\/index.php\/wp-json\/wp\/v2\/posts"}],"about":[{"href":"https:\/\/portalnewsgta.com.br\/index.php\/wp-json\/wp\/v2\/types\/post"}],"replies":[{"embeddable":true,"href":"https:\/\/portalnewsgta.com.br\/index.php\/wp-json\/wp\/v2\/comments?post=35725"}],"version-history":[{"count":0,"href":"https:\/\/portalnewsgta.com.br\/index.php\/wp-json\/wp\/v2\/posts\/35725\/revisions"}],"wp:featuredmedia":[{"embeddable":true,"href":"https:\/\/portalnewsgta.com.br\/index.php\/wp-json\/wp\/v2\/media\/35726"}],"wp:attachment":[{"href":"https:\/\/portalnewsgta.com.br\/index.php\/wp-json\/wp\/v2\/media?parent=35725"}],"wp:term":[{"taxonomy":"category","embeddable":true,"href":"https:\/\/portalnewsgta.com.br\/index.php\/wp-json\/wp\/v2\/categories?post=35725"},{"taxonomy":"post_tag","embeddable":true,"href":"https:\/\/portalnewsgta.com.br\/index.php\/wp-json\/wp\/v2\/tags?post=35725"}],"curies":[{"name":"wp","href":"https:\/\/api.w.org\/{rel}","templated":true}]}}