{"id":35719,"date":"2024-11-20T19:43:03","date_gmt":"2024-11-20T22:43:03","guid":{"rendered":"https:\/\/portalnewsgta.com.br\/index.php\/2024\/11\/20\/simbolo-do-antirracismo-vini-jr-descobre-ancestralidade-em-camaroes\/"},"modified":"2024-11-20T19:43:03","modified_gmt":"2024-11-20T22:43:03","slug":"simbolo-do-antirracismo-vini-jr-descobre-ancestralidade-em-camaroes","status":"publish","type":"post","link":"https:\/\/portalnewsgta.com.br\/index.php\/2024\/11\/20\/simbolo-do-antirracismo-vini-jr-descobre-ancestralidade-em-camaroes\/","title":{"rendered":"S\u00edmbolo do antirracismo, Vini Jr descobre ancestralidade em Camar\u00f5es"},"content":{"rendered":"<p>As celebra\u00e7\u00f5es do dia da consci\u00eancia negra, feriado nacional nesta quarta-feira (20), foram antecipadas pela CBF, na noite v\u00e9spera, nas Arena Fonte Nova, palco do Brasil x Uruguai, em Salvador (BA). O atacante Vin\u00edcius J\u00fanior, expoente da luta contra o racismo no Campeonato Espanhol, foi presenteado com um certificado de ancestralidade. O craque nascido em S\u00e3o Gon\u00e7alo (RJ) descobriu que seus antepassados mais long\u00ednquos eram de Camar\u00f5es, no continente africano, provenientes do povo Tikar.<\/p>\n<div class=\"dummyPub\">\u00a0<\/div>\n<p>\u201cN\u00e3o sabia, estou vendo agora. Mas estou muito feliz. Agora \u00e9 ganhar o jogo, bora pra cima&#8221;, disse Vini emocionado, ao receber o documento das m\u00e3os de Ednaldo Rodrigues, presidente da CBF.<\/p>\n<p>A identifica\u00e7\u00e3o da ancestralidade de Vini Jr foi poss\u00edvel a partir de um teste de DNA, feito a pedido da CBF \u00e0 empresa African Ancestry,\u00a0pioneira no rastreamento gen\u00e9tico de ancestrais paternos e maternos para pessoas negras em todo o mundo. Vin\u00edcius Jos\u00e9 Paix\u00e3o de Oliveira, pai de Vini Jr, era o \u00fanico que sabia da cerim\u00f4nia- surpresa em homenagem ao filho, mas desconhecia o resultado do teste de DNA.<\/p>\n<p>&#8220;\u00c9 importante para a gente saber de onde n\u00f3s viemos. S\u00e3o coisas que os brasileiros, na verdade, n\u00e3o sabem: onde veio a nossa ancestralidade, a nossa anteced\u00eancia. Mas fico feliz, somos de camar\u00f5es tamb\u00e9m&#8221;, afirmou o pai do camisa 7 da sele\u00e7\u00e3o.<\/p>\n<p>A homenagem \u00e0 Vini Jr faz parte da campanha \u201cRa\u00edzes de Ouro\u201d, campanha idealizada pela CBF, que visa \u201cinspirar todos os brasileiros afrodescendente a terem orgulho de seus ancestrais e dos pa\u00edses africanos\u201d.<\/p>\n<p>\u201cCelebrar Vini Jr \u00e9 celebrar a conquista de todos os brasileiros. Ao conhecer suas origens, reafirmamos nosso compromisso com uma sociedade inclusiva, reconhecendo o papel fundamental da cultura afro-brasileira em nossa identidade e no nosso sucesso no futebol mundial&#8221;, defende Ednaldo Rodrigues.<\/p>\n<p>Fundadora e presidente da African Ancestry, Gina Paige disse estar honrada em poder revelar a ancestralidade africana a Vini Jr e fam\u00edlia.<\/p>\n<p>\u201cAcreditamos que a reconex\u00e3o de Vini com suas ra\u00edzes africanas \u00e9 um poderoso \u2018ato de resist\u00eancia,\u2019 alinhado com sua defesa da justi\u00e7a social dentro e fora dos campos de futebol\u201d, pontuou Paige.<\/p>\n<p>A CBF considera que o camisa 7 da sele\u00e7\u00e3o \u201csegue os passos de grandes \u00edcones afro-brasileiros como Pel\u00e9, Garricha, Didi, Barbosa e Ronaldinho Ga\u00facho\u201d. V\u00e1rios craques brasileiros\u00a0que se destacaram no futebol mundial tamb\u00e9m foram celebrados\u00a0na noite de ter\u00e7a (19) com um<strong> mosaico gigante na Arena Fonte Nova. \u00a0<\/strong><\/p>\n<p>Al\u00e9m do certificado e da veicula\u00e7\u00e3o nas redes sociais de um filme sobre ancestralidade afrodescendente no pa\u00eds, a CBF exibir\u00e1 uma foto de Vini Jr ao lado das bandeiras do Brasil e de Camar\u00f5es, na fachada da sede da entidade, na Barra da Tijuca, bairro da zona oeste do Rio de Janeiro.<\/p>\n<p>A Fifa, entidade que regulamenta o futebol no mundo, aproveitou o cl\u00e1ssico sul-americano em Salvador, cidade com maior popula\u00e7\u00e3o negra fora do continente africano, para implementar pela primeira vez no Brasil o &#8220;gesto antirracista\u201d. Em resumo, o jogador que cruzar os bra\u00e7os em forma de X\u00a0na frente do peito durante uma partida, estar\u00e1 sinalizando ao \u00e1rbitro que foi alvo de insulto racista. Diante do gesto, o \u00e1rbitro proceder\u00e1 poder\u00e1 proceder de tr\u00eas formas: interromper a partida; suspend\u00ea-la se o abuso continuar, orientando os jogadores e dirigentes a deixarem o campo de jogo; e, por fim, caso o incidente prossiga, o \u00e1rbitro deixar\u00e1 a partida.<\/p>\n<p>O gesto antirracista foi aprovado em maio no\u00a074\u00ba Congresso da FIFA em Bangkok (Tail\u00e2ndia) e\u00a0se tornou parte do protocolo do futebol em setembro, ao ser\u00a0implementado na Copa do Mundo Feminina Sub-20 na\u00a0Col\u00f4mbia.\u00a0<\/p>\n<p>Leia Tamb\u00e9m: <a href=\"https:\/\/www.noticiasaominuto.com.br\/esporte\/2228833\/tottenham-apela-contra-suspensao-de-7-jogos-para-bentancur-por-comentario-ofensivo\" target=\"_blank\" rel=\"noopener\">Tottenham apela contra suspens\u00e3o de 7 jogos para Bentancur por coment\u00e1rio ofensivo<\/a><\/p>\n<p>Fonte: noticiasaominuto.com.br<\/p>\n","protected":false},"excerpt":{"rendered":"<p>As celebra\u00e7\u00f5es do dia da consci\u00eancia negra, feriado nacional nesta quarta-feira (20), foram antecipadas pela<\/p>\n","protected":false},"author":0,"featured_media":35720,"comment_status":"open","ping_status":"open","sticky":false,"template":"","format":"standard","meta":{"footnotes":""},"categories":[4],"tags":[],"aioseo_notices":[],"_links":{"self":[{"href":"https:\/\/portalnewsgta.com.br\/index.php\/wp-json\/wp\/v2\/posts\/35719"}],"collection":[{"href":"https:\/\/portalnewsgta.com.br\/index.php\/wp-json\/wp\/v2\/posts"}],"about":[{"href":"https:\/\/portalnewsgta.com.br\/index.php\/wp-json\/wp\/v2\/types\/post"}],"replies":[{"embeddable":true,"href":"https:\/\/portalnewsgta.com.br\/index.php\/wp-json\/wp\/v2\/comments?post=35719"}],"version-history":[{"count":0,"href":"https:\/\/portalnewsgta.com.br\/index.php\/wp-json\/wp\/v2\/posts\/35719\/revisions"}],"wp:featuredmedia":[{"embeddable":true,"href":"https:\/\/portalnewsgta.com.br\/index.php\/wp-json\/wp\/v2\/media\/35720"}],"wp:attachment":[{"href":"https:\/\/portalnewsgta.com.br\/index.php\/wp-json\/wp\/v2\/media?parent=35719"}],"wp:term":[{"taxonomy":"category","embeddable":true,"href":"https:\/\/portalnewsgta.com.br\/index.php\/wp-json\/wp\/v2\/categories?post=35719"},{"taxonomy":"post_tag","embeddable":true,"href":"https:\/\/portalnewsgta.com.br\/index.php\/wp-json\/wp\/v2\/tags?post=35719"}],"curies":[{"name":"wp","href":"https:\/\/api.w.org\/{rel}","templated":true}]}}