{"id":35699,"date":"2024-11-20T15:43:07","date_gmt":"2024-11-20T18:43:07","guid":{"rendered":"https:\/\/portalnewsgta.com.br\/index.php\/2024\/11\/20\/viola-davis-sera-homenageada-no-globo-de-ouro-2025\/"},"modified":"2024-11-20T15:43:07","modified_gmt":"2024-11-20T18:43:07","slug":"viola-davis-sera-homenageada-no-globo-de-ouro-2025","status":"publish","type":"post","link":"https:\/\/portalnewsgta.com.br\/index.php\/2024\/11\/20\/viola-davis-sera-homenageada-no-globo-de-ouro-2025\/","title":{"rendered":"Viola Davis ser\u00e1 homenageada no Globo de Ouro 2025"},"content":{"rendered":"<p>Viola Davis ser\u00e1 homenageada com o Pr\u00eamio Cecil B. DeMille na cerim\u00f4nia do Globo de Ouro de 2025.<\/p>\n<div class=\"dummyPub\">\u00a0<\/div>\n<p>Davis venceu seu primeiro Globo de Ouro na categoria de atriz coadjuvante por sua atua\u00e7\u00e3o em Fences (2016), dirigido por Denzel Washington, conquistando tamb\u00e9m um SAG Award e um Oscar pelo mesmo papel.<\/p>\n<p>Em 2024, Viola Davis se tornou a mulher negra com o maior n\u00famero de indica\u00e7\u00f5es na hist\u00f3ria do Oscar.<\/p>\n<p>Criado em 1952, o Pr\u00eamio Cecil B. DeMille \u00e9 concedido a indiv\u00edduos que tenham contribu\u00eddo de forma significativa para o mundo do entretenimento ao longo de suas carreiras. Trata-se de uma honraria entregue anualmente pela Associa\u00e7\u00e3o de Imprensa Estrangeira de Hollywood durante a cerim\u00f4nia do Globo de Ouro.<\/p>\n<p>At\u00e9 hoje, o pr\u00eamio foi entregue a 69 homenageados, incluindo Denzel Washington, Walt Disney, Sidney Poitier, Robert Redford, Barbra Streisand e Oprah Winfrey.<\/p>\n<p>Viola Davis \u00e9 uma artista reverenciada, ativista, filantropa e autora de best-sellers. Ela \u00e9 uma das 27 pessoas na hist\u00f3ria a alcan\u00e7ar o status EGOT, tendo recebido pr\u00eamios no Oscar, Emmy, Grammy e Tony Awards. Al\u00e9m disso, foi reconhecida pela Time 100 em 2017 como uma das pessoas mais influentes do mundo.<\/p>\n<p>Leia Tamb\u00e9m: <a href=\"https:\/\/www.noticiasaominuto.com.br\/fama\/2228799\/corpo-de-liam-payne-e-velado-com-presenca-de-ex-membros-do-one-direction\" target=\"_blank\" rel=\"noopener\">Corpo de Liam Payne \u00e9 velado com presen\u00e7a de ex-membros do One Direction<\/a><\/p>\n<p>Fonte: noticiasaominuto.com.br<\/p>\n","protected":false},"excerpt":{"rendered":"<p>Viola Davis ser\u00e1 homenageada com o Pr\u00eamio Cecil B. DeMille na cerim\u00f4nia do Globo de<\/p>\n","protected":false},"author":0,"featured_media":35700,"comment_status":"open","ping_status":"open","sticky":false,"template":"","format":"standard","meta":{"footnotes":""},"categories":[6],"tags":[],"aioseo_notices":[],"_links":{"self":[{"href":"https:\/\/portalnewsgta.com.br\/index.php\/wp-json\/wp\/v2\/posts\/35699"}],"collection":[{"href":"https:\/\/portalnewsgta.com.br\/index.php\/wp-json\/wp\/v2\/posts"}],"about":[{"href":"https:\/\/portalnewsgta.com.br\/index.php\/wp-json\/wp\/v2\/types\/post"}],"replies":[{"embeddable":true,"href":"https:\/\/portalnewsgta.com.br\/index.php\/wp-json\/wp\/v2\/comments?post=35699"}],"version-history":[{"count":0,"href":"https:\/\/portalnewsgta.com.br\/index.php\/wp-json\/wp\/v2\/posts\/35699\/revisions"}],"wp:featuredmedia":[{"embeddable":true,"href":"https:\/\/portalnewsgta.com.br\/index.php\/wp-json\/wp\/v2\/media\/35700"}],"wp:attachment":[{"href":"https:\/\/portalnewsgta.com.br\/index.php\/wp-json\/wp\/v2\/media?parent=35699"}],"wp:term":[{"taxonomy":"category","embeddable":true,"href":"https:\/\/portalnewsgta.com.br\/index.php\/wp-json\/wp\/v2\/categories?post=35699"},{"taxonomy":"post_tag","embeddable":true,"href":"https:\/\/portalnewsgta.com.br\/index.php\/wp-json\/wp\/v2\/tags?post=35699"}],"curies":[{"name":"wp","href":"https:\/\/api.w.org\/{rel}","templated":true}]}}