{"id":35679,"date":"2024-11-20T13:12:16","date_gmt":"2024-11-20T16:12:16","guid":{"rendered":"https:\/\/portalnewsgta.com.br\/index.php\/2024\/11\/20\/vice-governador-inaugura-reforma-de-unidade-da-sema-e-anuncia-investimentos-em-parque-municipal\/"},"modified":"2024-11-20T13:12:16","modified_gmt":"2024-11-20T16:12:16","slug":"vice-governador-inaugura-reforma-de-unidade-da-sema-e-anuncia-investimentos-em-parque-municipal","status":"publish","type":"post","link":"https:\/\/portalnewsgta.com.br\/index.php\/2024\/11\/20\/vice-governador-inaugura-reforma-de-unidade-da-sema-e-anuncia-investimentos-em-parque-municipal\/","title":{"rendered":"Vice-governador inaugura reforma de unidade da Sema e anuncia investimentos em parque municipal"},"content":{"rendered":"<div>\n<div id=\"infocoweb\" data-uuid=\"b6d9450a-047d-4c4e-a342-9f8922267a1b\" class=\"infocoweb infocoweb_canal_61\">\n<div id=\"infocoweb_cabecalho\" class=\"infocoweb_cabecalho\"><\/div>\n<div id=\"infocoweb_corpo\" class=\"infocoweb_corpo\"><span class=\"ifn_post_add_feature_image_to_the_top\"><\/span><\/p>\n<p>O vice-governador Otaviano Pivetta inaugurou, nesta ter\u00e7a-feira (19.11), a nova sede da Diretoria Unificada Descentralizada (DUD) da Secretaria de Estado de Meio Ambiente (Sema) em Ju\u00edna. Com investimento de R$ 910 mil, recursos revertidos do Governo do Estado atrav\u00e9s de Termos de Ajustamento de Conduta (TAC), a unidade foi reformada e modernizada ap\u00f3s 24 anos de sua inaugura\u00e7\u00e3o.<\/p>\n<p>\u201cEstamos criando espa\u00e7os que representam o Estado, como essa unidade aqui em Ju\u00edna, que vai atender toda a regi\u00e3o. Qualquer cidad\u00e3o que precisar de um servi\u00e7o da Sema ser\u00e1 bem atendido, em um ambiente moderno e adequado, que tamb\u00e9m proporciona melhores condi\u00e7\u00f5es de trabalho aos nossos servidores\u201d, destacou o vice-governador, que tamb\u00e9m assinou um novo TAC, no valor de R$ 2,1 milh\u00f5es, para a melhoria e conserva\u00e7\u00e3o do Parque Natural Municipal Lagoa das Gar\u00e7as.<\/p>\n<p>Al\u00e9m de Ju\u00edna, a nova unidade beneficiar\u00e1 sete munic\u00edpios da Regi\u00e3o Noroeste: Brasnorte, Castanheira, Juruena, Cotrigua\u00e7u, Colniza, Aripuan\u00e3 e Rondol\u00e2ndia.<\/p>\n<p>O pr\u00e9dio passou por diversas melhorias, como a reforma da recep\u00e7\u00e3o, amplia\u00e7\u00e3o das salas de atendimento, cria\u00e7\u00e3o de sala de reuni\u00f5es e TI, constru\u00e7\u00e3o de uma cozinha e abrigos tempor\u00e1rios para animais silvestres, al\u00e9m de adapta\u00e7\u00f5es nos banheiros para garantir acessibilidade.<\/p>\n<p><source><img decoding=\"async\" alt=\"\" height=\"267\" src=\"https:\/\/www.secom.mt.gov.br\/documents\/d\/mt\/img_1589-jpeg\">         <\/source><\/p>\n<p>\u201cAtrav\u00e9s dos TACs, conseguimos converter danos ambientais em benef\u00edcios para a sociedade. Esta reforma n\u00e3o s\u00f3 melhora o atendimento \u00e0 popula\u00e7\u00e3o, mas tamb\u00e9m fortalece a gest\u00e3o ambiental da regi\u00e3o. Hoje, celebramos uma conquista que reflete nossa responsabilidade com os recursos p\u00fablicos e o compromisso com o cidad\u00e3o\u201d, afirmou a secret\u00e1ria de Estado de Meio Ambiente, Mauren Lazzaretti. <\/p>\n<p>Durante a agenda, o vice-governador Otaviano Pivetta anunciou tamb\u00e9m a constru\u00e7\u00e3o de duas novas unidades do modelo Col\u00e9gio Estadual Integrado (CEI), com a implanta\u00e7\u00e3o das escolas militar e c\u00edvico-militar, visitou o terreno da Escola Municipal Padre Anchieta, que ser\u00e1 reformada e ampliada, e acompanhou o andamento das obras do Hospital Regional de Ju\u00edna.<\/p>\n<p>O prefeito Paulo Veronese refor\u00e7ou a import\u00e2ncia das obras para o desenvolvimento do munic\u00edpio e agradeceu o apoio do Governo do Estado.<\/p>\n<p>\u201cEsses investimentos s\u00e3o importantes para melhorar a infraestrutura da nossa cidade e a qualidade de vida da popula\u00e7\u00e3o. Agrade\u00e7o ao vice-governador pela parceira, que j\u00e1 trouxe tantos avan\u00e7os para o nosso munic\u00edpio, como o projeto de asfaltamento da BR-174, a implanta\u00e7\u00e3o do hospital e agora as melhorias no Parque Municipal\u201d, afirmou<\/p>\n<p id=\"infocoweb_fonte\" class=\"infocoweb_fonte\">Fonte: Governo MT \u2013 MT<\/p>\n<style>#infocoweb_cabecalho {\n        display: inline-block;\n        margin-top: -75px;\n        position: absolute;\n        right: 0;\n    }\n<\/style>\n<style><\/style>\n<\/div>\n<div id=\"infocoweb_rodape\" class=\"infocoweb_rodape\"><\/div>\n<\/div>\n<p>O post Vice-governador inaugura reforma de unidade da Sema e anuncia investimentos em parque municipal apareceu primeiro em Portal MT.<\/p>\n<\/div>\n","protected":false},"excerpt":{"rendered":"<p>O vice-governador Otaviano Pivetta inaugurou, nesta ter\u00e7a-feira (19.11), a nova sede da Diretoria Unificada Descentralizada<\/p>\n","protected":false},"author":2,"featured_media":35680,"comment_status":"registered_only","ping_status":"closed","sticky":false,"template":"","format":"standard","meta":{"footnotes":""},"categories":[7],"tags":[],"aioseo_notices":[],"_links":{"self":[{"href":"https:\/\/portalnewsgta.com.br\/index.php\/wp-json\/wp\/v2\/posts\/35679"}],"collection":[{"href":"https:\/\/portalnewsgta.com.br\/index.php\/wp-json\/wp\/v2\/posts"}],"about":[{"href":"https:\/\/portalnewsgta.com.br\/index.php\/wp-json\/wp\/v2\/types\/post"}],"author":[{"embeddable":true,"href":"https:\/\/portalnewsgta.com.br\/index.php\/wp-json\/wp\/v2\/users\/2"}],"replies":[{"embeddable":true,"href":"https:\/\/portalnewsgta.com.br\/index.php\/wp-json\/wp\/v2\/comments?post=35679"}],"version-history":[{"count":0,"href":"https:\/\/portalnewsgta.com.br\/index.php\/wp-json\/wp\/v2\/posts\/35679\/revisions"}],"wp:featuredmedia":[{"embeddable":true,"href":"https:\/\/portalnewsgta.com.br\/index.php\/wp-json\/wp\/v2\/media\/35680"}],"wp:attachment":[{"href":"https:\/\/portalnewsgta.com.br\/index.php\/wp-json\/wp\/v2\/media?parent=35679"}],"wp:term":[{"taxonomy":"category","embeddable":true,"href":"https:\/\/portalnewsgta.com.br\/index.php\/wp-json\/wp\/v2\/categories?post=35679"},{"taxonomy":"post_tag","embeddable":true,"href":"https:\/\/portalnewsgta.com.br\/index.php\/wp-json\/wp\/v2\/tags?post=35679"}],"curies":[{"name":"wp","href":"https:\/\/api.w.org\/{rel}","templated":true}]}}