{"id":35677,"date":"2024-11-20T13:12:12","date_gmt":"2024-11-20T16:12:12","guid":{"rendered":"https:\/\/portalnewsgta.com.br\/index.php\/2024\/11\/20\/casa-cuiabana-recebe-workshop-sobre-equidade-racial-e-representatividade-na-comunicacao-neste-sabado-23\/"},"modified":"2024-11-20T13:12:12","modified_gmt":"2024-11-20T16:12:12","slug":"casa-cuiabana-recebe-workshop-sobre-equidade-racial-e-representatividade-na-comunicacao-neste-sabado-23","status":"publish","type":"post","link":"https:\/\/portalnewsgta.com.br\/index.php\/2024\/11\/20\/casa-cuiabana-recebe-workshop-sobre-equidade-racial-e-representatividade-na-comunicacao-neste-sabado-23\/","title":{"rendered":"Casa Cuiabana recebe workshop sobre equidade racial e representatividade na comunica\u00e7\u00e3o neste s\u00e1bado (23)"},"content":{"rendered":"<div>\n<div id=\"infocoweb\" data-uuid=\"64f26f95-26a2-4a89-a686-eebcff054319\" class=\"infocoweb infocoweb_canal_61\">\n<div id=\"infocoweb_cabecalho\" class=\"infocoweb_cabecalho\"><\/div>\n<div id=\"infocoweb_corpo\" class=\"infocoweb_corpo\"><span class=\"ifn_post_add_feature_image_to_the_top\"><\/span><\/p>\n<p>O Centro Cultural Casa Cuiabana recebe no pr\u00f3ximo s\u00e1bado (23.11), das 8h \u00e0s 18h, o Workshop \u201cVozes Negras de Mato Grosso: por uma Comunica\u00e7\u00e3o mais diversa\u201d, que busca sensibilizar e capacitar sobre a import\u00e2ncia da equidade racial e da representatividade na produ\u00e7\u00e3o de conte\u00fados midi\u00e1ticos. <\/p>\n<p>Direcionado a jornalistas, profissionais e estudantes de comunica\u00e7\u00e3o de todo o Estado, o evento \u00e9 gratuito e os participantes ter\u00e3o direito a certificado emitido pelo Instituto Federal de Mato Grosso. As inscri\u00e7\u00f5es s\u00e3o feitas por este link.<\/p>\n<p>As atividades visam ampliar a visibilidade das vozes negras e ind\u00edgenas e conscientizar sobre pr\u00e1ticas de comunica\u00e7\u00e3o antirracistas, bem como refletir sobre a ocupa\u00e7\u00e3o do mercado de trabalho por profissionais negros e ind\u00edgenas na \u00e1rea. Tamb\u00e9m ser\u00e1 divulgada uma lista de fontes negras para serem utilizadas pela comunica\u00e7\u00e3o.<\/p>\n<p>Com o tema \u201cRela\u00e7\u00f5es Raciais e Comunica\u00e7\u00e3o: Construindo Narrativas de Inclus\u00e3o e Diversidade\u201d, a palestra magna do evento ser\u00e1 feita pela professora doutora e pesquisadora do N\u00facleo de Estudos e Pesquisas sobre Rela\u00e7\u00f5es Raciais e Educa\u00e7\u00e3o da UFMT (Nepre\/UFMT) C\u00e2ndida Soares.<\/p>\n<p>A programa\u00e7\u00e3o conta ainda com a mesa de debate \u201cAs fontes falam. Voc\u00ea escuta?\u201d, e com os pain\u00e9is \u201cDi\u00e1logos com representantes dos movimentos negros e ind\u00edgenas de Mato Grosso\u201d e \u201cComo evitar estere\u00f3tipos e preconceitos na produ\u00e7\u00e3o de conte\u00fados midi\u00e1ticos\u201d. Os temas ser\u00e3o debatidos e apresentados por renomados especialistas negros, ciganos e ind\u00edgenas de Mato Grosso.  <\/p>\n<p>Haver\u00e1 tamb\u00e9m um espa\u00e7o para a apresenta\u00e7\u00e3o de boas pr\u00e1ticas de equidade racial na comunica\u00e7\u00e3o de Mato Grosso. O evento se encerrar\u00e1 com um sarau no quintal da Casa Cuiabana, com apresenta\u00e7\u00f5es culturais, palco livre e bebidas gr\u00e1tis para os participantes.<\/p>\n<p>O 1\u00ba Workshop de Equidade Racial de Mato Grosso \u201cVozes Negras de Mato Grosso: por uma Comunica\u00e7\u00e3o mais diversa\u201d \u00e9 uma realiza\u00e7\u00e3o da Comiss\u00e3o de Jornalistas pela Igualdade Racial (Cojira-MT), do Sindicato dos Jornalistas de Mato Grosso, e conta com o apoio da Secretaria de Estado de Cultura, Esporte e Lazer (Secel-MT).<\/p>\n<p><strong>Servi\u00e7o <\/strong><\/p>\n<p>Workshop \u201cVozes Negras de Mato Grosso: por uma Comunica\u00e7\u00e3o mais diversa\u201d<\/p>\n<p>Data: s\u00e1bado (23.11), das 8h \u00e0s 18h<\/p>\n<p>Onde: Centro Cultural Casa Cuiabana <\/p>\n<p>Inscri\u00e7\u00f5es: https:\/\/linktr.ee\/cojiramatogrosso<\/p>\n<p>Mais informa\u00e7\u00f5es: Instagram @cojiramatogrosso <br \/> E-mail: cojiramatogrosso@gmail.com<\/p>\n<p id=\"infocoweb_fonte\" class=\"infocoweb_fonte\">Fonte: Governo MT \u2013 MT<\/p>\n<style>#infocoweb_cabecalho {\n        display: inline-block;\n        margin-top: -75px;\n        position: absolute;\n        right: 0;\n    }\n<\/style>\n<style><\/style>\n<\/div>\n<div id=\"infocoweb_rodape\" class=\"infocoweb_rodape\"><\/div>\n<\/div>\n<p>O post Casa Cuiabana recebe workshop sobre equidade racial e representatividade na comunica\u00e7\u00e3o neste s\u00e1bado (23) apareceu primeiro em Portal MT.<\/p>\n<\/div>\n","protected":false},"excerpt":{"rendered":"<p>O Centro Cultural Casa Cuiabana recebe no pr\u00f3ximo s\u00e1bado (23.11), das 8h \u00e0s 18h, o<\/p>\n","protected":false},"author":2,"featured_media":35678,"comment_status":"registered_only","ping_status":"closed","sticky":false,"template":"","format":"standard","meta":{"footnotes":""},"categories":[7],"tags":[],"aioseo_notices":[],"_links":{"self":[{"href":"https:\/\/portalnewsgta.com.br\/index.php\/wp-json\/wp\/v2\/posts\/35677"}],"collection":[{"href":"https:\/\/portalnewsgta.com.br\/index.php\/wp-json\/wp\/v2\/posts"}],"about":[{"href":"https:\/\/portalnewsgta.com.br\/index.php\/wp-json\/wp\/v2\/types\/post"}],"author":[{"embeddable":true,"href":"https:\/\/portalnewsgta.com.br\/index.php\/wp-json\/wp\/v2\/users\/2"}],"replies":[{"embeddable":true,"href":"https:\/\/portalnewsgta.com.br\/index.php\/wp-json\/wp\/v2\/comments?post=35677"}],"version-history":[{"count":0,"href":"https:\/\/portalnewsgta.com.br\/index.php\/wp-json\/wp\/v2\/posts\/35677\/revisions"}],"wp:featuredmedia":[{"embeddable":true,"href":"https:\/\/portalnewsgta.com.br\/index.php\/wp-json\/wp\/v2\/media\/35678"}],"wp:attachment":[{"href":"https:\/\/portalnewsgta.com.br\/index.php\/wp-json\/wp\/v2\/media?parent=35677"}],"wp:term":[{"taxonomy":"category","embeddable":true,"href":"https:\/\/portalnewsgta.com.br\/index.php\/wp-json\/wp\/v2\/categories?post=35677"},{"taxonomy":"post_tag","embeddable":true,"href":"https:\/\/portalnewsgta.com.br\/index.php\/wp-json\/wp\/v2\/tags?post=35677"}],"curies":[{"name":"wp","href":"https:\/\/api.w.org\/{rel}","templated":true}]}}