{"id":35663,"date":"2024-11-20T11:44:58","date_gmt":"2024-11-20T14:44:58","guid":{"rendered":"https:\/\/portalnewsgta.com.br\/index.php\/2024\/11\/20\/nadal-se-emociona-na-despedida-quero-ser-lembrado-como-um-garoto-que-realizou-seus-sonhos\/"},"modified":"2024-11-20T11:44:58","modified_gmt":"2024-11-20T14:44:58","slug":"nadal-se-emociona-na-despedida-quero-ser-lembrado-como-um-garoto-que-realizou-seus-sonhos","status":"publish","type":"post","link":"https:\/\/portalnewsgta.com.br\/index.php\/2024\/11\/20\/nadal-se-emociona-na-despedida-quero-ser-lembrado-como-um-garoto-que-realizou-seus-sonhos\/","title":{"rendered":"Nadal se emociona na despedida: &#8216;Quero ser lembrado como um garoto que realizou seus sonhos&#8217;"},"content":{"rendered":"<p>Rafael Nadal viveu uma ter\u00e7a-feira diferente no Pal\u00e1cio de Esportes Jos\u00e9 Mar\u00eda Mart\u00edn, em M\u00e1laga, onde a Espanha acabou eliminada pela Holanda nas quartas de final da Copa Davis, por 2 a 1, marcando a despedida do astro espanhol das quadras. Emocionado, o veterano de 38 anos fez um discurso de agradecimento emocionado, disse que ainda gosta de jogar t\u00eanis, apesar dos problemas f\u00edsicos e celebrou a carreira vitoriosa como a realiza\u00e7\u00e3o de um sonho.<\/p>\n<div class=\"dummyPub\">\u00a0<\/div>\n<p>&#8220;Sou muito sortudo por receber tanto carinho. Sou eu quem deveria agradecer, a tantas pessoas, que \u00e9 dif\u00edcil saber por onde come\u00e7ar&#8221;, disse Nadal, enquanto ouviu mais uma vez o &#8220;Vamos, Rafa&#8221;, que tanto o empurrou em quadra. &#8220;Muitas pessoas trabalham duro, tentam o seu melhor todos os dias. Eu tenho tido muita sorte e s\u00f3 quero ser lembrado como uma boa pessoa e um garoto que seguiu seus sonhos de uma pequena vila de Mallorca e conquistou mais do que eu jamais sonhou.&#8221;<\/p>\n<p>Humilde, o astro espanhol ainda se definiu como satisfeito pelas fa\u00e7anhas na modalidade. &#8220;Eu deixei aquele garoto orgulhoso&#8221;, frisou. &#8220;Os t\u00edtulos, os n\u00fameros, eles est\u00e3o marcados. As pessoas provavelmente sabem disso.&#8221;<\/p>\n<p>Nadal dedicou as vit\u00f3rias e t\u00edtulos ao apoio das arquibancadas. &#8220;Sinceramente, s\u00e3o 20 anos de carreira profissional em que a torcida sempre me animou, nos bons momentos me ajudou a conquistar o pr\u00f3ximo ponto e nos momentos dif\u00edceis me incentivou a continuar lutando. Na Espanha e no mundo em geral, me senti muito feliz por receber tanto carinho.&#8221;<\/p>\n<p>Com poucos jogos nos \u00faltimos meses e batalha incessante contra as dores, o ex-n\u00famero 1 do mundo admitiu que a aposentadoria acabou sendo a \u00fanica sa\u00edda encontrada pelo desgaste f\u00edsico. &#8220;A realidade \u00e9 que voc\u00ea nunca quer que esse momento chegue, n\u00e3o estou cansado de jogar t\u00eanis, mas meu corpo n\u00e3o quer mais jogar t\u00eanis&#8221;, lamentou Nadal. &#8220;Tenho de aceitar a situa\u00e7\u00e3o, me sinto super privilegiado, consegui transformar um dos meus hobbies em minha carreira, e demorou muito mais do que eu imaginava. S\u00f3 posso ser grato \u00e0 vida.&#8221;<\/p>\n<p>Por fim, fez agradecimento especial \u00e0 sele\u00e7\u00e3o espanhola, aos amigos e familiares. &#8220;Gostaria de agradecer a toda a sele\u00e7\u00e3o espanhola que est\u00e1 aqui. Todos voc\u00eas me permitiram jogar nesta Copa Davis. N\u00e3o saiu como quer\u00edamos, mas dei tudo o que tinha&#8221;, disse. &#8220;Muitos dos momentos mais emocionantes da minha carreira foram com muitas das pessoas que est\u00e3o aqui, foi um enorme privil\u00e9gio. Alcan\u00e7amos tantas coisas incr\u00edveis juntos e agora \u00e9 hora de todos voc\u00eas continuarem a alcan\u00e7\u00e1-las.&#8221;<\/p>\n<p>Sem definir o que far\u00e1 no futuro, se mostra em paz. &#8220;Estou tranquilo porque recebi uma educa\u00e7\u00e3o que me permite encarar (minha nova vida) com tranquilidade. Tenho uma \u00f3tima fam\u00edlia ao meu redor que me ajuda&#8221;, afirmou, se dirigindo aos entes queridos com l\u00e1grimas nos olhos.<\/p>\n<p>Leia Tamb\u00e9m: <a href=\"https:\/\/www.noticiasaominuto.com.br\/esporte\/2228663\/imagens-emocionantes-rafael-nadal-se-despede-do-tenis-na-copa-davis\" target=\"_blank\" rel=\"noopener\">Imagens emocionantes: Rafael Nadal se despede do t\u00eanis na Copa Davis<\/a><\/p>\n<p>Fonte: noticiasaominuto.com.br<\/p>\n","protected":false},"excerpt":{"rendered":"<p>Rafael Nadal viveu uma ter\u00e7a-feira diferente no Pal\u00e1cio de Esportes Jos\u00e9 Mar\u00eda Mart\u00edn, em M\u00e1laga,<\/p>\n","protected":false},"author":0,"featured_media":35664,"comment_status":"open","ping_status":"open","sticky":false,"template":"","format":"standard","meta":{"footnotes":""},"categories":[4],"tags":[],"aioseo_notices":[],"_links":{"self":[{"href":"https:\/\/portalnewsgta.com.br\/index.php\/wp-json\/wp\/v2\/posts\/35663"}],"collection":[{"href":"https:\/\/portalnewsgta.com.br\/index.php\/wp-json\/wp\/v2\/posts"}],"about":[{"href":"https:\/\/portalnewsgta.com.br\/index.php\/wp-json\/wp\/v2\/types\/post"}],"replies":[{"embeddable":true,"href":"https:\/\/portalnewsgta.com.br\/index.php\/wp-json\/wp\/v2\/comments?post=35663"}],"version-history":[{"count":0,"href":"https:\/\/portalnewsgta.com.br\/index.php\/wp-json\/wp\/v2\/posts\/35663\/revisions"}],"wp:featuredmedia":[{"embeddable":true,"href":"https:\/\/portalnewsgta.com.br\/index.php\/wp-json\/wp\/v2\/media\/35664"}],"wp:attachment":[{"href":"https:\/\/portalnewsgta.com.br\/index.php\/wp-json\/wp\/v2\/media?parent=35663"}],"wp:term":[{"taxonomy":"category","embeddable":true,"href":"https:\/\/portalnewsgta.com.br\/index.php\/wp-json\/wp\/v2\/categories?post=35663"},{"taxonomy":"post_tag","embeddable":true,"href":"https:\/\/portalnewsgta.com.br\/index.php\/wp-json\/wp\/v2\/tags?post=35663"}],"curies":[{"name":"wp","href":"https:\/\/api.w.org\/{rel}","templated":true}]}}