{"id":35635,"date":"2024-11-20T07:43:24","date_gmt":"2024-11-20T10:43:24","guid":{"rendered":"https:\/\/portalnewsgta.com.br\/index.php\/2024\/11\/20\/imagens-emocionantes-rafael-nadal-se-despede-do-tenis-na-copa-davis\/"},"modified":"2024-11-20T07:43:24","modified_gmt":"2024-11-20T10:43:24","slug":"imagens-emocionantes-rafael-nadal-se-despede-do-tenis-na-copa-davis","status":"publish","type":"post","link":"https:\/\/portalnewsgta.com.br\/index.php\/2024\/11\/20\/imagens-emocionantes-rafael-nadal-se-despede-do-tenis-na-copa-davis\/","title":{"rendered":"Imagens emocionantes: Rafael Nadal se despede do t\u00eanis na Copa Davis"},"content":{"rendered":"<p>Chegou ao fim uma era no t\u00eanis mundial. Rafael Nadal encerrou sua carreira nesta ter\u00e7a-feira, durante a participa\u00e7\u00e3o na Copa Davis, marcando sua despedida com uma derrota, mas em meio a muita emo\u00e7\u00e3o.<\/p>\n<div class=\"dummyPub\">\u00a0<\/div>\n<p>Horas depois de perder para Botic van de Zandschulp por duplo 6-4, o espanhol ainda tinha a esperan\u00e7a de se despedir com uma vit\u00f3ria na partida de duplas. No entanto, a derrota de Carlos Alcaraz e Marcel Granollers para a equipe dos Pa\u00edses Baixos decretou a elimina\u00e7\u00e3o da Espanha da competi\u00e7\u00e3o.<\/p>\n<p>Ao final do evento, em M\u00e1laga, Nadal recebeu uma merecida homenagem na quadra. Emocionado, o tenista n\u00e3o conteve as l\u00e1grimas ao dar adeus a um esporte no qual deixou um legado impressionante, com 92 t\u00edtulos conquistados ao longo de sua carreira.<\/p>\n<p>Confira as imagens deste momento emocionante.<\/p>\n<p>Leia Tamb\u00e9m: <a href=\"https:\/\/www.noticiasaominuto.com.br\/esporte\/2228645\/athletico-pr-vai-ter-ligga-arena-lotada-contra-o-atletico-go-para-se-afastar-do-rebaixamento\" target=\"_blank\" rel=\"noopener\">Athletico-PR vai ter Ligga Arena lotada contra o Atl\u00e9tico-GO para se afastar do rebaixamento<\/a><\/p>\n<p>Fonte: noticiasaominuto.com.br<\/p>\n","protected":false},"excerpt":{"rendered":"<p>Chegou ao fim uma era no t\u00eanis mundial. Rafael Nadal encerrou sua carreira nesta ter\u00e7a-feira,<\/p>\n","protected":false},"author":0,"featured_media":35636,"comment_status":"open","ping_status":"open","sticky":false,"template":"","format":"standard","meta":{"footnotes":""},"categories":[4],"tags":[],"aioseo_notices":[],"_links":{"self":[{"href":"https:\/\/portalnewsgta.com.br\/index.php\/wp-json\/wp\/v2\/posts\/35635"}],"collection":[{"href":"https:\/\/portalnewsgta.com.br\/index.php\/wp-json\/wp\/v2\/posts"}],"about":[{"href":"https:\/\/portalnewsgta.com.br\/index.php\/wp-json\/wp\/v2\/types\/post"}],"replies":[{"embeddable":true,"href":"https:\/\/portalnewsgta.com.br\/index.php\/wp-json\/wp\/v2\/comments?post=35635"}],"version-history":[{"count":0,"href":"https:\/\/portalnewsgta.com.br\/index.php\/wp-json\/wp\/v2\/posts\/35635\/revisions"}],"wp:featuredmedia":[{"embeddable":true,"href":"https:\/\/portalnewsgta.com.br\/index.php\/wp-json\/wp\/v2\/media\/35636"}],"wp:attachment":[{"href":"https:\/\/portalnewsgta.com.br\/index.php\/wp-json\/wp\/v2\/media?parent=35635"}],"wp:term":[{"taxonomy":"category","embeddable":true,"href":"https:\/\/portalnewsgta.com.br\/index.php\/wp-json\/wp\/v2\/categories?post=35635"},{"taxonomy":"post_tag","embeddable":true,"href":"https:\/\/portalnewsgta.com.br\/index.php\/wp-json\/wp\/v2\/tags?post=35635"}],"curies":[{"name":"wp","href":"https:\/\/api.w.org\/{rel}","templated":true}]}}