{"id":35393,"date":"2024-11-18T18:00:25","date_gmt":"2024-11-18T21:00:25","guid":{"rendered":"https:\/\/portalnewsgta.com.br\/index.php\/2024\/11\/18\/presidente-da-academia-mato-grossense-de-letras-lanca-livro-de-poesia-contemplado-em-selecao-publica-da-secel\/"},"modified":"2024-11-18T18:00:25","modified_gmt":"2024-11-18T21:00:25","slug":"presidente-da-academia-mato-grossense-de-letras-lanca-livro-de-poesia-contemplado-em-selecao-publica-da-secel","status":"publish","type":"post","link":"https:\/\/portalnewsgta.com.br\/index.php\/2024\/11\/18\/presidente-da-academia-mato-grossense-de-letras-lanca-livro-de-poesia-contemplado-em-selecao-publica-da-secel\/","title":{"rendered":"Presidente da Academia Mato-grossense de Letras lan\u00e7a livro de poesia contemplado em sele\u00e7\u00e3o p\u00fablica da Secel"},"content":{"rendered":"<div>\n<div id=\"infocoweb\" data-uuid=\"149f9fc3-cbcf-4198-aac8-2827b9e2f775\" class=\"infocoweb infocoweb_canal_61\">\n<div id=\"infocoweb_cabecalho\" class=\"infocoweb_cabecalho\"><\/div>\n<div id=\"infocoweb_corpo\" class=\"infocoweb_corpo\"><span class=\"ifn_post_add_feature_image_to_the_top\"><\/span><\/p>\n<p style=\"text-align: justify\">A presidente da Academia Mato-grossense de Letras (AML) e escritora Luciene Carvalho lan\u00e7a seu novo livro de poesia, intitulado \u201cSaranzal\u201d, nesta ter\u00e7a-feira (19.11), \u00e0s 19h, no Pal\u00e1cio da Instru\u00e7\u00e3o, em Cuiab\u00e1. A obra foi uma das contempladas pelo edital Estev\u00e3o de Mendon\u00e7a de Incentivo \u00e0 Literatura Mato-Grossense promovido pela Secretaria de Estado de Cultura, Esporte e Lazer (Secel).<\/p>\n<p style=\"text-align: justify\">\u201cA Secel fomentou e vem fomentando a iniciativa liter\u00e1ria e \u00e9 muito importante esse caminho onde a gente tenha as v\u00e1rias demandas da literatura contempladas, at\u00e9 porque existe um grupo que v\u00eam produzindo h\u00e1 muito tempo, ent\u00e3o \u00e9 necess\u00e1ria essa valoriza\u00e7\u00e3o\u201d, ressalta Luciene Carvalho. <\/p>\n<p style=\"text-align: justify\">A escritora aponta que as poesias s\u00e3o influenciadas por momentos da pandemia e a p\u00f3s-pandemia de coronav\u00edrus, assim como por reflex\u00f5es sobre a morte do seu pai, quest\u00e3o nunca abordada em nenhum de seus livros.<\/p>\n<p style=\"text-align: justify\">\u201cNeste ano, faz 50 anos da morte dele e, pela primeira vez, eu trouxe um conte\u00fado sobre a presen\u00e7a afetiva do meu pai na minha poesia e na minha vida, ent\u00e3o eu digo que, neste livro, fluiu intensamente minha rela\u00e7\u00e3o com meu p\u00fablico\u201d, explica.<\/p>\n<p style=\"text-align: justify\">No lan\u00e7amento de Saranzal, evento que integra o Quilombo Po\u00e9tico, o p\u00fablico poder\u00e1 vivenciar uma performance teatral e liter\u00e1ria, onde Luciene, tamb\u00e9m diretora de teatro, trar\u00e1 elementos da oralidade e da poesia encenada. <\/p>\n<p style=\"text-align: justify\">O evento reflete a contemporaneidade e a conex\u00e3o entre o passado e o presente de Luciene, que, prestes a completar 60 anos, explora suas mem\u00f3rias pessoais e coletivas com uma nova voz. \u201cEsse evento vai falar da preta, da mulher perif\u00e9rica, da mulher pobre, da mulher poeta e da diretora de teatro\u201d, diz.<\/p>\n<p style=\"text-align: justify\">Luciene \u00e9 considerada a primeira mulher negra a presidir uma Academia de Letras no Brasil, ocupando a cadeira n\u00ba 31 da Academia Mato-grossense de Letras. Sua primeira obra foi publicada em 1994 e, durante a sua trajet\u00f3ria como escritora, foi contemplada por diversos pr\u00eamios. <\/p>\n<p style=\"text-align: justify\"><strong>Edital de Literatura<\/strong><\/p>\n<p style=\"text-align: justify\">O Edital Estev\u00e3o de Mendon\u00e7a foi lan\u00e7ado, em 2022, para fomentar a cria\u00e7\u00e3o e publica\u00e7\u00e3o, em formato impresso e digital, de obras liter\u00e1rias e projetos de incentivo \u00e0 leitura. Ao todo ocorreu um investimento de R$ 2 milh\u00f5es em 73 propostas culturais, distribu\u00eddas em diversas categorias como obras do g\u00eanero adulto, infantojuvenil, infantis e tamb\u00e9m propostas de fomento \u00e0 leitura e a cria\u00e7\u00e3o.<\/p>\n<p style=\"text-align: justify\">Servi\u00e7o:<\/p>\n<p style=\"text-align: justify\">Lan\u00e7amento do livro \u201cSaranzal\u201d de Luciene Carvalho<br \/> Local: Pal\u00e1cio da Instru\u00e7\u00e3o, Cuiab\u00e1<br \/> Data: 19 de novembro de 2024<br \/> Hor\u00e1rio:19h<\/p>\n<p style=\"text-align: justify\">Clique aqui para adquirir o livro<\/p>\n<p style=\"text-align: justify\"><em>*Sob supervis\u00e3o de Cida Rodrigues<\/em><\/p>\n<p id=\"infocoweb_fonte\" class=\"infocoweb_fonte\">Fonte: Governo MT \u2013 MT<\/p>\n<style>#infocoweb_cabecalho {\n        display: inline-block;\n        margin-top: -75px;\n        position: absolute;\n        right: 0;\n    }\n<\/style>\n<style><\/style>\n<\/div>\n<div id=\"infocoweb_rodape\" class=\"infocoweb_rodape\"><\/div>\n<\/div>\n<p>O post Presidente da Academia Mato-grossense de Letras lan\u00e7a livro de poesia contemplado em sele\u00e7\u00e3o p\u00fablica da Secel apareceu primeiro em Portal MT.<\/p>\n<\/div>\n","protected":false},"excerpt":{"rendered":"<p>A presidente da Academia Mato-grossense de Letras (AML) e escritora Luciene Carvalho lan\u00e7a seu novo<\/p>\n","protected":false},"author":2,"featured_media":35394,"comment_status":"registered_only","ping_status":"closed","sticky":false,"template":"","format":"standard","meta":{"footnotes":""},"categories":[7],"tags":[],"aioseo_notices":[],"_links":{"self":[{"href":"https:\/\/portalnewsgta.com.br\/index.php\/wp-json\/wp\/v2\/posts\/35393"}],"collection":[{"href":"https:\/\/portalnewsgta.com.br\/index.php\/wp-json\/wp\/v2\/posts"}],"about":[{"href":"https:\/\/portalnewsgta.com.br\/index.php\/wp-json\/wp\/v2\/types\/post"}],"author":[{"embeddable":true,"href":"https:\/\/portalnewsgta.com.br\/index.php\/wp-json\/wp\/v2\/users\/2"}],"replies":[{"embeddable":true,"href":"https:\/\/portalnewsgta.com.br\/index.php\/wp-json\/wp\/v2\/comments?post=35393"}],"version-history":[{"count":0,"href":"https:\/\/portalnewsgta.com.br\/index.php\/wp-json\/wp\/v2\/posts\/35393\/revisions"}],"wp:featuredmedia":[{"embeddable":true,"href":"https:\/\/portalnewsgta.com.br\/index.php\/wp-json\/wp\/v2\/media\/35394"}],"wp:attachment":[{"href":"https:\/\/portalnewsgta.com.br\/index.php\/wp-json\/wp\/v2\/media?parent=35393"}],"wp:term":[{"taxonomy":"category","embeddable":true,"href":"https:\/\/portalnewsgta.com.br\/index.php\/wp-json\/wp\/v2\/categories?post=35393"},{"taxonomy":"post_tag","embeddable":true,"href":"https:\/\/portalnewsgta.com.br\/index.php\/wp-json\/wp\/v2\/tags?post=35393"}],"curies":[{"name":"wp","href":"https:\/\/api.w.org\/{rel}","templated":true}]}}