{"id":35167,"date":"2024-11-17T08:42:51","date_gmt":"2024-11-17T11:42:51","guid":{"rendered":"https:\/\/portalnewsgta.com.br\/index.php\/2024\/11\/17\/miss-universo-tem-pela-1a-vez-candidata-com-vitiligo-entenda-o-que-e-a-doenca\/"},"modified":"2024-11-17T08:42:51","modified_gmt":"2024-11-17T11:42:51","slug":"miss-universo-tem-pela-1a-vez-candidata-com-vitiligo-entenda-o-que-e-a-doenca","status":"publish","type":"post","link":"https:\/\/portalnewsgta.com.br\/index.php\/2024\/11\/17\/miss-universo-tem-pela-1a-vez-candidata-com-vitiligo-entenda-o-que-e-a-doenca\/","title":{"rendered":"Miss Universo tem pela 1\u00aa vez candidata com vitiligo; entenda o que \u00e9 a doen\u00e7a"},"content":{"rendered":"<p>A modelo Logina Salah, eleita Miss Egito em 2024, \u00e9 uma das selecionadas para concorrer \u00e0 coroa da 73\u00aa edi\u00e7\u00e3o do Miss Universo, que acontece neste s\u00e1bado, 16. Diagnosticada com vitiligo aos 8 anos de idade, a presen\u00e7a de Logina na passarela da competi\u00e7\u00e3o \u00e9 considerada mais um passo rumo a quebra de padr\u00f5es est\u00e9ticos na moda, como tamb\u00e9m chama aten\u00e7\u00e3o sobre a condi\u00e7\u00e3o que, apesar de afetar um milh\u00e3o de brasileiros, ainda carrega d\u00favidas e estigmas.<\/p>\n<p>&#8220;Estou animada para representar o Egito, as mulheres com vitiligo e qualquer pessoa que j\u00e1 tenha sentido n\u00e3o pertencente&#8221;, disse Logina, que tem 34 anos, em entrevista \u00e0 imprensa em outubro deste ano. &#8220;Minha miss\u00e3o \u00e9 empoderar aqueles que se sentem marginalizados, deixando-os cientes de que n\u00e3o est\u00e3o sozinhos&#8221;, completou.<\/p>\n<\/p>\n<p>De acordo com o Hospital Israelita Albert Einstein, o vitiligo \u00e9 uma condi\u00e7\u00e3o cut\u00e2nea, ou seja, que afeta exclusivamente a pele. A sua principal caracter\u00edstica \u00e9 a perda de pigmenta\u00e7\u00e3o, fazendo com que ela fique mais clara em v\u00e1rias regi\u00f5es do corpo. Isso acontece por causa da altera\u00e7\u00e3o na quantidade de melan\u00f3citos, c\u00e9lulas que produzem a melanina, prote\u00edna respons\u00e1vel pela pigmenta\u00e7\u00e3o da pele.<\/p>\n<\/p>\n<p>Segundo o Minist\u00e9rio da Sa\u00fade, a altera\u00e7\u00e3o na pele atinge de 0,5 a 2% da popula\u00e7\u00e3o mundial. No Brasil, mais de um milh\u00e3o de pessoas manifestam possuem vitiligo (0,54% dos brasileiros) e no pa\u00eds ocorre em 1,2% das pessoas brancas e em 1,9% das pardas e negras, aparecendo entre as 25 doen\u00e7as dermatol\u00f3gicas mais frequentes em todas as macrorregi\u00f5es do pa\u00eds.<\/p>\n<\/p>\n<p>\u00c9 importante ressaltar que h\u00e1 muita desinforma\u00e7\u00e3o e, consequentemente, muito preconceito, em rela\u00e7\u00e3o ao vitiligo, conforme destaca a Sociedade Brasileira de Dermatologia (SBD). Justamente por isso, n\u00e3o \u00e9 incomum encontrarmos pessoas que acreditam que a doen\u00e7a \u00e9 contagiosa &#8211; o que n\u00e3o \u00e9 verdade. Apenas pessoas com altera\u00e7\u00e3o na quantidade de melan\u00f3citos possuem a condi\u00e7\u00e3o, que n\u00e3o \u00e9 transmitida de pessoa para pessoa.<\/p>\n<\/p>\n<p>Quais s\u00e3o as causas?<\/p>\n<\/p>\n<p>Embora a causa do vitiligo ainda n\u00e3o seja completamente compreendida, a principal hip\u00f3tese aponta para uma doen\u00e7a autoimune, na qual o sistema imunol\u00f3gico ataca os melan\u00f3citos &#8211; c\u00e9lulas respons\u00e1veis pela produ\u00e7\u00e3o de melanina, o pigmento que d\u00e1 cor \u00e0 pele. Embora a origem exata da doen\u00e7a permane\u00e7a desconhecida, sabe-se que o vitiligo pode ser heredit\u00e1rio ou se manifestar de forma espont\u00e2nea, sem um fator claro de desencadeamento.<\/p>\n<\/p>\n<p>Al\u00e9m da poss\u00edvel origem autoimune, o Albert Einstein aponta outros fatores que podem estar associados ao vitiligo:<\/p>\n<\/p>\n<p>&#8211; Eventos traum\u00e1ticos, tanto emocionais quanto f\u00edsicos (epis\u00f3dios de estresse extremo ou queimaduras, por exemplo);<\/p>\n<\/p>\n<p>&#8211; Contato com subst\u00e2ncias qu\u00edmicas que podem levar \u00e0 morte dos melan\u00f3citos.<\/p>\n<\/p>\n<p>\u00c9 importante destacar que, segundo a SBD, a pele, sendo o maior \u00f3rg\u00e3o do corpo, frequentemente reage a sinais de estresse emocional e f\u00edsico. Isso ocorre porque a pele e o sistema nervoso compartilham a mesma origem, a ectoderme, o que permite uma comunica\u00e7\u00e3o constante entre eles.<\/p>\n<\/p>\n<p>&#8220;Por essa raz\u00e3o, doen\u00e7as como vitiligo, psor\u00edase e eczema podem ser exacerbadas por fatores psicossom\u00e1ticos, em que o estresse e as tens\u00f5es emocionais influenciam diretamente o surgimento e a progress\u00e3o das les\u00f5es cut\u00e2neas&#8221;, destaca a entidade m\u00e9dica. Justamente por isso, \u00e9 comum que, durante as consultas de pacientes com a doen\u00e7a, sejam encontrados algum problema de fundo emocional, como situa\u00e7\u00f5es estressantes, como a perda de um ente querido, brigas familiares, demiss\u00e3o, entre outros traumas.<\/p>\n<\/p>\n<p>Por outro lado, as les\u00f5es provocadas pela doen\u00e7a, n\u00e3o raro, impactam significativamente a qualidade de vida e a autoestima. &#8220;Por isso, na maioria dos casos recomenda-se o acompanhamento psicol\u00f3gico para prevenir o surgimento de novas les\u00f5es e obter efeitos positivos com o tratamento&#8221;, destaca a SBD.<\/p>\n<\/p>\n<p>Quais s\u00e3o os sintomas?<\/p>\n<\/p>\n<p>A maioria dos pacientes n\u00e3o manifesta qualquer sintoma al\u00e9m do surgimento de manchas brancas na pele. Em alguns casos, relatam sentir sensibilidade e dor na \u00e1rea afetada &#8211; mas isso n\u00e3o \u00e9 uma regra.<\/p>\n<\/p>\n<p>Quando o vitiligo \u00e9 detectado, o dermatologista pode classific\u00e1-lo por dois tipos:<\/p>\n<\/p>\n<p>&#8211; Segmentar ou unilateral: manifesta-se apenas em uma parte do corpo, normalmente quando o paciente ainda \u00e9 jovem. Pelos e cabelos tamb\u00e9m podem perder a colora\u00e7\u00e3o.<\/p>\n<\/p>\n<p>&#8211; N\u00e3o segmentar ou bilateral: \u00e9 o tipo mais comum. Manifesta-se nos dois lados do corpo, por exemplo, duas m\u00e3os, dois p\u00e9s, dois joelhos. Em geral, as manchas surgem inicialmente em extremidades como m\u00e3os, p\u00e9s, nariz e boca. H\u00e1 ciclos de perda de cor e \u00e9pocas em que a doen\u00e7a se desenvolve. Depois, h\u00e1 per\u00edodos de estagna\u00e7\u00e3o. Estes ciclos ocorrem durante toda a vida e a dura\u00e7\u00e3o, bem como as \u00e1reas despigmentadas, tendem a se tornar maiores com o tempo.<\/p>\n<\/p>\n<p>Existe tratamento?<\/p>\n<\/p>\n<p>Segundo o Minist\u00e9rio da Sa\u00fade, n\u00e3o existe cura para o vitiligo. Contudo, h\u00e1 tratamentos muito eficientes para diminuir o crescimento das manchas. Dentre as op\u00e7\u00f5es terap\u00eauticas, que devem ser feitas sob orienta\u00e7\u00e3o de dermatologistas, est\u00e1 o uso de medicamentos que induzem a repigmenta\u00e7\u00e3o das regi\u00f5es afetadas. Al\u00e9m disso, \u00e9 poss\u00edvel utilizar tecnologias como o laser, t\u00e9cnicas cir\u00fargicas ou de transplante de melan\u00f3citos.<\/p>\n<\/p>\n<p>O tratamento do vitiligo \u00e9 individualizado, e os resultados podem variar consideravelmente entre um paciente e outro. Por isso, somente um profissional qualificado pode indicar a melhor op\u00e7\u00e3o.<\/p>\n<\/p>\n<p>&#8220;\u00c9 importante lembrar que a doen\u00e7a pode ter um excelente controle com a terap\u00eautica adequada e repigmentar completamente a pele, sem nenhuma diferencia\u00e7\u00e3o de cor&#8221;, ressalta o MS.<\/p>\n<p>Fonte: noticiasaominuto.com.br<\/p>\n","protected":false},"excerpt":{"rendered":"<p>A modelo Logina Salah, eleita Miss Egito em 2024, \u00e9 uma das selecionadas para concorrer<\/p>\n","protected":false},"author":0,"featured_media":35168,"comment_status":"open","ping_status":"open","sticky":false,"template":"","format":"standard","meta":{"footnotes":""},"categories":[6],"tags":[],"aioseo_notices":[],"_links":{"self":[{"href":"https:\/\/portalnewsgta.com.br\/index.php\/wp-json\/wp\/v2\/posts\/35167"}],"collection":[{"href":"https:\/\/portalnewsgta.com.br\/index.php\/wp-json\/wp\/v2\/posts"}],"about":[{"href":"https:\/\/portalnewsgta.com.br\/index.php\/wp-json\/wp\/v2\/types\/post"}],"replies":[{"embeddable":true,"href":"https:\/\/portalnewsgta.com.br\/index.php\/wp-json\/wp\/v2\/comments?post=35167"}],"version-history":[{"count":0,"href":"https:\/\/portalnewsgta.com.br\/index.php\/wp-json\/wp\/v2\/posts\/35167\/revisions"}],"wp:featuredmedia":[{"embeddable":true,"href":"https:\/\/portalnewsgta.com.br\/index.php\/wp-json\/wp\/v2\/media\/35168"}],"wp:attachment":[{"href":"https:\/\/portalnewsgta.com.br\/index.php\/wp-json\/wp\/v2\/media?parent=35167"}],"wp:term":[{"taxonomy":"category","embeddable":true,"href":"https:\/\/portalnewsgta.com.br\/index.php\/wp-json\/wp\/v2\/categories?post=35167"},{"taxonomy":"post_tag","embeddable":true,"href":"https:\/\/portalnewsgta.com.br\/index.php\/wp-json\/wp\/v2\/tags?post=35167"}],"curies":[{"name":"wp","href":"https:\/\/api.w.org\/{rel}","templated":true}]}}