{"id":34910,"date":"2024-11-14T12:00:56","date_gmt":"2024-11-14T15:00:56","guid":{"rendered":"https:\/\/portalnewsgta.com.br\/index.php\/2024\/11\/14\/penitenciaria-central-e-escolhida-pelo-cnj-para-desenvolvimento-do-projeto-mentes-literarias\/"},"modified":"2024-11-14T12:00:56","modified_gmt":"2024-11-14T15:00:56","slug":"penitenciaria-central-e-escolhida-pelo-cnj-para-desenvolvimento-do-projeto-mentes-literarias","status":"publish","type":"post","link":"https:\/\/portalnewsgta.com.br\/index.php\/2024\/11\/14\/penitenciaria-central-e-escolhida-pelo-cnj-para-desenvolvimento-do-projeto-mentes-literarias\/","title":{"rendered":"Penitenci\u00e1ria Central \u00e9 escolhida pelo CNJ para desenvolvimento do projeto Mentes Liter\u00e1rias"},"content":{"rendered":"<div>\n<div id=\"infocoweb\" data-uuid=\"d557a2cb-3d98-4d55-93a4-0f292f60593e\" class=\"infocoweb infocoweb_canal_61\">\n<div id=\"infocoweb_cabecalho\" class=\"infocoweb_cabecalho\"><\/div>\n<div id=\"infocoweb_corpo\" class=\"infocoweb_corpo\"><span class=\"ifn_post_add_feature_image_to_the_top\"><\/span><\/p>\n<p>A maior unidade prisional de Mato Grosso, a Penitenci\u00e1ria Central do Estado (PCE), em Cuiab\u00e1, foi escolhida pelo Conselho Nacional de Justi\u00e7a (CNJ) para desenvolver o projeto Mentes Liter\u00e1rias, para incentivar a remi\u00e7\u00e3o de pena por meio da leitura como pr\u00e1tica social educativa no sistema prisional.<\/p>\n<p>O lan\u00e7amento do projeto ocorreu na tarde desta ter\u00e7a-feira (13.11).<\/p>\n<p>O conselheiro e supervisor do departamento de Monitoramento e Fiscaliza\u00e7\u00e3o Carcer\u00e1ria do CNJ, desembargador Jos\u00e9 Edivaldo Rotondano, destacou que Mato Grosso foi um dos Estados escolhidos por causa dos grandes investimentos nos eixos de pol\u00edticas educacionais, sa\u00fade mental e melhorias dos ambientes prisionais.<\/p>\n<p>\u201cEscolhi Mato Grosso, pelo trabalho que est\u00e1 sendo realizado pelo Estado, sobretudo pela atua\u00e7\u00e3o dignificante com as a\u00e7\u00f5es positivas que v\u00eam sendo desenvolvidas para as pessoas privadas de liberdade\u201d, destacou.<\/p>\n<p>O secret\u00e1rio adjunto de Administra\u00e7\u00e3o Penitenci\u00e1ria, Jean Gon\u00e7alves, tamb\u00e9m participou do lan\u00e7amento do projeto e destacou em sua fala que a atual gest\u00e3o est\u00e1 focada na melhoria das condi\u00e7\u00f5es para que o reeducando possa cumprir sua pena com maior dignidade.<\/p>\n<p>\u201cA escolha do nosso Estado para o desenvolvimento do projeto Mentes Liter\u00e1rias vem ao encontro das pol\u00edticas de educa\u00e7\u00e3o carcer\u00e1ria desenvolvidas pelo Governo do Estado e vai fortalecer os programas educa\u00e7\u00e3o formal, profissionalizante e de remi\u00e7\u00e3o de pena pela leitura dentro das unidades prisionais\u201d, pontuou.<\/p>\n<p><source><\/source><img fetchpriority=\"high\" decoding=\"async\" alt=\"\" height=\"608\" src=\"https:\/\/www.secom.mt.gov.br\/documents\/d\/sesp\/whatsapp-image-2024-11-13-at-17-57-47-1-jpeg?imageThumbnail=3\" width=\"1079\">  <\/p>\n<p><strong>Projeto de Leitura<\/strong><\/p>\n<p>Conforme o balan\u00e7o semestral da Secretaria Adjunta de Administra\u00e7\u00e3o Penitenci\u00e1ria (Saap), at\u00e9 junho desse ano 2.152 reeducandos do sistema prisional de Mato Grosso participam de projetos de leitura por remi\u00e7\u00e3o de pena ou por lazer.  <\/p>\n<p>Para o desenvolvimento do piloto, ao todo, foram escolhidos 20 reeducandos da Penitenci\u00e1ria Central para participar do projeto.<\/p>\n<p><strong>Mentes Liter\u00e1rias<\/strong><\/p>\n<p>O Mentes Liter\u00e1rias est\u00e1 alinhado \u00e0s diretrizes da Resolu\u00e7\u00e3o CNJ n. 391\/2021, que incentiva a remi\u00e7\u00e3o de pena por meio da leitura como pr\u00e1tica social educativa no sistema prisional.  O projeto ter\u00e1 rodas de leitura, apresenta\u00e7\u00e3o teatral e at\u00e9 grava\u00e7\u00e3o de podcast com pessoas privadas de liberdade.<\/p>\n<p>A iniciativa prev\u00ea a realiza\u00e7\u00e3o de rodas e oficinas de leitura e escrita em unidades prisionais e Escrit\u00f3rios Sociais, al\u00e9m da qualifica\u00e7\u00e3o de acervos liter\u00e1rios e da estrutura\u00e7\u00e3o de bibliotecas nesses espa\u00e7os.<\/p>\n<p>A metodologia do projeto inclui encontros quinzenais ou mensais ao longo de seis meses, promovendo a continuidade e o aprofundamento das pr\u00e1ticas de leitura.<\/p>\n<p>*<em>Com informa\u00e7\u00f5es do CNJ<\/em><\/p>\n<p id=\"infocoweb_fonte\" class=\"infocoweb_fonte\">Fonte: Governo MT \u2013 MT<\/p>\n<style>#infocoweb_cabecalho {\n        display: inline-block;\n        margin-top: -75px;\n        position: absolute;\n        right: 0;\n    }\n<\/style>\n<style><\/style>\n<\/div>\n<div id=\"infocoweb_rodape\" class=\"infocoweb_rodape\"><\/div>\n<\/div>\n<p>O post Penitenci\u00e1ria Central \u00e9 escolhida pelo CNJ para desenvolvimento do projeto Mentes Liter\u00e1rias apareceu primeiro em Portal MT.<\/p>\n<\/div>\n","protected":false},"excerpt":{"rendered":"<p>A maior unidade prisional de Mato Grosso, a Penitenci\u00e1ria Central do Estado (PCE), em Cuiab\u00e1,<\/p>\n","protected":false},"author":2,"featured_media":34911,"comment_status":"registered_only","ping_status":"closed","sticky":false,"template":"","format":"standard","meta":{"footnotes":""},"categories":[7],"tags":[],"aioseo_notices":[],"_links":{"self":[{"href":"https:\/\/portalnewsgta.com.br\/index.php\/wp-json\/wp\/v2\/posts\/34910"}],"collection":[{"href":"https:\/\/portalnewsgta.com.br\/index.php\/wp-json\/wp\/v2\/posts"}],"about":[{"href":"https:\/\/portalnewsgta.com.br\/index.php\/wp-json\/wp\/v2\/types\/post"}],"author":[{"embeddable":true,"href":"https:\/\/portalnewsgta.com.br\/index.php\/wp-json\/wp\/v2\/users\/2"}],"replies":[{"embeddable":true,"href":"https:\/\/portalnewsgta.com.br\/index.php\/wp-json\/wp\/v2\/comments?post=34910"}],"version-history":[{"count":0,"href":"https:\/\/portalnewsgta.com.br\/index.php\/wp-json\/wp\/v2\/posts\/34910\/revisions"}],"wp:featuredmedia":[{"embeddable":true,"href":"https:\/\/portalnewsgta.com.br\/index.php\/wp-json\/wp\/v2\/media\/34911"}],"wp:attachment":[{"href":"https:\/\/portalnewsgta.com.br\/index.php\/wp-json\/wp\/v2\/media?parent=34910"}],"wp:term":[{"taxonomy":"category","embeddable":true,"href":"https:\/\/portalnewsgta.com.br\/index.php\/wp-json\/wp\/v2\/categories?post=34910"},{"taxonomy":"post_tag","embeddable":true,"href":"https:\/\/portalnewsgta.com.br\/index.php\/wp-json\/wp\/v2\/tags?post=34910"}],"curies":[{"name":"wp","href":"https:\/\/api.w.org\/{rel}","templated":true}]}}