{"id":34906,"date":"2024-11-14T12:00:51","date_gmt":"2024-11-14T15:00:51","guid":{"rendered":"https:\/\/portalnewsgta.com.br\/index.php\/2024\/11\/14\/policia-civil-prende-envolvido-em-homicidio-e-ocultacao-de-cadaver-de-jovem-em-sapezal\/"},"modified":"2024-11-14T12:00:51","modified_gmt":"2024-11-14T15:00:51","slug":"policia-civil-prende-envolvido-em-homicidio-e-ocultacao-de-cadaver-de-jovem-em-sapezal","status":"publish","type":"post","link":"https:\/\/portalnewsgta.com.br\/index.php\/2024\/11\/14\/policia-civil-prende-envolvido-em-homicidio-e-ocultacao-de-cadaver-de-jovem-em-sapezal\/","title":{"rendered":"Pol\u00edcia Civil prende envolvido em homic\u00eddio e oculta\u00e7\u00e3o de cad\u00e1ver de jovem em Sapezal"},"content":{"rendered":"<div>\n<div id=\"infocoweb\" data-uuid=\"d21f4317-ed4c-4a2f-ad3a-7c4f4a355d7f\" class=\"infocoweb infocoweb_canal_61\">\n<div id=\"infocoweb_cabecalho\" class=\"infocoweb_cabecalho\"><\/div>\n<div id=\"infocoweb_corpo\" class=\"infocoweb_corpo\"><span class=\"ifn_post_add_feature_image_to_the_top\"><\/span><\/p>\n<p style=\"text-align: justify\">Um dos envolvidos no homic\u00eddio de um jovem, que estava desaparecido desde do \u00faltimo dia 07 de novembro, foi preso em flagrante pela Pol\u00edcia Civil, nesta quarta-feira (13.11), durante investiga\u00e7\u00f5es conduzidas pelos policiais da Delegacia de Sapezal. As investiga\u00e7\u00f5es tamb\u00e9m resultaram na localiza\u00e7\u00e3o do corpo da v\u00edtima.<\/p>\n<p style=\"text-align: justify\">O suspeito, de 28 anos, confessou a participa\u00e7\u00e3o no crime e revelou aos policiais onde o corpo estava escondido. Ele foi autuado em flagrante pelo crime de oculta\u00e7\u00e3o de cad\u00e1ver e responder\u00e1 em inqu\u00e9rito policial pelos crimes de homic\u00eddio qualificado e organiza\u00e7\u00e3o criminosa.<\/p>\n<p style=\"text-align: justify\">As investiga\u00e7\u00f5es iniciaram no dia 08 de novembro, ap\u00f3s familiares procurarem a Delegacia de Sapezal para comunicar o desaparecimento do jovem, que havia sa\u00eddo de casa no dia anterior e n\u00e3o teria retornado.<\/p>\n<p style=\"text-align: justify\">Durante as investiga\u00e7\u00f5es, a equipe de investigadores recebeu informa\u00e7\u00f5es sobre um poss\u00edvel suspeito e ve\u00edculo utilizado no crime. Os policiais iniciaram as dilig\u00eancias para localizar o suspeito, que ao perceber a presen\u00e7a dos policiais tentou fugir, por\u00e9m acabou detido.<\/p>\n<p style=\"text-align: justify\">Questionado, ele confessou o envolvimento no crime e revelou que o corpo da v\u00edtima estava enterrado em uma regi\u00e3o de mata, na Rodovia 235. Os policiais foram at\u00e9 o local, onde o corpo do jovem foi encontrado enterrado em uma cova rasa.<\/p>\n<p style=\"text-align: justify\">Diante das evid\u00eancias, o suspeito foi conduzido \u00e0 Delegacia de Sapezal, onde ap\u00f3s ser interrogado, foi autuado em flagrante, sendo posteriormente colocado \u00e0 disposi\u00e7\u00e3o da Justi\u00e7a.<\/p>\n<p style=\"text-align: justify\">As investiga\u00e7\u00f5es seguem em andamento para prender os outros envolvidos no crime.<\/p>\n<p id=\"infocoweb_fonte\" class=\"infocoweb_fonte\">Fonte: Governo MT \u2013 MT<\/p>\n<style>#infocoweb_cabecalho {\n        display: inline-block;\n        margin-top: -75px;\n        position: absolute;\n        right: 0;\n    }\n<\/style>\n<style><\/style>\n<\/div>\n<div id=\"infocoweb_rodape\" class=\"infocoweb_rodape\"><\/div>\n<\/div>\n<p>O post Pol\u00edcia Civil prende envolvido em homic\u00eddio e oculta\u00e7\u00e3o de cad\u00e1ver de jovem em Sapezal apareceu primeiro em Portal MT.<\/p>\n<\/div>\n","protected":false},"excerpt":{"rendered":"<p>Um dos envolvidos no homic\u00eddio de um jovem, que estava desaparecido desde do \u00faltimo dia<\/p>\n","protected":false},"author":2,"featured_media":34907,"comment_status":"registered_only","ping_status":"closed","sticky":false,"template":"","format":"standard","meta":{"footnotes":""},"categories":[7],"tags":[],"aioseo_notices":[],"_links":{"self":[{"href":"https:\/\/portalnewsgta.com.br\/index.php\/wp-json\/wp\/v2\/posts\/34906"}],"collection":[{"href":"https:\/\/portalnewsgta.com.br\/index.php\/wp-json\/wp\/v2\/posts"}],"about":[{"href":"https:\/\/portalnewsgta.com.br\/index.php\/wp-json\/wp\/v2\/types\/post"}],"author":[{"embeddable":true,"href":"https:\/\/portalnewsgta.com.br\/index.php\/wp-json\/wp\/v2\/users\/2"}],"replies":[{"embeddable":true,"href":"https:\/\/portalnewsgta.com.br\/index.php\/wp-json\/wp\/v2\/comments?post=34906"}],"version-history":[{"count":0,"href":"https:\/\/portalnewsgta.com.br\/index.php\/wp-json\/wp\/v2\/posts\/34906\/revisions"}],"wp:featuredmedia":[{"embeddable":true,"href":"https:\/\/portalnewsgta.com.br\/index.php\/wp-json\/wp\/v2\/media\/34907"}],"wp:attachment":[{"href":"https:\/\/portalnewsgta.com.br\/index.php\/wp-json\/wp\/v2\/media?parent=34906"}],"wp:term":[{"taxonomy":"category","embeddable":true,"href":"https:\/\/portalnewsgta.com.br\/index.php\/wp-json\/wp\/v2\/categories?post=34906"},{"taxonomy":"post_tag","embeddable":true,"href":"https:\/\/portalnewsgta.com.br\/index.php\/wp-json\/wp\/v2\/tags?post=34906"}],"curies":[{"name":"wp","href":"https:\/\/api.w.org\/{rel}","templated":true}]}}