{"id":34888,"date":"2024-11-14T08:43:04","date_gmt":"2024-11-14T11:43:04","guid":{"rendered":"https:\/\/portalnewsgta.com.br\/index.php\/2024\/11\/14\/fa-mostra-foto-da-lapide-de-silvio-santos-sepultado-em-local-restrito\/"},"modified":"2024-11-14T08:43:04","modified_gmt":"2024-11-14T11:43:04","slug":"fa-mostra-foto-da-lapide-de-silvio-santos-sepultado-em-local-restrito","status":"publish","type":"post","link":"https:\/\/portalnewsgta.com.br\/index.php\/2024\/11\/14\/fa-mostra-foto-da-lapide-de-silvio-santos-sepultado-em-local-restrito\/","title":{"rendered":"F\u00e3 mostra foto da l\u00e1pide de Silvio Santos, sepultado em local restrito"},"content":{"rendered":"<p>Imagens da l\u00e1pide de Silvio Santos, falecido h\u00e1 tr\u00eas meses aos 93 anos em decorr\u00eancia de uma broncopneumonia, foram divulgadas recentemente por um f\u00e3. O apresentador, um dos mais ic\u00f4nicos da televis\u00e3o brasileira, foi sepultado no Cemit\u00e9rio Israelita do Butant\u00e3, na zona oeste de S\u00e3o Paulo, um local com acesso exclusivo para seguidores da f\u00e9 judaica.<\/p>\n<div class=\"dummyPub\">\u00a0<\/div>\n<p>Nas imagens, \u00e9 poss\u00edvel ver a l\u00e1pide do empres\u00e1rio com inscri\u00e7\u00f5es em hebraico e um vers\u00edculo b\u00edblico. Abaixo do trecho, l\u00ea-se a frase: &#8220;Aqui descansa Senor Abravanel ben Alberto,&#8221; o nome de nascimento de Silvio Santos, seguido da homenagem: &#8220;Filho, amado e escolhido de Deus para espalhar amor e alegria entre os homens. Com muito amor de sua esposa, filhos e netos&#8221;.<\/p>\n<p><span>  <\/span><span>[Legenda]<\/span><span>\u00a9 Reprodu\u00e7\u00e3o Redes Sociais<\/span> \u00a0<\/p>\n<p>Em respeito \u00e0 tradi\u00e7\u00e3o judaica, o cemit\u00e9rio \u00e9 restrito a praticantes da religi\u00e3o e \u00e9 considerado um espa\u00e7o sagrado. Com a sepultura de Silvio Santos, houve a necessidade de refor\u00e7ar o controle de acesso ao local para garantir a privacidade do espa\u00e7o, que n\u00e3o \u00e9 aberto para visitas do p\u00fablico em geral.<\/p>\n<p>Leia Tamb\u00e9m: <a href=\"https:\/\/www.noticiasaominuto.com.br\/fama\/2226416\/aos-95-anos-atriz-fernanda-montenegro-entra-para-o-guinness\" target=\"_blank\" rel=\"noopener\">Aos 95 anos, atriz Fernanda Montenegro entra para o Guinness<\/a><\/p>\n<p>Fonte: noticiasaominuto.com.br<\/p>\n","protected":false},"excerpt":{"rendered":"<p>Imagens da l\u00e1pide de Silvio Santos, falecido h\u00e1 tr\u00eas meses aos 93 anos em decorr\u00eancia<\/p>\n","protected":false},"author":0,"featured_media":34889,"comment_status":"open","ping_status":"open","sticky":false,"template":"","format":"standard","meta":{"footnotes":""},"categories":[6],"tags":[],"aioseo_notices":[],"_links":{"self":[{"href":"https:\/\/portalnewsgta.com.br\/index.php\/wp-json\/wp\/v2\/posts\/34888"}],"collection":[{"href":"https:\/\/portalnewsgta.com.br\/index.php\/wp-json\/wp\/v2\/posts"}],"about":[{"href":"https:\/\/portalnewsgta.com.br\/index.php\/wp-json\/wp\/v2\/types\/post"}],"replies":[{"embeddable":true,"href":"https:\/\/portalnewsgta.com.br\/index.php\/wp-json\/wp\/v2\/comments?post=34888"}],"version-history":[{"count":0,"href":"https:\/\/portalnewsgta.com.br\/index.php\/wp-json\/wp\/v2\/posts\/34888\/revisions"}],"wp:featuredmedia":[{"embeddable":true,"href":"https:\/\/portalnewsgta.com.br\/index.php\/wp-json\/wp\/v2\/media\/34889"}],"wp:attachment":[{"href":"https:\/\/portalnewsgta.com.br\/index.php\/wp-json\/wp\/v2\/media?parent=34888"}],"wp:term":[{"taxonomy":"category","embeddable":true,"href":"https:\/\/portalnewsgta.com.br\/index.php\/wp-json\/wp\/v2\/categories?post=34888"},{"taxonomy":"post_tag","embeddable":true,"href":"https:\/\/portalnewsgta.com.br\/index.php\/wp-json\/wp\/v2\/tags?post=34888"}],"curies":[{"name":"wp","href":"https:\/\/api.w.org\/{rel}","templated":true}]}}