{"id":34869,"date":"2024-11-14T08:25:01","date_gmt":"2024-11-14T11:25:01","guid":{"rendered":"https:\/\/portalnewsgta.com.br\/?p=34869"},"modified":"2024-11-14T08:25:01","modified_gmt":"2024-11-14T11:25:01","slug":"empresario-diz-que-buscara-aval-de-bolsonaro-para-disputar-2026","status":"publish","type":"post","link":"https:\/\/portalnewsgta.com.br\/index.php\/2024\/11\/14\/empresario-diz-que-buscara-aval-de-bolsonaro-para-disputar-2026\/","title":{"rendered":"Empres\u00e1rio diz que buscar\u00e1 aval de Bolsonaro para disputar 2026"},"content":{"rendered":"<section class=\"FullLine\">\n<div class=\"conteudo\">\n<h3>Balbinotti se destacou como financiador da direita e disse querer concorrer \u00e0 sucess\u00e3o de Mendes<\/h3>\n<\/div>\n<\/section>\n<section>\n<div class=\"FullLine\">\n<div class=\"conteudo_foto\">\n<div class=\"imgcontent\">\n<p class=\"credito_foto\">MidiaNews<\/p>\n<p class=\"descricao_foto\">O empres\u00e1rio Od\u00edlio Balbinotti, durante visita a Assembleia Legislativa nesta quarta-feira (13)<\/p>\n<\/div>\n<\/div>\n<div class=\"Font14Bold\">C\u00cdNTIA BORGES E GIORDANO TOMASELLI<br \/>\nDA REDA\u00c7\u00c3O<\/div>\n<div id=\"texto\" class=\"texto\">\n<p>O empres\u00e1rio do agroneg\u00f3cio Od\u00edlio Balbinotti Filho se posicionou, nesta quarta-feira (13), pela primeira vez como candidato ao Governo de Mato Grosso, na elei\u00e7\u00e3o que ocorrer\u00e1 em 2026.<\/p>\n<p>&nbsp;<\/p>\n<p>Em conversa com a imprensa nos corredores da Assembleia Legislativa, ele disse que ir\u00e1 procurar o ex-presidente Jair Bolsonaro em busca de um aval. Hoje, Bolsonaro \u00e9 o presidente de honra do PL, partido ao qual o empres\u00e1rio diz ter maior afinidade ideol\u00f3gica.<\/p>\n<p>&nbsp;<\/p>\n<p>\u201cN\u00e3o conversei com Bolsonaro, mas est\u00e1 marcado para ir l\u00e1. Vou conversar com ele, falar que tenho essa disposi\u00e7\u00e3o. Porque ele \u00e9 nosso grande l\u00edder e tem que ter a concord\u00e2ncia dele\u201d, afirmou sem revelar qual seria a data do encontro.<\/p>\n<p>&nbsp;<\/p>\n<p>O empres\u00e1rio esteve no legislativo nesta manh\u00e3 durante visita aos deputados. Esta \u00e9 a primeira vez que Balbinotti \u00e9 visto publicamente articulando a candidatura para o pr\u00f3ximo pleito.<\/p>\n<div id=\"taboola-mid-article-thumbnails\" class=\"trc_related_container tbl-trecs-container trc_spotlight_widget trc_elastic trc_elastic_alternating-thumbnails-a-mid-article\" data-placement-name=\"Mid Article Thumbnails\">\n<div class=\"trc_rbox_container\">\n<div>\n<div id=\"trc_wrapper_1824535\" class=\"trc_rbox alternating-thumbnails-a-mid-article trc-content-hybrid\">\n<div id=\"trc_header_1824535\" class=\"trc_rbox_header trc_rbox_border_elm\">\n<div class=\"trc_header_ext\"><\/div>\n<\/div>\n<\/div>\n<\/div>\n<\/div>\n<\/div>\n<p>&nbsp;<\/p>\n<p>\u201cEstou construindo a candidatura, estou disposto a fazer o enfrentamento\u201d, disse.<\/p>\n<p>&nbsp;<\/p>\n<div class=\"quote-wrapper right\">\n<div class=\"quote-img-wrapper right\"><img decoding=\"async\" class=\"quote-img right\" src=\"https:\/\/www.midianews.com.br\/images\/aspas_right.gif\" \/><\/div>\n<h2 class=\"quote-content\">N\u00e3o conversei com Bolsonaro, mas est\u00e1 marcado para ir l\u00e1. Vou conversar com ele, porque ele \u00e9 nosso grande l\u00edder<\/h2>\n<\/div>\n<p><strong>Embate com WF<\/strong><\/p>\n<p>&nbsp;<\/p>\n<p>Em Mato Grosso, o PL tem como candidato ao Governo do Estado o senador Wellinton Fagundes, que tentou o comando do Paiagu\u00e1s em 2018. Questionado sobre como se dar\u00e1 o enfrentamento com o senador dentro da sigla,\u00a0 Balbinotti citou a \u201cviabilidade\u201d das candidaturas.<\/p>\n<p>&nbsp;<\/p>\n<p>\u201c\u00c9 um grande nome. Wellington est\u00e1 no PL h\u00e1 muito tempo e acho que quanto mais pessoas se colocarem \u00e0 disposi\u00e7\u00e3o, melhor pro Estado\u201d, disse.<\/p>\n<p>&nbsp;<\/p>\n<p>\u201cN\u00e3o diria que haver\u00e1 embate. Creio que o PL vai aos poucos construir a candidatura e aquela que for mais vi\u00e1vel vai prevalecer. Isso \u00e9 normal, faz parte da democracia\u201d, completou.<\/p>\n<p>&nbsp;<\/p>\n<p><strong>Maior financiador<\/strong><\/p>\n<p>&nbsp;<\/p>\n<p>Balbinotti se destacou nas elei\u00e7\u00f5es municipais deste ano como o grande financiador das candidaturas de direita.<\/p>\n<p>&nbsp;<\/p>\n<p>Segundo os dados do Tribunal Superior Eleitoral (TSE), o empres\u00e1rio financiou a campanha do prefeito eleito em Rondon\u00f3polis Cl\u00e1udio Ferreira (PL), com R$ 220 mil, e do prefeito eleito em Cuiab\u00e1 Ab\u00edlio Brunini (PL), injetando R$ 400 mil.<\/p>\n<p><strong>Veja entrevista:<\/strong><\/p>\n<div style=\"width: 640px;\" class=\"wp-video\"><!--[if lt IE 9]><script>document.createElement('video');<\/script><![endif]-->\n<video class=\"wp-video-shortcode\" id=\"video-34869-1\" width=\"640\" height=\"362\" preload=\"metadata\" controls=\"controls\"><source type=\"video\/mp4\" src=\"https:\/\/portalnewsgta.com.br\/wp-content\/uploads\/2024\/11\/61aa699123775bfef3982dffb3991174.mp4?_=1\" \/><a href=\"https:\/\/portalnewsgta.com.br\/wp-content\/uploads\/2024\/11\/61aa699123775bfef3982dffb3991174.mp4\">https:\/\/portalnewsgta.com.br\/wp-content\/uploads\/2024\/11\/61aa699123775bfef3982dffb3991174.mp4<\/a><\/video><\/div>\n<\/div>\n<\/div>\n<\/section>\n","protected":false},"excerpt":{"rendered":"<p>Balbinotti se destacou como financiador da direita e disse querer concorrer \u00e0 sucess\u00e3o de Mendes<\/p>\n","protected":false},"author":2,"featured_media":34870,"comment_status":"open","ping_status":"open","sticky":false,"template":"","format":"standard","meta":{"footnotes":""},"categories":[13,2],"tags":[324],"aioseo_notices":[],"_links":{"self":[{"href":"https:\/\/portalnewsgta.com.br\/index.php\/wp-json\/wp\/v2\/posts\/34869"}],"collection":[{"href":"https:\/\/portalnewsgta.com.br\/index.php\/wp-json\/wp\/v2\/posts"}],"about":[{"href":"https:\/\/portalnewsgta.com.br\/index.php\/wp-json\/wp\/v2\/types\/post"}],"author":[{"embeddable":true,"href":"https:\/\/portalnewsgta.com.br\/index.php\/wp-json\/wp\/v2\/users\/2"}],"replies":[{"embeddable":true,"href":"https:\/\/portalnewsgta.com.br\/index.php\/wp-json\/wp\/v2\/comments?post=34869"}],"version-history":[{"count":1,"href":"https:\/\/portalnewsgta.com.br\/index.php\/wp-json\/wp\/v2\/posts\/34869\/revisions"}],"predecessor-version":[{"id":34872,"href":"https:\/\/portalnewsgta.com.br\/index.php\/wp-json\/wp\/v2\/posts\/34869\/revisions\/34872"}],"wp:featuredmedia":[{"embeddable":true,"href":"https:\/\/portalnewsgta.com.br\/index.php\/wp-json\/wp\/v2\/media\/34870"}],"wp:attachment":[{"href":"https:\/\/portalnewsgta.com.br\/index.php\/wp-json\/wp\/v2\/media?parent=34869"}],"wp:term":[{"taxonomy":"category","embeddable":true,"href":"https:\/\/portalnewsgta.com.br\/index.php\/wp-json\/wp\/v2\/categories?post=34869"},{"taxonomy":"post_tag","embeddable":true,"href":"https:\/\/portalnewsgta.com.br\/index.php\/wp-json\/wp\/v2\/tags?post=34869"}],"curies":[{"name":"wp","href":"https:\/\/api.w.org\/{rel}","templated":true}]}}