{"id":34826,"date":"2024-11-14T07:56:41","date_gmt":"2024-11-14T10:56:41","guid":{"rendered":"https:\/\/portalnewsgta.com.br\/?p=34826"},"modified":"2024-11-14T07:56:41","modified_gmt":"2024-11-14T10:56:41","slug":"dois-deputados-de-mato-grosso-assinam-pec-que-proibe-escala-de-trabalho-6x1","status":"publish","type":"post","link":"https:\/\/portalnewsgta.com.br\/index.php\/2024\/11\/14\/dois-deputados-de-mato-grosso-assinam-pec-que-proibe-escala-de-trabalho-6x1\/","title":{"rendered":"Dois deputados de Mato Grosso assinam PEC que pro\u00edbe escala de trabalho 6\u00d71"},"content":{"rendered":"<p>Dois deputados de Mato Grosso est\u00e3o entre os 194 parlamentares que assinaram a Proposta de Emenda \u00e0 Constitui\u00e7\u00e3o (PEC), da deputada federal Erika Hilton (PSOL\/SP), que prop\u00f5e o fim da carga hor\u00e1ria 6 x 1 no Brasil e implantar jornada 4 x 3, com quatro dias de trabalho e tr\u00eas de folga. Hoje, a proposta teve o n\u00famero necess\u00e1rio de assinaturas (m\u00ednimo \u00e9 171 e mais de 200 deputados assinaram) para ser protocolada na C\u00e2mara dos Deputados, come\u00e7ar a tramitar e ser analisada nas comiss\u00f5es de Constitui\u00e7\u00e3o e Justi\u00e7a e demais al\u00e9m da vota\u00e7\u00e3o no Senado.<\/p>\n<p>Entre os deputados da bancada mato-grossense, apenas Emanuel Pinheiro Neto (MDB) e Gisela Simona (Uni\u00e3o) assinaram o pedido para a PEC tramitar. Em sua rede social, Gisela defendeu o debate.<\/p>\n<p>\u201cAcredito que receber essa proposta na c\u00e2mara se faz necess\u00e1ria para que possamos iniciar uma discuss\u00e3o que analise todos os lados: o trabalhador, o empres\u00e1rio e a economia. \u00c9 preciso deixar bem esclarecido que a PEC ainda n\u00e3o est\u00e1 em tramita\u00e7\u00e3o e n\u00e3o existe uma vota\u00e7\u00e3o em andamento. Por isso, defendemos que ela seja aceita e possamos buscar um regime trabalhista justo e produtivo para nosso pa\u00eds\u201d, afirmou.<\/p>\n<p>Por outro lado, outros parlamentares mato-grossenses j\u00e1 manifestaram contr\u00e1rios \u00e0 proposta. Nelson Barbudo e Jos\u00e9 Medeiros gravaram v\u00eddeo em que explicaram a decis\u00e3o. Segundo eles, a PEC \u201cn\u00e3o leva em conta\u201d a realidade brasileira e apontam um aumento de custo para todas as empresas. Al\u00e9m disso, citam aumento na taxa de desemprego, preju\u00edzo para consumidores, fal\u00eancia de empresas e perda de competitividade do Brasil no mercado externo.<\/p>\n<p>Hoje, conforme S\u00f3 Not\u00edcias j\u00e1 informou, a Federa\u00e7\u00e3o das CDLs de Mato Grosso (FCDL) afirmou que a proposta coloca em risco a manuten\u00e7\u00e3o de milhares de micro e pequenas empresas do Estado, uma vez que a redu\u00e7\u00e3o da jornada de trabalho sem a redu\u00e7\u00e3o dos sal\u00e1rios impactaria diretamente nos custos operacionais dos neg\u00f3cios e esclarece que em outros pa\u00edses essa medida funciona porque os mesmos n\u00e3o t\u00eam uma carga tribut\u00e1ria t\u00e3o elevada quanto a do Brasil.<\/p>\n<p>A federa\u00e7\u00e3o destaca que a \u201cPEC trar\u00e1 grandes preju\u00edzos para a estabilidade das empresas, impactos negativos no hor\u00e1rio de funcionamento dos estabelecimentos comerciais, que j\u00e1 encontram dificuldades para encontrar m\u00e3o de obra para ocupar as vagas em hor\u00e1rios alternativos. Al\u00e9m disso, os trabalhadores sofrer\u00e3o com o aumento da informalidade, com a redu\u00e7\u00e3o de sal\u00e1rio e do custo de vida, j\u00e1 que os trabalhadores ter\u00e3o preju\u00edzos sim em seus ganhos, como por exemplo, os que ganham por produtividade ou por comiss\u00e3o, automaticamente ter\u00e3o menos ganhos. Com isso, tamb\u00e9m se aumenta a infla\u00e7\u00e3o, j\u00e1 que se aumenta o custo e o empres\u00e1rio vai repassar o custo ao produto e quem pagar\u00e1 no final \u00e9 o pr\u00f3prio consumidor\u201d, manifestou, em nota.<\/p>\n<p>A FCDL Mato Grosso alerta que \u201ctal altera\u00e7\u00e3o significa uma mudan\u00e7a de paradigma estrutural no pa\u00eds, uma vez que a redu\u00e7\u00e3o da carga de trabalho \u00e9 promovida com base em modelos europeus e norte-americanos, que n\u00e3o refletem a realidade brasileira, onde o custo do emprego e os encargos trabalhistas s\u00e3o altos\u201d. A Confedera\u00e7\u00e3o Nacional de Dirigentes Lojistas (CNDL) tamb\u00e9m se posicionou contr\u00e1ria a PEC.<\/p>\n","protected":false},"excerpt":{"rendered":"<p>Dois deputados de Mato Grosso est\u00e3o entre os 194 parlamentares que assinaram a Proposta de<\/p>\n","protected":false},"author":2,"featured_media":34827,"comment_status":"open","ping_status":"open","sticky":false,"template":"","format":"standard","meta":{"footnotes":""},"categories":[13,2],"tags":[442],"aioseo_notices":[],"_links":{"self":[{"href":"https:\/\/portalnewsgta.com.br\/index.php\/wp-json\/wp\/v2\/posts\/34826"}],"collection":[{"href":"https:\/\/portalnewsgta.com.br\/index.php\/wp-json\/wp\/v2\/posts"}],"about":[{"href":"https:\/\/portalnewsgta.com.br\/index.php\/wp-json\/wp\/v2\/types\/post"}],"author":[{"embeddable":true,"href":"https:\/\/portalnewsgta.com.br\/index.php\/wp-json\/wp\/v2\/users\/2"}],"replies":[{"embeddable":true,"href":"https:\/\/portalnewsgta.com.br\/index.php\/wp-json\/wp\/v2\/comments?post=34826"}],"version-history":[{"count":1,"href":"https:\/\/portalnewsgta.com.br\/index.php\/wp-json\/wp\/v2\/posts\/34826\/revisions"}],"predecessor-version":[{"id":34828,"href":"https:\/\/portalnewsgta.com.br\/index.php\/wp-json\/wp\/v2\/posts\/34826\/revisions\/34828"}],"wp:featuredmedia":[{"embeddable":true,"href":"https:\/\/portalnewsgta.com.br\/index.php\/wp-json\/wp\/v2\/media\/34827"}],"wp:attachment":[{"href":"https:\/\/portalnewsgta.com.br\/index.php\/wp-json\/wp\/v2\/media?parent=34826"}],"wp:term":[{"taxonomy":"category","embeddable":true,"href":"https:\/\/portalnewsgta.com.br\/index.php\/wp-json\/wp\/v2\/categories?post=34826"},{"taxonomy":"post_tag","embeddable":true,"href":"https:\/\/portalnewsgta.com.br\/index.php\/wp-json\/wp\/v2\/tags?post=34826"}],"curies":[{"name":"wp","href":"https:\/\/api.w.org\/{rel}","templated":true}]}}