{"id":34125,"date":"2024-11-08T17:01:19","date_gmt":"2024-11-08T20:01:19","guid":{"rendered":"https:\/\/portalnewsgta.com.br\/index.php\/2024\/11\/08\/cinco-delegacias-da-capital-sao-instaladas-em-novo-e-moderno-predio\/"},"modified":"2024-11-08T17:01:19","modified_gmt":"2024-11-08T20:01:19","slug":"cinco-delegacias-da-capital-sao-instaladas-em-novo-e-moderno-predio","status":"publish","type":"post","link":"https:\/\/portalnewsgta.com.br\/index.php\/2024\/11\/08\/cinco-delegacias-da-capital-sao-instaladas-em-novo-e-moderno-predio\/","title":{"rendered":"Cinco delegacias da Capital s\u00e3o instaladas em novo e moderno pr\u00e9dio"},"content":{"rendered":"<div>\n<div id=\"infocoweb\" data-uuid=\"323ea8eb-4a27-4b2a-9aab-2d3083d703f0\" class=\"infocoweb infocoweb_canal_61\">\n<div id=\"infocoweb_cabecalho\" class=\"infocoweb_cabecalho\"><\/div>\n<div id=\"infocoweb_corpo\" class=\"infocoweb_corpo\"><span class=\"ifn_post_add_feature_image_to_the_top\"><\/span><\/p>\n<p style=\"text-align: justify\">A Pol\u00edcia Civil instalou cinco delegacias de Cuiab\u00e1 em um novo pr\u00e9dio, entre elas, a maior unidade policial em n\u00famero de servidores do Estado, a Delegacia Especializada de Homic\u00eddios e Prote\u00e7\u00e3o \u00e0 Pessoa. A inaugura\u00e7\u00e3o nesta sexta-feira (08.11) contou com a presen\u00e7a do governador Mauro Mendes, do secret\u00e1rio de Estado de Seguran\u00e7a P\u00fablica, C\u00e9sar Roveri, da delegada-geral da Pol\u00edcia Civil, Daniela Maidel e autoridades da \u00e1rea da seguran\u00e7a.<\/p>\n<p style=\"text-align: justify\">O pr\u00e9dio, com 3.621 metros quadrados, re\u00fane a DHPP, Central de Ocorr\u00eancias de Cuiab\u00e1, 2\u00aa e 3\u00aa Delegacias de Cuiab\u00e1 e a Delegacia Regional da capital.<\/p>\n<p style=\"text-align: justify\"><source><img decoding=\"async\" alt=\"\" height=\"266\" src=\"https:\/\/www.secom.mt.gov.br\/documents\/d\/pjc\/9a3a9554-jpg?imageThumbnail=3\">      <\/source>  <\/p>\n<p style=\"text-align: justify\">O novo espa\u00e7o, localizado na Avenida Miguel Sutil, uma das principais vias de Cuiab\u00e1, ser\u00e1 respons\u00e1vel pelo maior n\u00famero de atendimento ao p\u00fablico realizado pela Pol\u00edcia Civil em Mato Grosso, com estimativa de 10 mil pessoas por m\u00eas e em torno de 200 policiais.<\/p>\n<p style=\"text-align: justify\">O governador ressaltou os investimentos feitos ao longo dos \u00faltimos cinco anos para melhorar a estrutura de atendimento da administra\u00e7\u00e3o p\u00fablica e ofertar ao cidad\u00e3o e servidores mato-grossense ambientes de qualidade.<\/p>\n<p style=\"text-align: justify\">\u201cTemos orgulho da s\u00e9rie de melhorias implementadas ao longo desses cinco anos, vindo de uma trajet\u00f3ria de unidades precarizadas. Gra\u00e7as a Deus isso virou passado e podemos continuar a construir uma sociedade pr\u00f3spera e civilizada e manter nessa dire\u00e7\u00e3o, a exemplo das delegacias recentes que j\u00e1 entregamos. Se fizemos obras de qualidade, e tantas outras, por que n\u00e3o podemos fazer mais? Podemos chegar sim, a um patamar melhor, com objetivos claros e vamos persegui-los\u201d, pontuou Mauro Mendes.<\/p>\n<p style=\"text-align: justify\"><source><img decoding=\"async\" alt=\"\" height=\"266\" src=\"https:\/\/www.secom.mt.gov.br\/documents\/d\/pjc\/9a3a9914-jpg?imageThumbnail=3\">      <\/source>  <\/p>\n<p style=\"text-align: justify\">A delegada-geral lembrou que o novo pr\u00e9dio representa o respeito e comprometimento do Estado com a institui\u00e7\u00e3o. \u201cApenas neste ano, j\u00e1 s\u00e3o mais de R$ 36 milh\u00f5es de investimentos na Pol\u00edcia Civil, possibilitando meios e ferramentas para o enfrentamento \u00e0 criminalidade. E que este novo espa\u00e7o simbolize tamb\u00e9m o comprometimento de cada servidor em devolver \u00e0 sociedade, que tanto confia na Pol\u00edcia Civil, um trabalho de excel\u00eancia \u00e0 popula\u00e7\u00e3o cuiabana\u201d, destacou a delegada Daniela Maidel, acrescentando que 2024 est\u00e1 batendo o recorde em opera\u00e7\u00f5es, provenientes de investiga\u00e7\u00f5es exclusivas da institui\u00e7\u00e3o.<\/p>\n<p style=\"text-align: justify\"><source><img decoding=\"async\" alt=\"\" height=\"266\" src=\"https:\/\/www.secom.mt.gov.br\/documents\/d\/pjc\/9a3a9860-jpg?imageThumbnail=3\">      <\/source><\/p>\n<p> O secret\u00e1rio de Seguran\u00e7a P\u00fablica, coronel PM C\u00e9sar Roveri, lembrou da modalidade adotada pelo Estado para loca\u00e7\u00e3o de pr\u00e9dios que possam atender \u00e0s necessidades de trabalho dos servidores e uni\u00e3o de v\u00e1rias delegacias em um mesmo espa\u00e7o, otimizando tamb\u00e9m o atendimento \u00e0 popula\u00e7\u00e3o.<\/p>\n<p style=\"text-align: justify\">\u201cForam entregues novas delegacias neste ano em Matup\u00e1, Campo Novo do Parecis, Derf de Rondon\u00f3polis, investimentos que se refletem em avan\u00e7os na moderniza\u00e7\u00e3o da Pol\u00edcia Civil de Mato Grosso\u201d, destacou Roveri.<\/p>\n<p style=\"text-align: justify\"><strong>Unidades policiais<\/strong><\/p>\n<p style=\"text-align: justify\">A Central de Ocorr\u00eancias 24 horas, vinculada \u00e0 1\u00aa Delegacia, registra, mensalmente, em torno de 5 mil boletins policiais na capital. A 1\u00aa Delegacia tamb\u00e9m gerencia a Delegacia Virtual. <\/p>\n<p style=\"text-align: justify\">J\u00e1 a DHPP \u00e9 respons\u00e1vel pela apura\u00e7\u00e3o de crimes contra a vida (homic\u00eddios dolosos consumados e tentados, mortes a esclarecer, suic\u00eddios) e desaparecimentos de pessoas nas cidades de Cuiab\u00e1, V\u00e1rzea Grande, Acorizal e Nossa Senhora do Livramento. <\/p>\n<p style=\"text-align: justify\"><source><img decoding=\"async\" alt=\"\" height=\"266\" src=\"https:\/\/www.secom.mt.gov.br\/documents\/d\/pjc\/9a3a9824-jpg?imageThumbnail=3\">      <\/source><\/p>\n<p style=\"text-align: justify\">A 2\u00aa Delegacia faz a apura\u00e7\u00e3o de delitos gerais, aqueles que n\u00e3o s\u00e3o atendidos pelas unidades especializadas. J\u00e1 a 3a Delegacia \u00e9 respons\u00e1vel por Termos Circunstanciados de Ocorr\u00eancia na capital, que abrangem crimes de menor potencial ofensivo.<\/p>\n<p style=\"text-align: justify\">A Delegacia Regional de Cuiab\u00e1 \u00e9 a unidade administrativa e respons\u00e1vel pelo gerenciamento de todas as unidades da Pol\u00edcia Civil na capital, Chapada dos Guimar\u00e3es e Santo Ant\u00f4nio de Leverger. <\/p>\n<p style=\"text-align: justify\"><source><img decoding=\"async\" alt=\"\" height=\"266\" src=\"https:\/\/www.secom.mt.gov.br\/documents\/d\/pjc\/9a3a9683-jpg?imageThumbnail=3\">      <\/source>  <\/p>\n<p style=\"text-align: justify\">Acompanharam a inagura\u00e7\u00e3o os servidores das Delegacias instaladas no novo pr\u00e9dio; diretores da Pol\u00edcia Civil: Vitor Hugo Teixeira (Atividades Especiais), Juliano Carvalho (Intelig\u00eancia), Wagner Bassi (Metropolitano), Jesset Munhoz (Corregedor-geral); Fausto Freitas (Acadepol) e Ana Paula Faria (Execu\u00e7\u00e3o Estrat\u00e9gica) e os secret\u00e1rios adjuntos da Sesp, Walter Furtado (Intelig\u00eancia) e coronel Fernando Tinoco (Integra\u00e7\u00e3o Operacional); comandante-geral do Corpo de Bombeiros, coronel Fl\u00e1vio Gledson Bezerra; comandante-geral da PM, coronel Alexandre Mendes; diretor-geral da Politec, Jaime Trevisan e o secret\u00e1rio-chefe da Casa Civil, F\u00e1bio Garcia.<\/p>\n<p id=\"infocoweb_fonte\" class=\"infocoweb_fonte\">Fonte: Governo MT \u2013 MT<\/p>\n<style>#infocoweb_cabecalho {\n        display: inline-block;\n        margin-top: -75px;\n        position: absolute;\n        right: 0;\n    }\n<\/style>\n<style><\/style>\n<\/div>\n<div id=\"infocoweb_rodape\" class=\"infocoweb_rodape\"><\/div>\n<\/div>\n<p>O post Cinco delegacias da Capital s\u00e3o instaladas em novo e moderno pr\u00e9dio apareceu primeiro em Portal MT.<\/p>\n<\/div>\n","protected":false},"excerpt":{"rendered":"<p>A Pol\u00edcia Civil instalou cinco delegacias de Cuiab\u00e1 em um novo pr\u00e9dio, entre elas, a<\/p>\n","protected":false},"author":2,"featured_media":34126,"comment_status":"registered_only","ping_status":"closed","sticky":false,"template":"","format":"standard","meta":{"footnotes":""},"categories":[7],"tags":[],"aioseo_notices":[],"_links":{"self":[{"href":"https:\/\/portalnewsgta.com.br\/index.php\/wp-json\/wp\/v2\/posts\/34125"}],"collection":[{"href":"https:\/\/portalnewsgta.com.br\/index.php\/wp-json\/wp\/v2\/posts"}],"about":[{"href":"https:\/\/portalnewsgta.com.br\/index.php\/wp-json\/wp\/v2\/types\/post"}],"author":[{"embeddable":true,"href":"https:\/\/portalnewsgta.com.br\/index.php\/wp-json\/wp\/v2\/users\/2"}],"replies":[{"embeddable":true,"href":"https:\/\/portalnewsgta.com.br\/index.php\/wp-json\/wp\/v2\/comments?post=34125"}],"version-history":[{"count":0,"href":"https:\/\/portalnewsgta.com.br\/index.php\/wp-json\/wp\/v2\/posts\/34125\/revisions"}],"wp:featuredmedia":[{"embeddable":true,"href":"https:\/\/portalnewsgta.com.br\/index.php\/wp-json\/wp\/v2\/media\/34126"}],"wp:attachment":[{"href":"https:\/\/portalnewsgta.com.br\/index.php\/wp-json\/wp\/v2\/media?parent=34125"}],"wp:term":[{"taxonomy":"category","embeddable":true,"href":"https:\/\/portalnewsgta.com.br\/index.php\/wp-json\/wp\/v2\/categories?post=34125"},{"taxonomy":"post_tag","embeddable":true,"href":"https:\/\/portalnewsgta.com.br\/index.php\/wp-json\/wp\/v2\/tags?post=34125"}],"curies":[{"name":"wp","href":"https:\/\/api.w.org\/{rel}","templated":true}]}}