{"id":34123,"date":"2024-11-08T17:01:15","date_gmt":"2024-11-08T20:01:15","guid":{"rendered":"https:\/\/portalnewsgta.com.br\/index.php\/2024\/11\/08\/prazo-para-envio-de-documentos-dos-convocados-no-concurso-do-sistema-penitenciario-termina-neste-sabado-09\/"},"modified":"2024-11-08T17:01:15","modified_gmt":"2024-11-08T20:01:15","slug":"prazo-para-envio-de-documentos-dos-convocados-no-concurso-do-sistema-penitenciario-termina-neste-sabado-09","status":"publish","type":"post","link":"https:\/\/portalnewsgta.com.br\/index.php\/2024\/11\/08\/prazo-para-envio-de-documentos-dos-convocados-no-concurso-do-sistema-penitenciario-termina-neste-sabado-09\/","title":{"rendered":"Prazo para envio de documentos dos convocados no concurso do Sistema Penitenci\u00e1rio termina neste s\u00e1bado (09)"},"content":{"rendered":"<div>\n<div id=\"infocoweb\" data-uuid=\"5e80597d-2615-4e24-ad3f-e850b2ea4dc9\" class=\"infocoweb infocoweb_canal_61\">\n<div id=\"infocoweb_cabecalho\" class=\"infocoweb_cabecalho\"><\/div>\n<div id=\"infocoweb_corpo\" class=\"infocoweb_corpo\"><span class=\"ifn_post_add_feature_image_to_the_top\"><\/span><\/p>\n<p style=\"text-align: justify\">Os candidatos convocados para o concurso p\u00fablico do Sistema Penitenci\u00e1rio de Mato Grosso t\u00eam at\u00e9 este s\u00e1bado (09.11) para enviarem os documentos obrigat\u00f3rios, respeitando o prazo de cinco dias corridos a contar da data da publica\u00e7\u00e3o no Di\u00e1rio Oficial do Estado, que ocorreu na ter\u00e7a-feira (05). <\/p>\n<p style=\"text-align: justify\">Por n\u00e3o se tratar de dia \u00fatil para o servi\u00e7o p\u00fablico, a documenta\u00e7\u00e3o enviada neste s\u00e1bado dever\u00e1 ser encaminhada exclusivamente por email, para o endere\u00e7o: <strong>grs@seplag.mt.gov.br.<\/strong> <\/p>\n<p style=\"text-align: justify\">Os documentos exigidos s\u00e3o o termo de aceite da vaga (anexo III do edital), c\u00f3pia do documento oficial de identidade (RG) e c\u00f3pia do Cadastro de Pessoa F\u00edsica (CPF) ou da Carteira Nacional de Habilita\u00e7\u00e3o (CNH). O n\u00e3o encaminhamento do termo de aceita\u00e7\u00e3o implicar\u00e1 em ren\u00fancia t\u00e1cita. <\/p>\n<p style=\"text-align: justify\">O candidato que aceitar ser nomeado pela classifica\u00e7\u00e3o geral dever\u00e1 preencher todas as op\u00e7\u00f5es de munic\u00edpio no Termo de Aceita\u00e7\u00e3o, em ordem de prefer\u00eancia. Neste caso, administra\u00e7\u00e3o far\u00e1 a escolha do munic\u00edpio de acordo com a classifica\u00e7\u00e3o. Caso o candidato deixe de preencher as op\u00e7\u00f5es de munic\u00edpio no Termo de Aceita\u00e7\u00e3o, os crit\u00e9rios de lota\u00e7\u00e3o ser\u00e3o determinados pela Administra\u00e7\u00e3o P\u00fablica. <\/p>\n<p style=\"text-align: justify\"><strong>Concurso <\/strong><\/p>\n<p style=\"text-align: justify\">O concurso p\u00fablico de 2016 foi realizado para preenchimento de cadastro de reserva para agentes penitenci\u00e1rios (atualmente policiais penais) e candidatos de n\u00edvel superior. O edital convoca 97 classificados ao cargo de policial penal, dos quais 60 s\u00e3o do sexo masculino, e 37 do feminino. <\/p>\n<p style=\"text-align: justify\">Os novos servidores ir\u00e3o compor o quadro de profissionais nas unidades penitenci\u00e1rias de Aren\u00e1polis, Porto dos Ga\u00fachos, Primavera do Leste, Vila Rica, Colniza, Comodoro, Juara, Nova Xavantina, Paranatinga, Peixoto de Azevedo, Sorriso, Sinop e V\u00e1rzea Grande.<\/p>\n<p style=\"text-align: justify\">Ap\u00f3s an\u00e1lise dos documentos, eles ir\u00e3o passar por curso de forma\u00e7\u00e3o. <\/p>\n<p> Para mais informa\u00e7\u00f5es, acesse o edital <strong>AQUI. <\/strong>  <\/p>\n<p id=\"infocoweb_fonte\" class=\"infocoweb_fonte\">Fonte: Governo MT \u2013 MT<\/p>\n<style>#infocoweb_cabecalho {\n        display: inline-block;\n        margin-top: -75px;\n        position: absolute;\n        right: 0;\n    }\n<\/style>\n<style><\/style>\n<\/div>\n<div id=\"infocoweb_rodape\" class=\"infocoweb_rodape\"><\/div>\n<\/div>\n<p>O post Prazo para envio de documentos dos convocados no concurso do Sistema Penitenci\u00e1rio termina neste s\u00e1bado (09) apareceu primeiro em Portal MT.<\/p>\n<\/div>\n","protected":false},"excerpt":{"rendered":"<p>Os candidatos convocados para o concurso p\u00fablico do Sistema Penitenci\u00e1rio de Mato Grosso t\u00eam at\u00e9<\/p>\n","protected":false},"author":2,"featured_media":34124,"comment_status":"registered_only","ping_status":"closed","sticky":false,"template":"","format":"standard","meta":{"footnotes":""},"categories":[7],"tags":[],"aioseo_notices":[],"_links":{"self":[{"href":"https:\/\/portalnewsgta.com.br\/index.php\/wp-json\/wp\/v2\/posts\/34123"}],"collection":[{"href":"https:\/\/portalnewsgta.com.br\/index.php\/wp-json\/wp\/v2\/posts"}],"about":[{"href":"https:\/\/portalnewsgta.com.br\/index.php\/wp-json\/wp\/v2\/types\/post"}],"author":[{"embeddable":true,"href":"https:\/\/portalnewsgta.com.br\/index.php\/wp-json\/wp\/v2\/users\/2"}],"replies":[{"embeddable":true,"href":"https:\/\/portalnewsgta.com.br\/index.php\/wp-json\/wp\/v2\/comments?post=34123"}],"version-history":[{"count":0,"href":"https:\/\/portalnewsgta.com.br\/index.php\/wp-json\/wp\/v2\/posts\/34123\/revisions"}],"wp:featuredmedia":[{"embeddable":true,"href":"https:\/\/portalnewsgta.com.br\/index.php\/wp-json\/wp\/v2\/media\/34124"}],"wp:attachment":[{"href":"https:\/\/portalnewsgta.com.br\/index.php\/wp-json\/wp\/v2\/media?parent=34123"}],"wp:term":[{"taxonomy":"category","embeddable":true,"href":"https:\/\/portalnewsgta.com.br\/index.php\/wp-json\/wp\/v2\/categories?post=34123"},{"taxonomy":"post_tag","embeddable":true,"href":"https:\/\/portalnewsgta.com.br\/index.php\/wp-json\/wp\/v2\/tags?post=34123"}],"curies":[{"name":"wp","href":"https:\/\/api.w.org\/{rel}","templated":true}]}}