{"id":34107,"date":"2024-11-08T14:02:37","date_gmt":"2024-11-08T17:02:37","guid":{"rendered":"https:\/\/portalnewsgta.com.br\/index.php\/2024\/11\/08\/mato-grosso-tem-atuacao-significativa-na-atencao-de-egressos-do-sistema-penitenciario-afirma-representante-do-governo-federal\/"},"modified":"2024-11-08T14:02:37","modified_gmt":"2024-11-08T17:02:37","slug":"mato-grosso-tem-atuacao-significativa-na-atencao-de-egressos-do-sistema-penitenciario-afirma-representante-do-governo-federal","status":"publish","type":"post","link":"https:\/\/portalnewsgta.com.br\/index.php\/2024\/11\/08\/mato-grosso-tem-atuacao-significativa-na-atencao-de-egressos-do-sistema-penitenciario-afirma-representante-do-governo-federal\/","title":{"rendered":"\u201cMato Grosso tem atua\u00e7\u00e3o significativa na aten\u00e7\u00e3o de egressos do sistema penitenci\u00e1rio\u201d, afirma representante do Governo Federal"},"content":{"rendered":"<div>\n<div id=\"infocoweb\" data-uuid=\"0634bcd2-e89e-465a-b1ca-3566787ec52d\" class=\"infocoweb infocoweb_canal_61\">\n<div id=\"infocoweb_cabecalho\" class=\"infocoweb_cabecalho\"><\/div>\n<div id=\"infocoweb_corpo\" class=\"infocoweb_corpo\"><span class=\"ifn_post_add_feature_image_to_the_top\"><\/span><\/p>\n<p dir=\"ltr\" style=\"text-align: justify\">\u201cO Estado de Mato Grosso tem feito, em especial nos \u00faltimos anos, uma atua\u00e7\u00e3o expressiva e significativa na aten\u00e7\u00e3o \u00e0s pessoas egressas do sistema prisional, como a implanta\u00e7\u00e3o dos Escrit\u00f3rios Sociais, qualifica\u00e7\u00e3o e composi\u00e7\u00e3o de equipes\u201d, afirmou a diretora de Cidadania e Pol\u00edticas Alternativas do Governo Federal, Mayesse Silva Parizi durante o Encontro Nacional da Pol\u00edtica Nacional de Aten\u00e7\u00e3o \u00e0 Pessoa Egressa do Sistema Prisional (PNAPE), realizado nesta quinta-feira(07.11), em Cuiab\u00e1,   <\/p>\n<p dir=\"ltr\" style=\"text-align: justify\">De acordo com Parizi, a escolha de Cuiab\u00e1 para sediar esse evento foi estrat\u00e9gica, dada a relev\u00e2ncia das a\u00e7\u00f5es desenvolvidas como parte do Sistema Prisional pelo Governo de Mato Grosso, por interm\u00e9dio da Secretaria de Estado de Seguran\u00e7a P\u00fablica.  <\/p>\n<p dir=\"ltr\" style=\"text-align: justify\">Conforme balan\u00e7o apresentado pela Funda\u00e7\u00e3o Nova Chance (Funac), \u00f3rg\u00e3o respons\u00e1vel pela assist\u00eancia e reinser\u00e7\u00e3o social de pessoas em priva\u00e7\u00e3o de liberdade e deixando a pris\u00e3o, somente em 2024, at\u00e9 o m\u00eas de outubro, o Governo intermediou a contrata\u00e7\u00e3o de cerca de cinco mil  pessoas privadas de liberdade e egressos.<\/p>\n<p dir=\"ltr\" style=\"text-align: justify\">Atualmente, existem 266 contratos ativos com cerca de 250 \u00f3rg\u00e3os p\u00fablicos e empresas privadas mato-grossenses que empregam m\u00e3o de obra de trabalhadores privados de liberdade e egressos do sistema prisional.  <\/p>\n<p dir=\"ltr\" style=\"text-align: justify\">Durante o encontro, o secret\u00e1rio adjunto de Seguran\u00e7a P\u00fablica, Coronel PM, H\u00e9verton Mourett de Oliveira, lembrou que os resultados alcan\u00e7ados pela atual gest\u00e3o s\u00f3 foram poss\u00edveis a partir da uni\u00e3o dos esfor\u00e7os do Poder Executivo com o Judici\u00e1rio, Minist\u00e9rio P\u00fablico, Defensoria, prefeituras e outras institui\u00e7\u00f5es p\u00fablicas e privadas.<\/p>\n<p dir=\"ltr\" style=\"text-align: justify\">\u201cEssa melhoria ocorreu porque foi poss\u00edvel compartilhar os desafios e somar esfor\u00e7os com outros \u00f3rg\u00e3os para que pud\u00e9ssemos enfrentar a quest\u00e3o da reinser\u00e7\u00e3o social\u201d, destaca Mourett. <\/p>\n<p dir=\"ltr\" style=\"text-align: justify\">De acordo com o coronel Mourett, para que isso possa acontecer as institui\u00e7\u00f5es e os poderes trabalham para criar normativas e novas estruturas que permitem atender melhor aqueles que est\u00e3o em imin\u00eancia de deixar a pris\u00e3o e os que j\u00e1 est\u00e3o em liberdade e necessitam do suporte do poder p\u00fablico e da sociedade para voltar ao mercado de trabalho e assegurar renda para si e suas fam\u00edlias.  <\/p>\n<p dir=\"ltr\" style=\"text-align: justify\">O secret\u00e1rio adjunto da Administra\u00e7\u00e3o Penitenci\u00e1ria, Jean Gon\u00e7alves, citou os avan\u00e7os para abertura de mais vagas e moderniza\u00e7\u00e3o das unidades prisionais do Estado, onde come\u00e7a o processo de ressocializa\u00e7\u00e3o das pessoas privadas de liberdade. <\/p>\n<p dir=\"ltr\" style=\"text-align: justify\">Conforme dados da Sesp, entre 2029 e 2023, o Governo de Mato Grosso investiu R$ 300 milh\u00f5es em obras e reforma das unidades prisionais. Como resultado desses investimentos, o levantamento anual do Governo Federal, este ano apresentado em outubro, Mato Grosso possui 12.988 vagas para 12.856 presos em 41 unidades prisionais. O super\u00e1vit \u00e9 de 132 vagas.<br \/> \u201cHouve investimento massivo na constru\u00e7\u00e3o de vagas em um primeiro momento, para que posteriormente pud\u00e9ssemos oferecer oportunidade de trabalho, educa\u00e7\u00e3o, curso profissionalizante\u201d, pontuou. <\/p>\n<p dir=\"ltr\" style=\"text-align: justify\">\u201cMuitos estados fecham as portas para os \u00f3rg\u00e3os fiscalizadores. Aqui fizemos diferentes, n\u00f3s abrimos as portas para que seja poss\u00edvel buscar solu\u00e7\u00e3o para os problemas encontrados. Essa \u00e9 a nossa metodologia em Mato Grosso, n\u00f3s temos um trabalho coeso entre os poderes, cada um dentro da sua atribui\u00e7\u00e3o\u201d, acrescentou Jean Gon\u00e7alves. <\/p>\n<p dir=\"ltr\" style=\"text-align: justify\"><strong>Nova Chance <\/strong><\/p>\n<p dir=\"ltr\" style=\"text-align: justify\">Durante o encontro, o presidente da Funda\u00e7\u00e3o Nova Chance, Winkler Freitas, institui\u00e7\u00e3o respons\u00e1vel pelo atendimento a pessoas egressas e sua fam\u00edlia, detalhou a atua\u00e7\u00e3o da institui\u00e7\u00e3o e fez um balan\u00e7o dos n\u00fameros alcan\u00e7ados desde o in\u00edcio do ano. <\/p>\n<p dir=\"ltr\" style=\"text-align: justify\">Freitas explicou que em 2020, a partir da uni\u00e3o dos Poderes Executivo, Judici\u00e1rio e outras institui\u00e7\u00f5es p\u00fablicas foram institu\u00eddos os Escrit\u00f3rios Sociais, que funcionam como um bra\u00e7o da Funac no atendimento e intermedia\u00e7\u00e3o da m\u00e3o de obra de egressos e pr\u00e9-egressos do Sistema Penitenci\u00e1rio com empresas privadas e \u00f3rg\u00e3o p\u00fablicos. <\/p>\n<p dir=\"ltr\" style=\"text-align: justify\">Desde ent\u00e3o, s\u00e3o 10 escrit\u00f3rios funcionando em Cuiab\u00e1 em cidades como Rondon\u00f3polis, Sinop, Barra do Gar\u00e7as, Sorriso, Tangar\u00e1 da Serra e Lucas do Rio Verde.<\/p>\n<p style=\"text-align: justify\"><source><\/source><img decoding=\"async\" alt=\"\" height=\"267\" src=\"https:\/\/www.secom.mt.gov.br\/documents\/d\/sesp\/whatsapp-image-2024-11-07-at-19-17-45-jpeg?imageThumbnail=3\">  <\/p>\n<p style=\"text-align: justify\"><strong>Encontro Regional<\/strong><\/p>\n<p dir=\"ltr\" style=\"text-align: justify\">Al\u00e9m de Mato Grosso, o evento reuniu autoridades dos estados de Mato Grosso do Sul, Goi\u00e1s e de Bras\u00edlia, que discutiram temas como: a Implementa\u00e7\u00e3o da PNAPE, Espa\u00e7o de reintegra\u00e7\u00e3o social da pessoa egressa e seus familiares; Metodologia de Gest\u00e3o dos Servi\u00e7os Especializados e inser\u00e7\u00e3o entre g\u00eanero e ra\u00e7a, Pol\u00edticas P\u00fablicas para trabalho e inclus\u00e3o produtiva da pessoa egressa e seus familiares.<\/p>\n<p id=\"infocoweb_fonte\" class=\"infocoweb_fonte\">Fonte: Governo MT \u2013 MT<\/p>\n<style>#infocoweb_cabecalho {\n        display: inline-block;\n        margin-top: -75px;\n        position: absolute;\n        right: 0;\n    }\n<\/style>\n<style><\/style>\n<\/div>\n<div id=\"infocoweb_rodape\" class=\"infocoweb_rodape\"><\/div>\n<\/div>\n<p>O post \u201cMato Grosso tem atua\u00e7\u00e3o significativa na aten\u00e7\u00e3o de egressos do sistema penitenci\u00e1rio\u201d, afirma representante do Governo Federal apareceu primeiro em Portal MT.<\/p>\n<\/div>\n","protected":false},"excerpt":{"rendered":"<p>\u201cO Estado de Mato Grosso tem feito, em especial nos \u00faltimos anos, uma atua\u00e7\u00e3o expressiva<\/p>\n","protected":false},"author":2,"featured_media":34108,"comment_status":"registered_only","ping_status":"closed","sticky":false,"template":"","format":"standard","meta":{"footnotes":""},"categories":[7],"tags":[],"aioseo_notices":[],"_links":{"self":[{"href":"https:\/\/portalnewsgta.com.br\/index.php\/wp-json\/wp\/v2\/posts\/34107"}],"collection":[{"href":"https:\/\/portalnewsgta.com.br\/index.php\/wp-json\/wp\/v2\/posts"}],"about":[{"href":"https:\/\/portalnewsgta.com.br\/index.php\/wp-json\/wp\/v2\/types\/post"}],"author":[{"embeddable":true,"href":"https:\/\/portalnewsgta.com.br\/index.php\/wp-json\/wp\/v2\/users\/2"}],"replies":[{"embeddable":true,"href":"https:\/\/portalnewsgta.com.br\/index.php\/wp-json\/wp\/v2\/comments?post=34107"}],"version-history":[{"count":0,"href":"https:\/\/portalnewsgta.com.br\/index.php\/wp-json\/wp\/v2\/posts\/34107\/revisions"}],"wp:featuredmedia":[{"embeddable":true,"href":"https:\/\/portalnewsgta.com.br\/index.php\/wp-json\/wp\/v2\/media\/34108"}],"wp:attachment":[{"href":"https:\/\/portalnewsgta.com.br\/index.php\/wp-json\/wp\/v2\/media?parent=34107"}],"wp:term":[{"taxonomy":"category","embeddable":true,"href":"https:\/\/portalnewsgta.com.br\/index.php\/wp-json\/wp\/v2\/categories?post=34107"},{"taxonomy":"post_tag","embeddable":true,"href":"https:\/\/portalnewsgta.com.br\/index.php\/wp-json\/wp\/v2\/tags?post=34107"}],"curies":[{"name":"wp","href":"https:\/\/api.w.org\/{rel}","templated":true}]}}