{"id":34101,"date":"2024-11-08T13:01:24","date_gmt":"2024-11-08T16:01:24","guid":{"rendered":"https:\/\/portalnewsgta.com.br\/index.php\/2024\/11\/08\/inscricoes-para-seletivo-da-seciteci-para-contratar-professores-e-tecnicos-encerram-na-proxima-semana\/"},"modified":"2024-11-08T13:01:24","modified_gmt":"2024-11-08T16:01:24","slug":"inscricoes-para-seletivo-da-seciteci-para-contratar-professores-e-tecnicos-encerram-na-proxima-semana","status":"publish","type":"post","link":"https:\/\/portalnewsgta.com.br\/index.php\/2024\/11\/08\/inscricoes-para-seletivo-da-seciteci-para-contratar-professores-e-tecnicos-encerram-na-proxima-semana\/","title":{"rendered":"Inscri\u00e7\u00f5es para seletivo da Seciteci para contratar professores e t\u00e9cnicos encerram na pr\u00f3xima semana"},"content":{"rendered":"<div>\n<div id=\"infocoweb\" data-uuid=\"96a3dfd1-c129-4e71-ae18-49032ce719c7\" class=\"infocoweb infocoweb_canal_61\">\n<div id=\"infocoweb_cabecalho\" class=\"infocoweb_cabecalho\"><\/div>\n<div id=\"infocoweb_corpo\" class=\"infocoweb_corpo\"><span class=\"ifn_post_add_feature_image_to_the_top\"><\/span><\/p>\n<p style=\"text-align: justify\">Est\u00e3o nos \u00faltimos dias as inscri\u00e7\u00f5es para o processo seletivo, da Secretaria de Estado de Ci\u00eancia, Tecnologia e Inova\u00e7\u00e3o (Seciteci), para forma\u00e7\u00e3o de cadastro de reserva e contrata\u00e7\u00e3o tempor\u00e1ria de professor da educa\u00e7\u00e3o profissional e tecnol\u00f3gica, t\u00e9cnico administrativo educacional e t\u00e9cnico de apoio educacional.<\/p>\n<p style=\"text-align: justify\">As inscri\u00e7\u00f5es podem ser feitas at\u00e9 13 de novembro para cursos distribu\u00eddos em 29 cidades de Mato Grosso.<\/p>\n<p style=\"text-align: justify\">Os aprovados ser\u00e3o convocados conforme demanda para trabalhar em cursos distribu\u00eddos em 17 cidades, que contam com Escolas T\u00e9cnicas Estaduais (ETECs), e tamb\u00e9m em outros 12 munic\u00edpios que n\u00e3o s\u00e3o sede das unidades de ensino.<\/p>\n<p style=\"text-align: justify\">O secret\u00e1rio Allan Kardec afirma que a realiza\u00e7\u00e3o do seletivo busca atender ao m\u00e1ximo a popula\u00e7\u00e3o com educa\u00e7\u00e3o profissional e tecnol\u00f3gica de qualidade mesmo onde n\u00e3o h\u00e1 sede das ETECs. \u201cEstamos qualificando nosso povo para ter mais renda, empregos melhores e uma melhor qualidade de vida\u201d, diz. <\/p>\n<p style=\"text-align: justify\">No caso das cidades onde n\u00e3o h\u00e1 sede da ETEC, os cursos ser\u00e3o ministrados em unidades parceiras.<\/p>\n<p style=\"text-align: justify\">Mato Grosso conta com sedes de Escolas T\u00e9cnicas em \u00c1gua Boa, Alta Floresta, Barra do Gar\u00e7as, Campo Verde, Cuiab\u00e1, C\u00e1ceres, Diamantino, Lucas do Rio Verde, Matup\u00e1, Poxor\u00e9u, Primavera do Leste, Sinop, Sorriso, Rondon\u00f3polis, Juara, Tangar\u00e1 da Serra e V\u00e1rzea Grande.<\/p>\n<p style=\"text-align: justify\">Os cursos fora de sede ocorrer\u00e3o em Quer\u00eancia, Santa Terezinha, S\u00e3o F\u00e9lix do Araguaia, Confresa, Santo Ant\u00f4nio do Leverger, Sapezal, Nortel\u00e2ndia, Colniza, Nova Mutum, Alto Araguaia, Col\u00edder e Campos de J\u00falio.<\/p>\n<p style=\"text-align: justify\">Os sal\u00e1rios dos candidatos aprovados podem variar entre R$ 2.173,45 e R$ 8.781,71, a depender da titula\u00e7\u00e3o e carga hor\u00e1ria da vaga.<\/p>\n<p style=\"text-align: justify\">A Seciteci tem 36 cursos ofertados nas \u00e1reas de agroneg\u00f3cio, administra\u00e7\u00e3o, agricultura, inform\u00e1tica, enfermagem, farm\u00e1cia, automa\u00e7\u00e3o industrial, sa\u00fade bucal, log\u00edstica e entre outros.<\/p>\n<p style=\"text-align: justify\">A taxa para participar do seletivo \u00e9 de R$50,00 para todos os cargos. O processo, que \u00e9 realizado pelo Instituto Selecon, ser\u00e1 feito por avalia\u00e7\u00e3o dos curr\u00edculos e experi\u00eancia profissional. As inscri\u00e7\u00f5es e outras informa\u00e7\u00f5es podem ser acessadas no portal da banca \u2013 <strong>clique aqui para acessar<\/strong>.<\/p>\n<p style=\"text-align: justify\">O resultado final ser\u00e1 divulgado em 13 de dezembro. A validade \u00e9 de at\u00e9 dois anos, que pode ser prorrogada por igual per\u00edodo. Os contratos tempor\u00e1rios s\u00e3o de 30 meses com possibilidade tamb\u00e9m de prorroga\u00e7\u00e3o.<\/p>\n<p style=\"text-align: justify\"><em>*Sob supervis\u00e3o de T\u00e9o Meneses.<\/em><\/p>\n<p id=\"infocoweb_fonte\" class=\"infocoweb_fonte\">Fonte: Governo MT \u2013 MT<\/p>\n<style>#infocoweb_cabecalho {\n        display: inline-block;\n        margin-top: -75px;\n        position: absolute;\n        right: 0;\n    }\n<\/style>\n<style><\/style>\n<\/div>\n<div id=\"infocoweb_rodape\" class=\"infocoweb_rodape\"><\/div>\n<\/div>\n<p>O post Inscri\u00e7\u00f5es para seletivo da Seciteci para contratar professores e t\u00e9cnicos encerram na pr\u00f3xima semana apareceu primeiro em Portal MT.<\/p>\n<\/div>\n","protected":false},"excerpt":{"rendered":"<p>Est\u00e3o nos \u00faltimos dias as inscri\u00e7\u00f5es para o processo seletivo, da Secretaria de Estado de<\/p>\n","protected":false},"author":2,"featured_media":34102,"comment_status":"registered_only","ping_status":"closed","sticky":false,"template":"","format":"standard","meta":{"footnotes":""},"categories":[7],"tags":[],"aioseo_notices":[],"_links":{"self":[{"href":"https:\/\/portalnewsgta.com.br\/index.php\/wp-json\/wp\/v2\/posts\/34101"}],"collection":[{"href":"https:\/\/portalnewsgta.com.br\/index.php\/wp-json\/wp\/v2\/posts"}],"about":[{"href":"https:\/\/portalnewsgta.com.br\/index.php\/wp-json\/wp\/v2\/types\/post"}],"author":[{"embeddable":true,"href":"https:\/\/portalnewsgta.com.br\/index.php\/wp-json\/wp\/v2\/users\/2"}],"replies":[{"embeddable":true,"href":"https:\/\/portalnewsgta.com.br\/index.php\/wp-json\/wp\/v2\/comments?post=34101"}],"version-history":[{"count":0,"href":"https:\/\/portalnewsgta.com.br\/index.php\/wp-json\/wp\/v2\/posts\/34101\/revisions"}],"wp:featuredmedia":[{"embeddable":true,"href":"https:\/\/portalnewsgta.com.br\/index.php\/wp-json\/wp\/v2\/media\/34102"}],"wp:attachment":[{"href":"https:\/\/portalnewsgta.com.br\/index.php\/wp-json\/wp\/v2\/media?parent=34101"}],"wp:term":[{"taxonomy":"category","embeddable":true,"href":"https:\/\/portalnewsgta.com.br\/index.php\/wp-json\/wp\/v2\/categories?post=34101"},{"taxonomy":"post_tag","embeddable":true,"href":"https:\/\/portalnewsgta.com.br\/index.php\/wp-json\/wp\/v2\/tags?post=34101"}],"curies":[{"name":"wp","href":"https:\/\/api.w.org\/{rel}","templated":true}]}}