{"id":34085,"date":"2024-11-08T12:00:35","date_gmt":"2024-11-08T15:00:35","guid":{"rendered":"https:\/\/portalnewsgta.com.br\/index.php\/2024\/11\/08\/primeira-dama-de-mt-celebra-historias-de-superacao-e-conquista-de-medalhas-nas-competicoes-de-parajiu-jitsu-em-abu-dhabi\/"},"modified":"2024-11-08T12:00:35","modified_gmt":"2024-11-08T15:00:35","slug":"primeira-dama-de-mt-celebra-historias-de-superacao-e-conquista-de-medalhas-nas-competicoes-de-parajiu-jitsu-em-abu-dhabi","status":"publish","type":"post","link":"https:\/\/portalnewsgta.com.br\/index.php\/2024\/11\/08\/primeira-dama-de-mt-celebra-historias-de-superacao-e-conquista-de-medalhas-nas-competicoes-de-parajiu-jitsu-em-abu-dhabi\/","title":{"rendered":"Primeira-dama de MT celebra hist\u00f3rias de supera\u00e7\u00e3o e conquista de medalhas nas competi\u00e7\u00f5es de Parajiu-jitsu em Abu Dhabi"},"content":{"rendered":"<div>\n<div id=\"infocoweb\" data-uuid=\"2eb0fb90-8dd7-4727-983e-c3a18cadba3b\" class=\"infocoweb infocoweb_canal_61\">\n<div id=\"infocoweb_cabecalho\" class=\"infocoweb_cabecalho\"><\/div>\n<div id=\"infocoweb_corpo\" class=\"infocoweb_corpo\"><span class=\"ifn_post_add_feature_image_to_the_top\"><\/span><\/p>\n<p style=\"text-align: justify\">Nesta quinta-feira (07.11), na Arena Mubadala, em Abu Dhabi, a primeira-dama de Mato Grosso, acompanhada do secret\u00e1rio de Estado de Cultura, Esporte e Lazer (Secel), assistiu \u00e0s primeiras lutas dos atletas e paratletas mato-grossenses no Campeonato Mundial Profissional, promovido pela Federa\u00e7\u00e3o de Jiu-jitsu dos Emirados \u00c1rabes Unidos (UAEJJF), que atrai atletas e paratletas de todo o mundo.<\/p>\n<p style=\"text-align: justify\">Ao lado da primeira-dama Virginia Mendes, acompanharam as lutas o vice-presidente da Federa\u00e7\u00e3o \u00c1rabe de Jiu-jitsu, Mohamed Saleh, e do embaixador do Brasil nos Emirados \u00c1rabes, Sidney Romeiro, e Sergio Omizolo, um dos organizadores do campeonato. <\/p>\n<p style=\"text-align: justify\">O embaixador recebeu o exemplar do livro SER Fam\u00edlia, que detalha os programas idealizados pela primeira-dama Virginia Mendes e demonstra as a\u00e7\u00f5es desenvolvidas pela Secretaria de Estado de Assist\u00eancia Social e Cidadania (Setasc), por meio do Relat\u00f3rio de Gest\u00e3o. <\/p>\n<figure class=\"image\"><source><img decoding=\"async\" alt=\"\" height=\"267\" src=\"https:\/\/www.secom.mt.gov.br\/documents\/d\/mt\/whatsapp-image-2024-11-08-at-09-32-17\" style=\"margin: 0px\">         <\/source><figcaption>          <i>O embaixador Sidney Romeiro | Foto: Jana Pess\u00f4a\/Unaf<\/i>         <\/figcaption><\/figure>\n<p style=\"text-align: justify\">\u201cIdentifiquei em Mato Grosso interesses similares em diferentes \u00e1reas, onde poderemos desenvolver o mesmo modelo de relacionamento dos Emirados \u00c1rabes. Eu ficaria muito honrado em apoiar  as a\u00e7\u00f5es de Mato Grosso neste relacionamento com o pa\u00eds. Parab\u00e9ns pelo trabalho demonstrado com tamanha transpar\u00eancia\u201d, reconheceu Sidney Romeiro. <\/p>\n<p style=\"text-align: justify\">De acordo com a organiza\u00e7\u00e3o, a UAEJJF promove o evento como parte do seu compromisso em fomentar o jiu-jitsu e posicionar a capital executiva dos Emirados como um dos principais centros mundiais da modalidade.<\/p>\n<p style=\"text-align: justify\">A equipe mato-grossense, representada pela Academia Gracie Barra, apoiadora dos competidores em Barra do Gar\u00e7as, e pela Academia Cowboy de Canarana, conquistou 11 medalhas: 5 de ouro no paradesporto; 2 de prata no paradesporto; 2 de prata na inclus\u00e3o reversa; e 2 de bronze no paradesporto. <\/p>\n<p style=\"text-align: justify\"><source><img decoding=\"async\" alt=\"\" height=\"267\" src=\"https:\/\/www.secom.mt.gov.br\/documents\/d\/mt\/whatsapp-image-2024-11-08-at-09-32-17-1-\">         <\/source><br \/> Para a primeira-dama de MT, Virginia Mendes, a experi\u00eancia de acompanhar os atletas e paratletas nos eventos foi algo indescrit\u00edvel.<\/p>\n<p style=\"text-align: justify\">\u201c\u00c9 impressionante ver a garra, a for\u00e7a e a vontade de vencer os desafios, desde o preparo e os detalhes, do treino at\u00e9 a log\u00edstica para estarem aqui. Me emocionei in\u00fameras vezes durante as lutas. Realmente, algo indescrit\u00edvel\u201d, salientou Virginia Mendes.<\/p>\n<p style=\"text-align: justify\">Reconhecida recentemente como embaixadora mundial do Parajiu-jitsu, Virginia Mendes teve a oportunidade de conhecer paratletas de outros pa\u00edses, v\u00edtimas de guerra, soldados que, em defesa de seus pa\u00edses, adquiriram defici\u00eancia e encontraram no paradesporto uma nova vida.<\/p>\n<p style=\"text-align: justify\">\u201cA for\u00e7a de supera\u00e7\u00e3o desta categoria esportiva \u00e9 algo que todos precisam vivenciar. Conheci soldados como Paulo Skivington, da Inglaterra, e Rustin Hughes, dos Estados Unidos, que perderam as pernas no Afeganist\u00e3o; e o sargento Misha Sever e Dinav Nazar, da Ucr\u00e2nia, que tamb\u00e9m tiveram as pernas amputadas. Eles encontraram no paradesporto um novo caminho e continuam servindo seus pa\u00edses\u201d, contou Virginia Mendes.<\/p>\n<p style=\"text-align: justify\"><source><img decoding=\"async\" alt=\"\" height=\"267\" src=\"https:\/\/www.secom.mt.gov.br\/documents\/d\/mt\/whatsapp-image-2024-11-08-at-09-32-18-2-\">         <\/source>  <\/p>\n<p style=\"text-align: justify\">Ela tamb\u00e9m lembrou o exemplo dos paratletas mato-grossenses, como a hist\u00f3ria do 1\u00ba tenente da PMMT, Elcirley Luz, que ap\u00f3s um acidente teve uma das pernas amputadas; do empres\u00e1rio M\u00e1rio \u00c9dson, que tamb\u00e9m foi v\u00edtima de um acidente e perdeu uma das pernas; e do campe\u00e3o de jiu-j\u00edtsu Kaike Angelim, com diversos t\u00edtulos nacionais e internacionais, que, ap\u00f3s um acidente de moto, ficou parapl\u00e9gico, passou por um per\u00edodo de depress\u00e3o e, no paradesporto, encontrou for\u00e7as para retornar \u00e0s competi\u00e7\u00f5es.<\/p>\n<p style=\"text-align: justify\">\u201cS\u00e3o exemplos como esses que nos fazem refletir sobre o valor que o esporte tem. N\u00e3o \u00e9 sobre vit\u00f3rias ou derrotas em um campeonato, mas sobre tudo o que se pode conquistar. Estou muito orgulhosa de todos eles. Essas s\u00e3o apenas as primeiras medalhas desta etapa, e tenho certeza de que outras ser\u00e3o conquistadas\u201d, disse Virginia Mendes.<\/p>\n<p style=\"text-align: justify\"><source><img decoding=\"async\" alt=\"\" height=\"267\" src=\"https:\/\/www.secom.mt.gov.br\/documents\/d\/mt\/whatsapp-image-2024-11-08-at-09-32-18\">         <\/source>  <\/p>\n<p style=\"text-align: justify\">O campeonato teve in\u00edcio na \u00faltima quarta-feira (06\/11) e se encerra no dia 18 de novembro.<\/p>\n<p style=\"text-align: justify\">O evento conta com o apoio do xeique Mohammed bin Zayed Al Nahyan, presidente dos Emirados \u00c1rabes Unidos, cujo incentivo ao jiu-jitsu tem sido fundamental para o crescimento da modalidade no pa\u00eds e em n\u00edvel internacional. O campeonato recebe significativo apoio do governo, que reconhece o jiu-jitsu como um meio de promover sa\u00fade, respeito e disciplina entre os jovens e a sociedade em geral.<\/p>\n<p style=\"text-align: justify\"><strong>Confira a lista dos medalhistas do Parajiu-jitsu:<\/strong><\/p>\n<ul>\n<li style=\"text-align: justify\">    Suiany Linhares \u2013 medalha de ouro;<\/li>\n<li style=\"text-align: justify\">    M\u00e1rio \u00c9dson (Cowboy) \u2013 medalha de ouro e prata;<\/li>\n<li style=\"text-align: justify\">    Marcus Aurelius, classe E (paralisia cerebral) \u2013 medalha de ouro;<\/li>\n<li style=\"text-align: justify\">    Jo\u00e3o Paulo, paralisia cerebral \u2013 medalha de ouro;<\/li>\n<li style=\"text-align: justify\">    Elcirley Luz \u2013 medalha de ouro;<\/li>\n<li style=\"text-align: justify\">    Kaike Angelim, classe K2 (paraplegia)- medalha de prata e trof\u00e9u de melhor lutador profissional da categoria;<\/li>\n<li style=\"text-align: justify\">    Vivaldo Pereira, classe K (les\u00e3o medular) \u2013 medalha de bronze;<\/li>\n<li style=\"text-align: justify\">    Ant\u00f4nio Lopes, paraplegia \u2013 medalha de bronze;<\/li>\n<\/ul>\n<p style=\"text-align: justify\"><strong>Na categoria reversa:<\/strong><\/p>\n<ul>\n<li style=\"text-align: justify\">   Isabela Landislau Borges \u2013 medalha de prata;<\/li>\n<li style=\"text-align: justify\">   Joshua Presott \u2013 medalha de prata;<\/li>\n<\/ul>\n<p id=\"infocoweb_fonte\" class=\"infocoweb_fonte\">Fonte: Governo MT \u2013 MT<\/p>\n<style>#infocoweb_cabecalho {\n        display: inline-block;\n        margin-top: -75px;\n        position: absolute;\n        right: 0;\n    }\n<\/style>\n<style><\/style>\n<\/div>\n<div id=\"infocoweb_rodape\" class=\"infocoweb_rodape\"><\/div>\n<\/div>\n<p>O post Primeira-dama de MT celebra hist\u00f3rias de supera\u00e7\u00e3o e conquista de medalhas nas competi\u00e7\u00f5es de Parajiu-jitsu em Abu Dhabi apareceu primeiro em Portal MT.<\/p>\n<\/div>\n","protected":false},"excerpt":{"rendered":"<p>Nesta quinta-feira (07.11), na Arena Mubadala, em Abu Dhabi, a primeira-dama de Mato Grosso, acompanhada<\/p>\n","protected":false},"author":2,"featured_media":34086,"comment_status":"registered_only","ping_status":"closed","sticky":false,"template":"","format":"standard","meta":{"footnotes":""},"categories":[7],"tags":[],"aioseo_notices":[],"_links":{"self":[{"href":"https:\/\/portalnewsgta.com.br\/index.php\/wp-json\/wp\/v2\/posts\/34085"}],"collection":[{"href":"https:\/\/portalnewsgta.com.br\/index.php\/wp-json\/wp\/v2\/posts"}],"about":[{"href":"https:\/\/portalnewsgta.com.br\/index.php\/wp-json\/wp\/v2\/types\/post"}],"author":[{"embeddable":true,"href":"https:\/\/portalnewsgta.com.br\/index.php\/wp-json\/wp\/v2\/users\/2"}],"replies":[{"embeddable":true,"href":"https:\/\/portalnewsgta.com.br\/index.php\/wp-json\/wp\/v2\/comments?post=34085"}],"version-history":[{"count":0,"href":"https:\/\/portalnewsgta.com.br\/index.php\/wp-json\/wp\/v2\/posts\/34085\/revisions"}],"wp:featuredmedia":[{"embeddable":true,"href":"https:\/\/portalnewsgta.com.br\/index.php\/wp-json\/wp\/v2\/media\/34086"}],"wp:attachment":[{"href":"https:\/\/portalnewsgta.com.br\/index.php\/wp-json\/wp\/v2\/media?parent=34085"}],"wp:term":[{"taxonomy":"category","embeddable":true,"href":"https:\/\/portalnewsgta.com.br\/index.php\/wp-json\/wp\/v2\/categories?post=34085"},{"taxonomy":"post_tag","embeddable":true,"href":"https:\/\/portalnewsgta.com.br\/index.php\/wp-json\/wp\/v2\/tags?post=34085"}],"curies":[{"name":"wp","href":"https:\/\/api.w.org\/{rel}","templated":true}]}}