{"id":34077,"date":"2024-11-08T11:42:38","date_gmt":"2024-11-08T14:42:38","guid":{"rendered":"https:\/\/portalnewsgta.com.br\/index.php\/2024\/11\/08\/ancelotti-diz-nao-se-arrepender-de-recusar-convite-da-selecao-brasileira-nao-me-faca-rir\/"},"modified":"2024-11-08T11:42:38","modified_gmt":"2024-11-08T14:42:38","slug":"ancelotti-diz-nao-se-arrepender-de-recusar-convite-da-selecao-brasileira-nao-me-faca-rir","status":"publish","type":"post","link":"https:\/\/portalnewsgta.com.br\/index.php\/2024\/11\/08\/ancelotti-diz-nao-se-arrepender-de-recusar-convite-da-selecao-brasileira-nao-me-faca-rir\/","title":{"rendered":"Ancelotti diz n\u00e3o se arrepender de recusar convite da sele\u00e7\u00e3o brasileira: &#8216;N\u00e3o me fa\u00e7a rir&#8217;"},"content":{"rendered":"<p>Carlo Ancelotti surpreendeu nesta sexta-feira ao responder uma das perguntas dos jornalistas na tradicional entrevista coletiva do Real Madrid na v\u00e9spera da rodada do Campeonato Espanhol. Ao ser questionado sobre se estaria arrependido de rejeitar convite para treinar a sele\u00e7\u00e3o brasileira, o treinador italiano ironizou o questionamento: &#8220;Voc\u00ea me faz rir&#8221;.<\/p>\n<div class=\"dummyPub\">\u00a0<\/div>\n<p>&#8220;Obrigado por me dar a oportunidade de rir&#8221;, disse o t\u00e9cnico do Real, visivelmente constrangido ap\u00f3s uma risada nervosa. &#8220;N\u00e3o \u00e9 o momento para rir porque \u00e9 um momento delicado. E temos que seguir adiante. Ent\u00e3o, rir no dia de hoje n\u00e3o \u00e9 o mais adequado. Agora \u00e9 momento de agir.&#8221;<\/p>\n<p>\u00a0<\/p>\n<p>Ancelotti se referia \u00e0 sequ\u00eancia recente de jogos do Real na temporada europeia. O clube madrilenho vem de duas derrotas doloridas nos \u00faltimos dias. No meio de semana, levou 3 a 1 do Milan, pela Liga dos Campe\u00f5es, competi\u00e7\u00e3o no qual o Real n\u00e3o est\u00e1 na zona de classifica\u00e7\u00e3o direta para o mata-mata. Antes, o time de Ancelotti levou 4 a 0 do arquirrival Barcelona, que lidera o Espanhol com folga de nove pontos.<\/p>\n<p>\u00a0<\/p>\n<p>O momento negativo gerou a pergunta sobre o poss\u00edvel arrependimento de Ancelotti, que j\u00e1 sofre cr\u00edticas por parte da torcida e da imprensa local, por dizer &#8220;n\u00e3o&#8221; para a proposta da CBF feita no primeiro semestre. Ele recebeu oferta para assumir o comando da sele\u00e7\u00e3o brasileira a partir do meio deste ano, quando se encerrava seu contrato com o Real. O italiano, contudo, decidiu aceitar a proposta para renovar seu v\u00ednculo com o clube.<\/p>\n<p>\u00a0<\/p>\n<p>&#8220;N\u00e3o me arrependo de nada. E sigo gostando de todos os dias que passo aqui em<\/p>\n<p>Valdebebas (local do CT do Real). E farei isso at\u00e9 o \u00faltimo dia. Agrade\u00e7o pelo tempo que passei e passarei aqui. Este \u00e9 um momento dif\u00edcil, mas estou feliz de estar aqui, neste clube, que \u00e9 o melhor do mundo. E que tamb\u00e9m \u00e9 o melhor do mundo em sair rapidamente dos momentos complicados&#8221;, comentou.<\/p>\n<p>\u00a0<\/p>\n<p>Os resultados ruins recentes do Real se somam \u00e0 decep\u00e7\u00e3o com o fraco rendimento de Kylian Mbapp\u00e9, grande aposta do clube na \u00faltima janela de transfer\u00eancias. Ao mesmo tempo, o clube ainda se ressente da decis\u00e3o do pr\u00eamio Bola de Ouro, quando seus jogadores, principalmente Vin\u00edcius J\u00fanior, foram preteridos na premia\u00e7\u00e3o principal. Rodri, do Manchester City, levou a honraria, tendo o brasileiro como segundo colocado e Bellingham, em terceiro.<\/p>\n<p>Fonte: noticiasaominuto.com.br<\/p>\n","protected":false},"excerpt":{"rendered":"<p>Carlo Ancelotti surpreendeu nesta sexta-feira ao responder uma das perguntas dos jornalistas na tradicional entrevista<\/p>\n","protected":false},"author":0,"featured_media":34078,"comment_status":"open","ping_status":"open","sticky":false,"template":"","format":"standard","meta":{"footnotes":""},"categories":[4],"tags":[],"aioseo_notices":[],"_links":{"self":[{"href":"https:\/\/portalnewsgta.com.br\/index.php\/wp-json\/wp\/v2\/posts\/34077"}],"collection":[{"href":"https:\/\/portalnewsgta.com.br\/index.php\/wp-json\/wp\/v2\/posts"}],"about":[{"href":"https:\/\/portalnewsgta.com.br\/index.php\/wp-json\/wp\/v2\/types\/post"}],"replies":[{"embeddable":true,"href":"https:\/\/portalnewsgta.com.br\/index.php\/wp-json\/wp\/v2\/comments?post=34077"}],"version-history":[{"count":0,"href":"https:\/\/portalnewsgta.com.br\/index.php\/wp-json\/wp\/v2\/posts\/34077\/revisions"}],"wp:featuredmedia":[{"embeddable":true,"href":"https:\/\/portalnewsgta.com.br\/index.php\/wp-json\/wp\/v2\/media\/34078"}],"wp:attachment":[{"href":"https:\/\/portalnewsgta.com.br\/index.php\/wp-json\/wp\/v2\/media?parent=34077"}],"wp:term":[{"taxonomy":"category","embeddable":true,"href":"https:\/\/portalnewsgta.com.br\/index.php\/wp-json\/wp\/v2\/categories?post=34077"},{"taxonomy":"post_tag","embeddable":true,"href":"https:\/\/portalnewsgta.com.br\/index.php\/wp-json\/wp\/v2\/tags?post=34077"}],"curies":[{"name":"wp","href":"https:\/\/api.w.org\/{rel}","templated":true}]}}