{"id":3406,"date":"2024-04-15T07:52:27","date_gmt":"2024-04-15T10:52:27","guid":{"rendered":"https:\/\/portalnewsgta.com.br\/?p=3406"},"modified":"2024-04-15T07:52:27","modified_gmt":"2024-04-15T10:52:27","slug":"ministerio-da-saude-inicia-plano-para-vacinar-130-mil-indigenas","status":"publish","type":"post","link":"https:\/\/portalnewsgta.com.br\/index.php\/2024\/04\/15\/ministerio-da-saude-inicia-plano-para-vacinar-130-mil-indigenas\/","title":{"rendered":"Minist\u00e9rio da Sa\u00fade inicia plano para vacinar 130 mil ind\u00edgenas"},"content":{"rendered":"<div id=\"content-core\">\n<div id=\"parent-fieldname-text\" class=\"\">\n<div>\n<p>O Minist\u00e9rio da Sa\u00fade iniciou o M\u00eas de Vacina\u00e7\u00e3o dos Povos Ind\u00edgenas (MVPI) neste s\u00e1bado (13). Em 2024, o planejamento abrange 992 aldeias, alcan\u00e7ando mais de 130 mil ind\u00edgenas. A previs\u00e3o \u00e9 aplicar cerca de 240 mil doses dos imunizantes que comp\u00f5em o <a class=\"external-link\" title=\"\" href=\"https:\/\/www.gov.br\/saude\/pt-br\/vacinacao\/calendario\" target=\"_blank\" rel=\"noopener\" data-tippreview-enabled=\"false\" data-tippreview-image=\"\" data-tippreview-title=\"\">Calend\u00e1rio Nacional de Vacina\u00e7\u00e3o<\/a>. Essa \u00e9 mais uma estrat\u00e9gia do governo federal para intensificar a vacina\u00e7\u00e3o em territ\u00f3rios ind\u00edgenas com o objetivo de alcan\u00e7ar a cobertura vacinal, principalmente em \u00e1reas de dif\u00edcil acesso geogr\u00e1fico. A abertura da a\u00e7\u00e3o, que se estende at\u00e9 12 de maio, teve a presen\u00e7a da ministra N\u00edsia Trindade na Aldeia Kuahi, na Terra Ind\u00edgena Ua\u00e7\u00e1, pr\u00f3xima a Oiapoque, no Amap\u00e1. Ap\u00f3s a agenda, a ministra esteve na cidade de Santana, pr\u00f3ximo \u00e0 capital Macap\u00e1, onde visitou uma sala de vacina\u00e7\u00e3o contra a dengue.<\/p>\n<p>O MVPI acontece em todos os 34\u00a0<a class=\"external-link\" title=\"\" href=\"https:\/\/www.gov.br\/saude\/pt-br\/composicao\/sesai\/estrutura\/dsei\" target=\"_blank\" rel=\"noopener\" data-tippreview-enabled=\"false\" data-tippreview-image=\"\" data-tippreview-title=\"\">Distritos Sanit\u00e1rios Especiais Ind\u00edgenas (DSEIs)<\/a>\u00a0situados nas cinco regi\u00f5es do pa\u00eds. Mais de 2,5 mil trabalhadores e trabalhadoras da sa\u00fade est\u00e3o envolvidos na atividade. A imuniza\u00e7\u00e3o deste p\u00fablico exige grande esfor\u00e7o pois residem em \u00e1reas de dif\u00edcil acesso terrestre, acesso fluvial limitado em per\u00edodos de estiagem e \u00e1reas com acesso estritamente a\u00e9reo.<\/p>\n<p>Neste s\u00e1bado, com a presen\u00e7a de diversas autoridades, foram imunizados ind\u00edgenas na Aldeia Kuahi. No local, vivem 19 fam\u00edlias que juntas totalizam 85 moradores. Foram disponibilizadas, ao longo do dia, 2,7 mil doses de rotina que, a seguir, ser\u00e3o distribu\u00eddas aos polos base do Oiapoque. Contra a Covid-19, s\u00e3o 1.140 doses distribu\u00eddas.<\/p>\n<dl class=\"image-inline captioned caption-left\">\n<dt><a href=\"https:\/\/www.gov.br\/saude\/pt-br\/assuntos\/noticias\/2024\/abril\/ministerio-da-saude-inicia-plano-para-vacinar-130-mil-indigenas\/vacinacao-indigena.jpg\" rel=\"lightbox\"><img loading=\"lazy\" decoding=\"async\" src=\"https:\/\/www.gov.br\/saude\/pt-br\/assuntos\/noticias\/2024\/abril\/ministerio-da-saude-inicia-plano-para-vacinar-130-mil-indigenas\/vacinacao-indigena.jpg\/@@images\/9c822369-6067-4372-a9c8-df0231c2f6e9.jpeg\" alt=\"vacina\u00e7\u00e3o ind\u00edgena.jpg\" width=\"663\" height=\"305\" \/><\/a><\/dt>\n<dd class=\"image-caption\">Julia Prado\/MS<\/dd>\n<\/dl>\n<p>As demais vacinas aplicadas s\u00e3o BCG, febre amarela, tr\u00edplice viral (sarampo, rub\u00e9ola e caxumba), pneumo 23, poliomielite, varicela, difteria e t\u00e9tano, meningo ACWY, meningoc\u00f3cica C, poliomielite oral, rotav\u00edrus, HPV, pentavalente, pneumo 10 e DTPA (para gestantes).<\/p>\n<p>De maneira geral, a popula\u00e7\u00e3o ind\u00edgena foi duramente impactada pela dissemina\u00e7\u00e3o de fake news contra a vacina\u00e7\u00e3o, algo que vem sendo revertido ap\u00f3s estrat\u00e9gias desenvolvidas pelo Minist\u00e9rio da Sa\u00fade. Exemplo disso \u00e9 o programa\u00a0<a class=\"external-link\" title=\"\" href=\"https:\/\/www.gov.br\/saude\/pt-br\/assuntos\/saude-com-ciencia\" target=\"_blank\" rel=\"noopener\" data-tippreview-enabled=\"false\" data-tippreview-image=\"\" data-tippreview-title=\"\">Sa\u00fade com Ci\u00eancia<\/a>, a\u00e7\u00e3o in\u00e9dita e interministerial que tem foco na valoriza\u00e7\u00e3o da ci\u00eancia e na dissemina\u00e7\u00e3o de informa\u00e7\u00f5es confi\u00e1veis, al\u00e9m de a\u00e7\u00f5es educativas e voltadas \u00e0 responsabiliza\u00e7\u00e3o.<\/p>\n<p>O programa atua na estrat\u00e9gia de recuperar as altas coberturas vacinais do Brasil diante de um cen\u00e1rio de retrocesso, principalmente nos \u00faltimos dois anos, quando foram registrados os piores \u00edndices. A propaga\u00e7\u00e3o de\u00a0<em>fake news<\/em>\u00a0\u00e9 um dos fatores que impacta na ades\u00e3o da popula\u00e7\u00e3o \u00e0s campanhas de imuniza\u00e7\u00e3o.<b>\u00a0<\/b><\/p>\n<p><b><\/b>Concomitante \u00e0s atividades de vacina\u00e7\u00e3o, foram ofertados ao longo do dia outros atendimentos em sa\u00fade, de forma a oportunizar as entradas em territ\u00f3rio ind\u00edgena, pelas equipes multidisciplinares e demais categorias profissionais. Foram entregues kits de sa\u00fade bucal e ofertado atendimento com dentista; distribui\u00e7\u00e3o de rem\u00e9dios; atendimento com fisioterapeuta, psic\u00f3loga e assistente social; testagens r\u00e1pidas e leitura de l\u00e2minas para mal\u00e1ria; e orienta\u00e7\u00f5es sobre dengue.<\/p>\n<dl class=\"image-inline captioned caption-left\">\n<dt><a href=\"https:\/\/www.gov.br\/saude\/pt-br\/assuntos\/noticias\/2024\/abril\/ministerio-da-saude-inicia-plano-para-vacinar-130-mil-indigenas\/cerimonia.jpg\" rel=\"lightbox\"><img loading=\"lazy\" decoding=\"async\" src=\"https:\/\/www.gov.br\/saude\/pt-br\/assuntos\/noticias\/2024\/abril\/ministerio-da-saude-inicia-plano-para-vacinar-130-mil-indigenas\/cerimonia.jpg\/@@images\/38e1ea35-2d0d-4d1f-9ad8-5dd62bb13fdc.jpeg\" alt=\"Cerimonia.jpg\" width=\"663\" height=\"305\" \/><\/a><\/dt>\n<dd class=\"image-caption\">Foto: Igor Evangelista\/MS<\/dd>\n<\/dl>\n<p><b>Obras e\u00a0<\/b><b>ve\u00edculos tamb\u00e9m ser\u00e3o entregues<\/b><\/p>\n<p>Entre os investimentos na sa\u00fade ind\u00edgena, a ministra N\u00edsia Trindade assinou ordem de servi\u00e7o para o in\u00edcio das obras da Unidade B\u00e1sica de Sa\u00fade Ind\u00edgena (UBSI) da Aldeia Esp\u00edrito Santo, beneficiando 708 pessoas. Al\u00e9m disso, foi anunciada a renova\u00e7\u00e3o da frota do DSEI Amap\u00e1 com 25 novos ve\u00edculos para atender a popula\u00e7\u00e3o de 14,5 mil ind\u00edgenas.<\/p>\n<p><b>Laborat\u00f3rio Transfronteiri\u00e7o<\/b><\/p>\n<dl class=\"image-inline captioned caption-left\">\n<dt><a href=\"https:\/\/www.gov.br\/saude\/pt-br\/assuntos\/noticias\/2024\/abril\/ministerio-da-saude-inicia-plano-para-vacinar-130-mil-indigenas\/assinatura.jpg\" rel=\"lightbox\"><img loading=\"lazy\" decoding=\"async\" src=\"https:\/\/www.gov.br\/saude\/pt-br\/assuntos\/noticias\/2024\/abril\/ministerio-da-saude-inicia-plano-para-vacinar-130-mil-indigenas\/assinatura.jpg\/@@images\/57c5bc16-5146-4287-858a-5662e2ddb135.jpeg\" alt=\"Assinatura.jpg\" width=\"663\" height=\"325\" \/><\/a><\/dt>\n<dd class=\"image-caption\">Foto: Igor Evangelista\/MS<\/dd>\n<\/dl>\n<p>A ministra da Sa\u00fade assinou tamb\u00e9m o contrato de cria\u00e7\u00e3o do Centro Transfronteiri\u00e7o de Vigil\u00e2ncia em Sa\u00fade para aprimorar o monitoramento e preven\u00e7\u00e3o das doen\u00e7as transmiss\u00edveis entre o Amap\u00e1 e a Guiana Francesa.<\/p>\n<p>Al\u00e9m da rede de vigil\u00e2ncia em sa\u00fade, para garantir a pronta resposta nos dois pa\u00edses e prevenir que focos de doen\u00e7as se alastrem, ser\u00e1 constru\u00eddo o Laborat\u00f3rio de Fronteira (Lafron), aumentando a capacidade de preven\u00e7\u00e3o e resposta contra surtos e epidemias, principalmente na cria\u00e7\u00e3o e gest\u00e3o de alertas diante casos de dengue, mal\u00e1ria, Covid-19, gripe, rub\u00e9ola, HIV e infec\u00e7\u00f5es sexualmente transmiss\u00edveis.<\/p>\n<p>Na pr\u00e1tica, todo tipo de doen\u00e7a ser\u00e1 monitorada e desencadear\u00e1 a\u00e7\u00f5es espec\u00edficas na regi\u00e3o da fronteira, evitando que se alastre para o resto dos estados de ambos os pa\u00edses. Al\u00e9m disso, favorecer\u00e1 a troca de informa\u00e7\u00f5es estrat\u00e9gicas, fundamentais para a constru\u00e7\u00e3o da pol\u00edtica internacional adequada e oportuna para a preven\u00e7\u00e3o e controle de doen\u00e7as.<b><\/p>\n<p><\/b>A ministra N\u00edsia falou sobre a import\u00e2ncia de levar os mais diversos tipos de imunizantes para a prote\u00e7\u00e3o ind\u00edgena e tamb\u00e9m sobre os avan\u00e7os que o laborat\u00f3rio trar\u00e1 para a regi\u00e3o e os pa\u00edses fronteiri\u00e7os. \u201c\u00c9 uma satisfa\u00e7\u00e3o estar aqui no Amap\u00e1 e come\u00e7ar a vacina\u00e7\u00e3o ind\u00edgena pelo Oiapoque, essa parte t\u00e3o importante do Brasil. E lembro que hoje estamos fazendo um Dia D de vacina\u00e7\u00e3o da gripe para grupos priorit\u00e1rios em v\u00e1rias partes do Brasil\u201d, disse. \u201cCom rela\u00e7\u00e3o ao laborat\u00f3rio e ao centro transfronteiri\u00e7o, eles ser\u00e3o pontos importantes de prote\u00e7\u00e3o tanto no Amap\u00e1 como para os nossos vizinhos, no caso a Guiana Francesa. Pois sabemos que na fronteira pode haver a circula\u00e7\u00e3o de v\u00edrus e de outros agentes causadores de doen\u00e7as. Ent\u00e3o, isso representa a proje\u00e7\u00e3o da vigil\u00e2ncia e da pesquisa em sa\u00fade que \u00e9 feita aqui no estado e no Brasil\u201d, acrescentou a ministra, no evento.<\/p>\n<p>Participaram tamb\u00e9m da cerim\u00f4nia de lan\u00e7amento do MVPI o governador do Amap\u00e1, Cl\u00e9cio Luis, o ministro da Integra\u00e7\u00e3o e do Desenvolvimento Regional, Waldez de G\u00f3es, o secret\u00e1rio de Sa\u00fade Ind\u00edgena, Weibe Tapeba, a secret\u00e1ria de Vigil\u00e2ncia em Sa\u00fade e Ambiente, Ethel Maciel, entre outras autoridades.<\/p>\n<p><b>Vacina\u00e7\u00e3o contra a dengue em Santana (AP)<\/p>\n<p><\/b><\/p>\n<dl class=\"image-inline captioned caption-left\">\n<dt><a href=\"https:\/\/www.gov.br\/saude\/pt-br\/assuntos\/noticias\/2024\/abril\/ministerio-da-saude-inicia-plano-para-vacinar-130-mil-indigenas\/vacinacao-amapa.jpg\" rel=\"lightbox\"><img loading=\"lazy\" decoding=\"async\" src=\"https:\/\/www.gov.br\/saude\/pt-br\/assuntos\/noticias\/2024\/abril\/ministerio-da-saude-inicia-plano-para-vacinar-130-mil-indigenas\/vacinacao-amapa.jpg\/@@images\/6958a2bf-b8f1-453f-91ca-5bc2b7c4392c.jpeg\" alt=\"vacina\u00e7\u00e3o amap\u00e1.jpg\" width=\"663\" height=\"305\" \/><\/a><\/dt>\n<dd class=\"image-caption\">Foto: Julia Prado\/MS<\/dd>\n<\/dl>\n<p>Ap\u00f3s deixar o Oiapoque, a ministra N\u00edsia Trindade seguiu para a cidade de Santana, pr\u00f3ximo \u00e0 capital Macap\u00e1, onde visitou a sala de vacina\u00e7\u00e3o contra a dengue da Policl\u00ednica Municipal Maria Tardes Aguiar. No total, o Minist\u00e9rio da Sa\u00fade destinou 12 mil doses do imunizante contra a doen\u00e7a para o estado.<em><br \/>\nMinist\u00e9<\/em><em>rio da Sa\u00fade<\/em><\/p>\n<\/div>\n<\/div>\n<\/div>\n<div id=\"formfield-form-widgets-categoria\" class=\"field z3cformInlineValidation\"><label class=\"horizontal\">Categoria<\/label><\/p>\n<div id=\"form-widgets-categoria\" class=\"contenttree-widget relationchoice-field\">Sa\u00fade e Vigil\u00e2ncia Sanit\u00e1ria<\/div>\n<\/div>\n","protected":false},"excerpt":{"rendered":"<p>O Minist\u00e9rio da Sa\u00fade iniciou o M\u00eas de Vacina\u00e7\u00e3o dos Povos Ind\u00edgenas (MVPI) neste s\u00e1bado<\/p>\n","protected":false},"author":2,"featured_media":3407,"comment_status":"open","ping_status":"open","sticky":false,"template":"","format":"standard","meta":{"footnotes":""},"categories":[13,3],"tags":[],"aioseo_notices":[],"_links":{"self":[{"href":"https:\/\/portalnewsgta.com.br\/index.php\/wp-json\/wp\/v2\/posts\/3406"}],"collection":[{"href":"https:\/\/portalnewsgta.com.br\/index.php\/wp-json\/wp\/v2\/posts"}],"about":[{"href":"https:\/\/portalnewsgta.com.br\/index.php\/wp-json\/wp\/v2\/types\/post"}],"author":[{"embeddable":true,"href":"https:\/\/portalnewsgta.com.br\/index.php\/wp-json\/wp\/v2\/users\/2"}],"replies":[{"embeddable":true,"href":"https:\/\/portalnewsgta.com.br\/index.php\/wp-json\/wp\/v2\/comments?post=3406"}],"version-history":[{"count":1,"href":"https:\/\/portalnewsgta.com.br\/index.php\/wp-json\/wp\/v2\/posts\/3406\/revisions"}],"predecessor-version":[{"id":3408,"href":"https:\/\/portalnewsgta.com.br\/index.php\/wp-json\/wp\/v2\/posts\/3406\/revisions\/3408"}],"wp:featuredmedia":[{"embeddable":true,"href":"https:\/\/portalnewsgta.com.br\/index.php\/wp-json\/wp\/v2\/media\/3407"}],"wp:attachment":[{"href":"https:\/\/portalnewsgta.com.br\/index.php\/wp-json\/wp\/v2\/media?parent=3406"}],"wp:term":[{"taxonomy":"category","embeddable":true,"href":"https:\/\/portalnewsgta.com.br\/index.php\/wp-json\/wp\/v2\/categories?post=3406"},{"taxonomy":"post_tag","embeddable":true,"href":"https:\/\/portalnewsgta.com.br\/index.php\/wp-json\/wp\/v2\/tags?post=3406"}],"curies":[{"name":"wp","href":"https:\/\/api.w.org\/{rel}","templated":true}]}}