{"id":33660,"date":"2024-11-05T18:02:03","date_gmt":"2024-11-05T21:02:03","guid":{"rendered":"https:\/\/portalnewsgta.com.br\/index.php\/2024\/11\/05\/artista-cigano-mato-grossense-leva-filme-viabilizado-com-recursos-de-edital-da-secel-a-exposicao-da-onu\/"},"modified":"2024-11-05T18:02:03","modified_gmt":"2024-11-05T21:02:03","slug":"artista-cigano-mato-grossense-leva-filme-viabilizado-com-recursos-de-edital-da-secel-a-exposicao-da-onu","status":"publish","type":"post","link":"https:\/\/portalnewsgta.com.br\/index.php\/2024\/11\/05\/artista-cigano-mato-grossense-leva-filme-viabilizado-com-recursos-de-edital-da-secel-a-exposicao-da-onu\/","title":{"rendered":"Artista cigano mato-grossense leva filme viabilizado com recursos de edital da Secel \u00e0 exposi\u00e7\u00e3o da ONU"},"content":{"rendered":"<div>\n<div id=\"infocoweb\" data-uuid=\"7272d8c4-6315-4e44-8701-fea291c1b11f\" class=\"infocoweb infocoweb_canal_61\">\n<div id=\"infocoweb_cabecalho\" class=\"infocoweb_cabecalho\"><\/div>\n<div id=\"infocoweb_corpo\" class=\"infocoweb_corpo\"><span class=\"ifn_post_add_feature_image_to_the_top\"><\/span><\/p>\n<p style=\"text-align: justify\">O multiartista de etnia cigana Calon, Alu\u00edzio de Azevedo, \u00e9 um dos convidados especiais da Exposi\u00e7\u00e3o Artes Minorias e Direitos Humanos, que ocorrer\u00e1 no Centro de Artes da Escola Internacional de Genebra (Ecolint Centre des Arts of the International School of Geneva), na Su\u00ed\u00e7a, a partir desta quarta-feira (06.11).  <\/p>\n<p style=\"text-align: justify\">O artista apresentar\u00e1 o filme de curta-metragem Caminhos Ciganos, que foi viabilizado com recursos do edital de Audiovisual da Secretaria de Estado de Cultura, Esportes e Lazer (Secel-MT). <span style=\"font-size: 1rem;text-align: inherit\">A viagem tamb\u00e9m conta com o apoio da Secel. <\/span><\/p>\n<p style=\"text-align: justify\"><span style=\"font-size: 1rem;text-align: inherit\">Alu\u00edzio participa do evento tamb\u00e9m com a tela \u201cTotem de Mim LGBTQIAPN+ Cigane\u201d. <\/span>A abertura da exposi\u00e7\u00e3o, que \u00e9 gratuita, acontecer\u00e1 na quarta-feira (6.10), \u00e0s 18h, hor\u00e1rio de Genebra (12h em Cuiab\u00e1).  O evento \u00e9 uma das atividades que integram as comemora\u00e7\u00f5es do Centen\u00e1rio da Ecolint e prossegue at\u00e9 18 de dezembro.  <\/p>\n<p style=\"text-align: justify\">Para Alu\u00edzio de Azevedo, o apoio da Secel foi fundamental, j\u00e1 que por meio do recurso ele conseguiu finalizar o curta, que \u00e9 obra de sua tese de Doutorado. <\/p>\n<p style=\"text-align: justify\">\u201cExistem poucos trabalhos cient\u00edficos, filmes e outras artes que tratam sobre a cultura cigana, principalmente feito por ciganos, ent\u00e3o isso acaba contribuindo para que as pessoas possam compreender sobre a hist\u00f3ria e tamb\u00e9m o preconceito que os ciganos viveram\u201d. <\/p>\n<p style=\"text-align: justify\">Alu\u00edzio destaca que em Portugal, os ciganos eram deportados para o Brasil e, mais tarde, foram alvos de v\u00e1rias pr\u00e1ticas discriminat\u00f3rias pelo Estado. \u201cCom esse tipo de apoio, podemos perceber que o Governo do Estado reconhece a import\u00e2ncia dos povos ciganos para a hist\u00f3ria de Mato Grosso, at\u00e9 porque estamos aqui h\u00e1 mais de 100 anos\u201d, ressalta. <\/p>\n<p style=\"text-align: justify\">Em 2023, o multiartista cigano participou da exposi\u00e7\u00e3o da ONU com cinco telas intituladas e apresentou os cinco epis\u00f3dios da Miniss\u00e9rie Diva e As Calins de Mato Grosso (2022), vencedora do edital Conex\u00e3o Mestres da Cultura, da Lei Aldir Blanc da Secel-MT (2021), entretanto, n\u00e3o de forma presencial. <\/p>\n<p style=\"text-align: justify\"><strong>Sobre o evento <\/strong><\/p>\n<p style=\"text-align: justify\">O concurso e a exposi\u00e7\u00e3o s\u00e3o organizados pelo Escrit\u00f3rio do Alto Comissariado das Na\u00e7\u00f5es Unidas para os Direitos Humanos (OHCHR) e o Centro de Artes da Escola Internacional de Genebra e seus parceiros Minority Rights Group International (MRG) e Freemuse, em parceria com a Cidade de Genebra. O objetivo \u00e9 apoiar artistas minorit\u00e1rios comprometidos com a defesa dos direitos humanos ao redor do mundo. <\/p>\n<p><em>*Sob orienta\u00e7\u00e3o de Cida Rodrigues<\/em><\/p>\n<p id=\"infocoweb_fonte\" class=\"infocoweb_fonte\">Fonte: Governo MT \u2013 MT<\/p>\n<style>#infocoweb_cabecalho {\n        display: inline-block;\n        margin-top: -75px;\n        position: absolute;\n        right: 0;\n    }\n<\/style>\n<style><\/style>\n<\/div>\n<div id=\"infocoweb_rodape\" class=\"infocoweb_rodape\"><\/div>\n<\/div>\n<p>O post Artista cigano mato-grossense leva filme viabilizado com recursos de edital da Secel \u00e0 exposi\u00e7\u00e3o da ONU apareceu primeiro em Portal MT.<\/p>\n<\/div>\n","protected":false},"excerpt":{"rendered":"<p>O multiartista de etnia cigana Calon, Alu\u00edzio de Azevedo, \u00e9 um dos convidados especiais da<\/p>\n","protected":false},"author":2,"featured_media":33661,"comment_status":"registered_only","ping_status":"closed","sticky":false,"template":"","format":"standard","meta":{"footnotes":""},"categories":[7],"tags":[],"aioseo_notices":[],"_links":{"self":[{"href":"https:\/\/portalnewsgta.com.br\/index.php\/wp-json\/wp\/v2\/posts\/33660"}],"collection":[{"href":"https:\/\/portalnewsgta.com.br\/index.php\/wp-json\/wp\/v2\/posts"}],"about":[{"href":"https:\/\/portalnewsgta.com.br\/index.php\/wp-json\/wp\/v2\/types\/post"}],"author":[{"embeddable":true,"href":"https:\/\/portalnewsgta.com.br\/index.php\/wp-json\/wp\/v2\/users\/2"}],"replies":[{"embeddable":true,"href":"https:\/\/portalnewsgta.com.br\/index.php\/wp-json\/wp\/v2\/comments?post=33660"}],"version-history":[{"count":0,"href":"https:\/\/portalnewsgta.com.br\/index.php\/wp-json\/wp\/v2\/posts\/33660\/revisions"}],"wp:featuredmedia":[{"embeddable":true,"href":"https:\/\/portalnewsgta.com.br\/index.php\/wp-json\/wp\/v2\/media\/33661"}],"wp:attachment":[{"href":"https:\/\/portalnewsgta.com.br\/index.php\/wp-json\/wp\/v2\/media?parent=33660"}],"wp:term":[{"taxonomy":"category","embeddable":true,"href":"https:\/\/portalnewsgta.com.br\/index.php\/wp-json\/wp\/v2\/categories?post=33660"},{"taxonomy":"post_tag","embeddable":true,"href":"https:\/\/portalnewsgta.com.br\/index.php\/wp-json\/wp\/v2\/tags?post=33660"}],"curies":[{"name":"wp","href":"https:\/\/api.w.org\/{rel}","templated":true}]}}