{"id":33646,"date":"2024-11-05T15:43:02","date_gmt":"2024-11-05T18:43:02","guid":{"rendered":"https:\/\/portalnewsgta.com.br\/index.php\/2024\/11\/05\/torcedores-do-penarol-presos-comem-4-vezes-ao-dia-e-so-recebem-advogados\/"},"modified":"2024-11-05T15:43:02","modified_gmt":"2024-11-05T18:43:02","slug":"torcedores-do-penarol-presos-comem-4-vezes-ao-dia-e-so-recebem-advogados","status":"publish","type":"post","link":"https:\/\/portalnewsgta.com.br\/index.php\/2024\/11\/05\/torcedores-do-penarol-presos-comem-4-vezes-ao-dia-e-so-recebem-advogados\/","title":{"rendered":"Torcedores do Pe\u00f1arol presos comem 4 vezes ao dia e s\u00f3 recebem advogados"},"content":{"rendered":"<p>RIO DE JANEIRO, RJ (UOL\/FOLHAPRESS) &#8211; Os 21 torcedores do Pe\u00f1arol que seguem presos no Rio de Janeiro ap\u00f3s atos de vandalismo na praia do Recreio est\u00e3o tendo um tratamento &#8220;ison\u00f4mico&#8221; e que visa \u00e0 &#8220;plena garantia de seus direitos&#8221;, garante o comunicado da Secretaria de Administra\u00e7\u00e3o Penitenci\u00e1ria (Seap-RJ) \u00e0 reportagem.<\/p>\n<div class=\"dummyPub\">\u00a0<\/div>\n<p>Os uruguaios est\u00e3o detidos no pres\u00eddio Joaquim Ferreira de Souza, no complexo de Gericin\u00f3, em Bangu, na Zona Oeste (RJ). Eles foram transferidos para l\u00e1 ap\u00f3s a audi\u00eancia de cust\u00f3dia na semana passada que transformou a pris\u00e3o de flagrante para preventiva.<\/p>\n<p>De acordo com a Seap, eles t\u00eam quatro alimenta\u00e7\u00f5es por dia e recebem kits de higiene e roupas de cama. Tamb\u00e9m t\u00eam a permiss\u00e3o para a visita de advogados.<\/p>\n<p><span class=\"news_bold\">VEJA A NOTA OFICIAL DA SEAP AO UOL<\/span><\/p>\n<p><span class=\"news_italic\">&#8220;A Seap informa que todos seguem no Pres\u00eddio Joaquim Ferreira de Souza (SEAPJFS), no Complexo Penitenci\u00e1rio de Gericin\u00f3, em Bangu. A secretaria acrescenta que est\u00e1 destinando tratamento ison\u00f4mico aos detentos, visando \u00e0 plena garantia de seus direitos, o que inclui o acesso a kits de higiene, roupa de cama e quatro alimenta\u00e7\u00f5es por dia e permiss\u00e3o para receber a visita de advogados.&#8221;<\/span> &#8211; Nota da Secretaria de Administra\u00e7\u00e3o Penitenci\u00e1ria do Rio de Janeiro<\/p>\n<p><span class=\"news_bold\">ORGANIZADA DO PE\u00d1AROL DIZ QUE PRESOS S\u00c3O &#8216;REF\u00c9NS&#8217;<\/span><\/p>\n<p>A principal organizada do Pe\u00f1arol havia emitido uma nota, na semana passada, acusando a Seap de colocar os uruguaios em situa\u00e7\u00e3o de &#8220;ref\u00e9ns e chantagem&#8221;. Tamb\u00e9m afirmou que seus conterr\u00e2neos est\u00e3o &#8220;incomunic\u00e1veis&#8221; no pres\u00eddio.<\/p>\n<p>A &#8220;Barra Amsterdam&#8221; diz tamb\u00e9m que recebeu garantias das autoridades de que ter\u00e1 ajuda jur\u00eddica. Ela cita, especificamente, o governo do Uruguai, a Conmebol e a Associa\u00e7\u00e3o Uruguaia de Futebol (AUF).<\/p>\n<p>A organizada classifica os acontecimentos como &#8220;repress\u00e3o brutal da pol\u00edcia&#8221;. E afirma tamb\u00e9m que foi uma a\u00e7\u00e3o conjunta da PM com &#8220;v\u00e1rias organizadas tendo o objetivo de atacar nossa gente&#8221;.<\/p>\n<p>Os &#8220;carboneros&#8221; justificam os atos de vandalismo para &#8220;defender as fam\u00edlias aurinegras&#8221;. E que &#8220;a viol\u00eancia institucional se inclinou para um lado s\u00f3&#8221;.<\/p>\n<p><span class=\"news_bold\">PE\u00d1AROL APOIA OS PRESOS E FAZ CAMPANHA<\/span><\/p>\n<p>O Pe\u00f1arol, por sua vez, comprou o discurso da torcida em prol dos presos. Al\u00e9m de prestar assist\u00eancia jur\u00eddica aos detidos, o clube abra\u00e7ou a campanha &#8220;Libertad para los pibes&#8221;, permitindo que a faixa fosse carregada pelos jogadores dentro de campo nos \u00faltimos jogos.<\/p>\n<p>Presidente do Pe\u00f1arol, Ignacio Ruglio disse que os torcedores uruguaios sofreram uma &#8220;emboscada&#8221; no Rio, algo refutado pelo Botafogo, pelas autoridades brasileiras e tamb\u00e9m pelos moradores e comerciantes do bairro do Recreio dos Bandeirantes, na Zona Oeste, onde ocorreram os incidentes.<\/p>\n<p><span class=\"news_bold\">PRAIA DO RECREIO VIROU PRA\u00c7A DE GUERRA<\/span><\/p>\n<p>Torcedores do Pe\u00f1arol transformaram a praia do Recreio em uma verdadeira pra\u00e7a de guerra. Os uruguaios saquearam um quiosque, atearam fogo em motos, depredaram carros e entraram em confronto com banhistas e policiais militares munidos de pedras, mesas e cadeiras.<\/p>\n<p>Um uruguaio roubou um celular de dentro de uma padaria. O criminoso foi identificado e preso pela Pol\u00edcia Militar. Logo em seguida, a confus\u00e3o aumentou. Moradores tamb\u00e9m relatam que atos de racismo motivaram o tumulto.<\/p>\n<p>Um dos \u00f4nibus dos uruguaios tamb\u00e9m ficou em chamas. O Corpo de Bombeiros foi acionado para apagar o fogo.<\/p>\n<p>Ao todo, 283 pessoas foram detidas ap\u00f3s a chegada do Batalh\u00e3o de Choque. Entre essas, 42 eram mulheres. Uma arma foi encontrada em um dos \u00f4nibus. Deste total, 21 seguiram presos e os demais foram liberados e escoltados at\u00e9 a sa\u00edda do Rio de Janeiro.<\/p>\n<p>Fonte: noticiasaominuto.com.br<\/p>\n","protected":false},"excerpt":{"rendered":"<p>RIO DE JANEIRO, RJ (UOL\/FOLHAPRESS) &#8211; Os 21 torcedores do Pe\u00f1arol que seguem presos no<\/p>\n","protected":false},"author":0,"featured_media":33647,"comment_status":"open","ping_status":"open","sticky":false,"template":"","format":"standard","meta":{"footnotes":""},"categories":[4],"tags":[],"aioseo_notices":[],"_links":{"self":[{"href":"https:\/\/portalnewsgta.com.br\/index.php\/wp-json\/wp\/v2\/posts\/33646"}],"collection":[{"href":"https:\/\/portalnewsgta.com.br\/index.php\/wp-json\/wp\/v2\/posts"}],"about":[{"href":"https:\/\/portalnewsgta.com.br\/index.php\/wp-json\/wp\/v2\/types\/post"}],"replies":[{"embeddable":true,"href":"https:\/\/portalnewsgta.com.br\/index.php\/wp-json\/wp\/v2\/comments?post=33646"}],"version-history":[{"count":0,"href":"https:\/\/portalnewsgta.com.br\/index.php\/wp-json\/wp\/v2\/posts\/33646\/revisions"}],"wp:featuredmedia":[{"embeddable":true,"href":"https:\/\/portalnewsgta.com.br\/index.php\/wp-json\/wp\/v2\/media\/33647"}],"wp:attachment":[{"href":"https:\/\/portalnewsgta.com.br\/index.php\/wp-json\/wp\/v2\/media?parent=33646"}],"wp:term":[{"taxonomy":"category","embeddable":true,"href":"https:\/\/portalnewsgta.com.br\/index.php\/wp-json\/wp\/v2\/categories?post=33646"},{"taxonomy":"post_tag","embeddable":true,"href":"https:\/\/portalnewsgta.com.br\/index.php\/wp-json\/wp\/v2\/tags?post=33646"}],"curies":[{"name":"wp","href":"https:\/\/api.w.org\/{rel}","templated":true}]}}