{"id":33630,"date":"2024-11-05T14:00:35","date_gmt":"2024-11-05T17:00:35","guid":{"rendered":"https:\/\/portalnewsgta.com.br\/index.php\/2024\/11\/05\/seplag-esta-com-as-inscricoes-abertas-para-a-segunda-edicao-do-evento-mt-4-0\/"},"modified":"2024-11-05T14:00:35","modified_gmt":"2024-11-05T17:00:35","slug":"seplag-esta-com-as-inscricoes-abertas-para-a-segunda-edicao-do-evento-mt-4-0","status":"publish","type":"post","link":"https:\/\/portalnewsgta.com.br\/index.php\/2024\/11\/05\/seplag-esta-com-as-inscricoes-abertas-para-a-segunda-edicao-do-evento-mt-4-0\/","title":{"rendered":"Seplag est\u00e1 com as inscri\u00e7\u00f5es abertas para a segunda edi\u00e7\u00e3o do evento MT 4.0"},"content":{"rendered":"<div>\n<div id=\"infocoweb\" data-uuid=\"d5570de1-1dbf-45c8-969e-d1f60cca4742\" class=\"infocoweb infocoweb_canal_61\">\n<div id=\"infocoweb_cabecalho\" class=\"infocoweb_cabecalho\"><\/div>\n<div id=\"infocoweb_corpo\" class=\"infocoweb_corpo\"><span class=\"ifn_post_add_feature_image_to_the_top\"><\/span><\/p>\n<p style=\"text-align: justify\">A Secretaria de Estado de Planejamento e Gest\u00e3o (Seplag-MT), por meio da Adjunta de Planejamento e Governo Digital, est\u00e1 com inscri\u00e7\u00f5es abertas para a 2\u00aa edi\u00e7\u00e3o do MT 4.0, evento que abordar\u00e1 a import\u00e2ncia da inova\u00e7\u00e3o nas pol\u00edticas p\u00fablicas. A segunda edi\u00e7\u00e3o da iniciativa tem como tema \u201cUma Nova Era para as Pol\u00edticas P\u00fablicas\u201d e ser\u00e1 realizada na pr\u00f3xima ter\u00e7a-feira (12.11), das 7h30 \u00e0s 17h, no Sal\u00e3o Nobre Cl\u00f3ves Vettorato, no Pal\u00e1cio Paiagu\u00e1s.<\/p>\n<p style=\"text-align: justify\">Foram disponibilizadas 300 vagas, destinadas ao p\u00fablico externo e para os servidores p\u00fablicos. Os interessados podem se inscrever at\u00e9 o dia do evento, mas caso as vagas sejam preenchidas antes, o prazo de inscri\u00e7\u00f5es ser\u00e1 interrompido. Fa\u00e7a sua inscri\u00e7\u00e3o aqui.<\/p>\n<p style=\"text-align: justify\">O secret\u00e1rio de Estado de Planejamento e Gest\u00e3o, Bas\u00edlio Bezerra, destaca a import\u00e2ncia do evento para o fluxo das estrat\u00e9gicas do governo digital de MT.<\/p>\n<p style=\"text-align: justify\">\u201cIremos tratar de pol\u00edticas p\u00fablicas e as suas viabilidades diante da digitaliza\u00e7\u00e3o dos processos da administra\u00e7\u00e3o p\u00fablica estadual. Queremos continuar agregando valores aos servi\u00e7os prestados aos mato-grossenses, suprimindo a dist\u00e2ncia e otimizando o tempo\u201d, informa o secret\u00e1rio.<\/p>\n<p style=\"text-align: justify\">Al\u00e9m da palestra intitulada \u201cPol\u00edticas p\u00fablicas em tempos de governo digital: uma nova vis\u00e3o para o Brasil\u201d, est\u00e3o previstos cinco pain\u00e9is que ir\u00e3o mesclar discuss\u00f5es sobre geopol\u00edtica, gest\u00e3o p\u00fablica, dados e intelig\u00eancia artificial no servi\u00e7o p\u00fablico.<\/p>\n<p style=\"text-align: justify\">Para o secret\u00e1rio adjunto de Planejamento e Governo Digital, Sandro Brand\u00e3o, a iniciativa oportuniza discutir a elabora\u00e7\u00e3o e implementa\u00e7\u00e3o de pol\u00edticas p\u00fablicas sob novas perspectivas.<\/p>\n<p style=\"text-align: justify\">\u201cBuscamos provocar reflex\u00f5es que elevem a gest\u00e3o p\u00fablica a um novo patamar, focado em inova\u00e7\u00e3o e resultados. \u00c9 uma oportunidade para quem deseja transformar Mato Grosso, por meio de pol\u00edticas p\u00fablicas mais eficientes e conectadas com a realidade\u201d, finaliza o adjunto.<\/p>\n<p style=\"text-align: justify\">Confira a seguir a programa\u00e7\u00e3o abaixo: <\/p>\n<p style=\"text-align:center\"><source><img fetchpriority=\"high\" decoding=\"async\" alt=\"\" height=\"1063\" src=\"https:\/\/www.secom.mt.gov.br\/documents\/d\/mt\/whatsapp-image-2024-11-04-at-12-46-36-jpeg\" style=\"margin: 0px\" width=\"850\">         <\/source><\/p>\n<p id=\"infocoweb_fonte\" class=\"infocoweb_fonte\">Fonte: Governo MT \u2013 MT<\/p>\n<style>#infocoweb_cabecalho {\n        display: inline-block;\n        margin-top: -75px;\n        position: absolute;\n        right: 0;\n    }\n<\/style>\n<style><\/style>\n<\/div>\n<div id=\"infocoweb_rodape\" class=\"infocoweb_rodape\"><\/div>\n<\/div>\n<p>O post Seplag est\u00e1 com as inscri\u00e7\u00f5es abertas para a segunda edi\u00e7\u00e3o do evento MT 4.0 apareceu primeiro em Portal MT.<\/p>\n<\/div>\n","protected":false},"excerpt":{"rendered":"<p>A Secretaria de Estado de Planejamento e Gest\u00e3o (Seplag-MT), por meio da Adjunta de Planejamento<\/p>\n","protected":false},"author":2,"featured_media":33631,"comment_status":"registered_only","ping_status":"closed","sticky":false,"template":"","format":"standard","meta":{"footnotes":""},"categories":[7],"tags":[],"aioseo_notices":[],"_links":{"self":[{"href":"https:\/\/portalnewsgta.com.br\/index.php\/wp-json\/wp\/v2\/posts\/33630"}],"collection":[{"href":"https:\/\/portalnewsgta.com.br\/index.php\/wp-json\/wp\/v2\/posts"}],"about":[{"href":"https:\/\/portalnewsgta.com.br\/index.php\/wp-json\/wp\/v2\/types\/post"}],"author":[{"embeddable":true,"href":"https:\/\/portalnewsgta.com.br\/index.php\/wp-json\/wp\/v2\/users\/2"}],"replies":[{"embeddable":true,"href":"https:\/\/portalnewsgta.com.br\/index.php\/wp-json\/wp\/v2\/comments?post=33630"}],"version-history":[{"count":0,"href":"https:\/\/portalnewsgta.com.br\/index.php\/wp-json\/wp\/v2\/posts\/33630\/revisions"}],"wp:featuredmedia":[{"embeddable":true,"href":"https:\/\/portalnewsgta.com.br\/index.php\/wp-json\/wp\/v2\/media\/33631"}],"wp:attachment":[{"href":"https:\/\/portalnewsgta.com.br\/index.php\/wp-json\/wp\/v2\/media?parent=33630"}],"wp:term":[{"taxonomy":"category","embeddable":true,"href":"https:\/\/portalnewsgta.com.br\/index.php\/wp-json\/wp\/v2\/categories?post=33630"},{"taxonomy":"post_tag","embeddable":true,"href":"https:\/\/portalnewsgta.com.br\/index.php\/wp-json\/wp\/v2\/tags?post=33630"}],"curies":[{"name":"wp","href":"https:\/\/api.w.org\/{rel}","templated":true}]}}