{"id":33618,"date":"2024-11-05T13:01:04","date_gmt":"2024-11-05T16:01:04","guid":{"rendered":"https:\/\/portalnewsgta.com.br\/index.php\/2024\/11\/05\/embaixador-brasileiro-nos-emirados-arabes-reconhece-atuacao-da-primeira-dama-de-mt-no-parajiu-jitsu\/"},"modified":"2024-11-05T13:01:04","modified_gmt":"2024-11-05T16:01:04","slug":"embaixador-brasileiro-nos-emirados-arabes-reconhece-atuacao-da-primeira-dama-de-mt-no-parajiu-jitsu","status":"publish","type":"post","link":"https:\/\/portalnewsgta.com.br\/index.php\/2024\/11\/05\/embaixador-brasileiro-nos-emirados-arabes-reconhece-atuacao-da-primeira-dama-de-mt-no-parajiu-jitsu\/","title":{"rendered":"Embaixador brasileiro nos Emirados \u00c1rabes reconhece atua\u00e7\u00e3o da primeira-dama de MT no Parajiu- jitsu"},"content":{"rendered":"<div>\n<div id=\"infocoweb\" data-uuid=\"c9945c65-8ee4-4608-9d53-d37ef9740d16\" class=\"infocoweb infocoweb_canal_61\">\n<div id=\"infocoweb_cabecalho\" class=\"infocoweb_cabecalho\"><\/div>\n<div id=\"infocoweb_corpo\" class=\"infocoweb_corpo\"><span class=\"ifn_post_add_feature_image_to_the_top\"><\/span><\/p>\n<p dir=\"ltr\" style=\"text-align: justify\">Durante reuni\u00e3o na embaixada brasileira em Abu Dhabi, nesta segunda-feira (04.11), com o governador Mauro Mendes e a embaixadora mundial do Jiu-Jitsu, a primeira-dama de Mato Grosso, Virginia Mendes, o embaixador Sidney Romero elogiou a atua\u00e7\u00e3o volunt\u00e1ria da primeira-dama do Estado com o programa SER Fam\u00edlia Inclusivo e a aten\u00e7\u00e3o ao esporte jiu-jitsu, na categoria paradesportiva.<\/p>\n<p dir=\"ltr\" style=\"text-align: justify\"><source><img decoding=\"async\" alt=\"\" height=\"266\" src=\"https:\/\/www.secom.mt.gov.br\/documents\/d\/mt\/whatsapp-image-2024-11-05-at-10-01-51-1-jpeg\">         <\/source>  <\/p>\n<p dir=\"ltr\" style=\"text-align: justify\">Ele prop\u00f4s auxiliar nas a\u00e7\u00f5es: \u201choje fiquei conhecendo mais sobre o parajiu-jitsu, e esse \u00e9 um elemento a mais para eu levar adiante essa agenda de esporte aqui nos Emirados, porque ele valoriza n\u00e3o somente o esporte, mas essa dimens\u00e3o humana de dar vida e esperan\u00e7a para quem foi afetado por algum tipo de defici\u00eancia ou que enfrenta depress\u00e3o. Fico muito feliz em receb\u00ea-la aqui. Quero divulgar e trabalhar com a senhora nesta agenda, porque Mato Grosso tem grande influ\u00eancia nesta promo\u00e7\u00e3o, e eu visto esta camisa. O trabalho feito por ela no programa SER Fam\u00edlia Inclusivo \u00e9 importante. Conte comigo e com nosso apoio aqui na Embaixada\u201d, reiterou Sidney Romeiro.<\/p>\n<p style=\"text-align: justify\">Recentemente, na Gr\u00e9cia, enquanto acompanhava os atletas de inclus\u00e3o reversa e do parajiu-jitsu, a primeira-dama recebeu o t\u00edtulo de Embaixadora Mundial e a faixa preta do esporte. Ela agradeceu a recep\u00e7\u00e3o e contou como o esporte tem transformado a vida das pessoas com defici\u00eancia, transtornos e depress\u00e3o.<\/p>\n<p style=\"text-align: justify\">\u201cJ\u00e1 testemunhei hist\u00f3rias de supera\u00e7\u00e3o surpreendentes, e ser embaixadora do esporte \u00e9 mais uma responsabilidade para fazer o esporte alcan\u00e7ar mais pessoas em nosso Estado. Os benef\u00edcios do esporte na vida de crian\u00e7as, jovens e adultos com diferentes defici\u00eancias, transtornos e depress\u00e3o j\u00e1 foram comprovados. Al\u00e9m disso, o jiu-jitsu ensina n\u00e3o apenas a defesa pessoal, mas \u00e9 uma arte marcial que se aplica \u00e0 vida, pois valoriza, acima de tudo, a disciplina como base\u201d, ressaltou.<\/p>\n<p style=\"text-align: justify\"><source><img decoding=\"async\" alt=\"\" height=\"266\" src=\"https:\/\/www.secom.mt.gov.br\/documents\/d\/mt\/whatsapp-image-2024-11-05-at-10-01-53-jpeg\">         <\/source>  <\/p>\n<p style=\"text-align: justify\">O jiu-jitsu tem uma forte presen\u00e7a em Abu Dhabi, que se tornou um dos principais centros do esporte fora do Brasil. Isso se deve, em grande parte, ao apoio do governo dos Emirados \u00c1rabes Unidos, especialmente do xeique Mohammed bin Zayed Al Nahyan, um grande entusiasta do jiu-jitsu, que introduziu o esporte nas escolas do pa\u00eds, tornando-o obrigat\u00f3rio na educa\u00e7\u00e3o f\u00edsica.<\/p>\n<p style=\"text-align: justify\">A Capital dos Emirados \u00c1rabes Unidos hospeda competi\u00e7\u00f5es de grande destaque, como o Abu Dhabi World Professional Jiu-Jitsu Championship e o Abu Dhabi Grand Slam, que atraem atletas de todo o mundo. Essas competi\u00e7\u00f5es oferecem pr\u00eamios significativos e s\u00e3o transmitidas internacionalmente, aumentando a visibilidade do esporte.<\/p>\n<p style=\"text-align: justify\">Al\u00e9m disso, Abu Dhabi \u00e9 sede da Federa\u00e7\u00e3o de Jiu-Jitsu dos Emirados (UAEJJF), que organiza e promove competi\u00e7\u00f5es ao redor do mundo, estabelecendo padr\u00f5es e regras que influenciam o esporte globalmente.<\/p>\n<p style=\"text-align: justify\">Tamb\u00e9m participaram da agenda o secret\u00e1rio de Estado de Cultura, Esporte e Lazer (Secel), David Moura, e a coordenadora da Unidade de Assuntos Internacionais do Governo, Rita Chiletto.<\/p>\n<p style=\"text-align: justify\"><source><img decoding=\"async\" alt=\"\" height=\"266\" src=\"https:\/\/www.secom.mt.gov.br\/documents\/d\/mt\/whatsapp-image-2024-11-05-at-10-01-52-jpeg\">         <\/source>  <\/p>\n<p style=\"text-align: justify\">A primeira-dama do Estado est\u00e1 na capital administrativa, Abu Dhabi, para o 16\u00ba Campeonato Mundial de Jiu-Jitsu, onde acompanhar\u00e1 os paratletas e a equipe de inclus\u00e3o reversa mato-grossense nas competi\u00e7\u00f5es, juntamente com o secret\u00e1rio de Estado de Cultura, Esporte e Lazer, David Moura.<\/p>\n<p style=\"text-align: justify\">De acordo com o presidente da Federa\u00e7\u00e3o Brasileira de Jiu-Jitsu Paradesportivo (FBJJP) e da Associa\u00e7\u00e3o Mato-grossense de Jiu-Jitsu Paradesportivo (AMJJP), Elcirley Luz, essa \u00e9 a maior delega\u00e7\u00e3o de paradesporto da hist\u00f3ria de Mato Grosso.<\/p>\n<p id=\"infocoweb_fonte\" class=\"infocoweb_fonte\">Fonte: Governo MT \u2013 MT<\/p>\n<style>#infocoweb_cabecalho {\n        display: inline-block;\n        margin-top: -75px;\n        position: absolute;\n        right: 0;\n    }\n<\/style>\n<style><\/style>\n<\/div>\n<div id=\"infocoweb_rodape\" class=\"infocoweb_rodape\"><\/div>\n<\/div>\n<p>O post Embaixador brasileiro nos Emirados \u00c1rabes reconhece atua\u00e7\u00e3o da primeira-dama de MT no Parajiu- jitsu apareceu primeiro em Portal MT.<\/p>\n<\/div>\n","protected":false},"excerpt":{"rendered":"<p>Durante reuni\u00e3o na embaixada brasileira em Abu Dhabi, nesta segunda-feira (04.11), com o governador Mauro<\/p>\n","protected":false},"author":2,"featured_media":33619,"comment_status":"registered_only","ping_status":"closed","sticky":false,"template":"","format":"standard","meta":{"footnotes":""},"categories":[7],"tags":[],"aioseo_notices":[],"_links":{"self":[{"href":"https:\/\/portalnewsgta.com.br\/index.php\/wp-json\/wp\/v2\/posts\/33618"}],"collection":[{"href":"https:\/\/portalnewsgta.com.br\/index.php\/wp-json\/wp\/v2\/posts"}],"about":[{"href":"https:\/\/portalnewsgta.com.br\/index.php\/wp-json\/wp\/v2\/types\/post"}],"author":[{"embeddable":true,"href":"https:\/\/portalnewsgta.com.br\/index.php\/wp-json\/wp\/v2\/users\/2"}],"replies":[{"embeddable":true,"href":"https:\/\/portalnewsgta.com.br\/index.php\/wp-json\/wp\/v2\/comments?post=33618"}],"version-history":[{"count":0,"href":"https:\/\/portalnewsgta.com.br\/index.php\/wp-json\/wp\/v2\/posts\/33618\/revisions"}],"wp:featuredmedia":[{"embeddable":true,"href":"https:\/\/portalnewsgta.com.br\/index.php\/wp-json\/wp\/v2\/media\/33619"}],"wp:attachment":[{"href":"https:\/\/portalnewsgta.com.br\/index.php\/wp-json\/wp\/v2\/media?parent=33618"}],"wp:term":[{"taxonomy":"category","embeddable":true,"href":"https:\/\/portalnewsgta.com.br\/index.php\/wp-json\/wp\/v2\/categories?post=33618"},{"taxonomy":"post_tag","embeddable":true,"href":"https:\/\/portalnewsgta.com.br\/index.php\/wp-json\/wp\/v2\/tags?post=33618"}],"curies":[{"name":"wp","href":"https:\/\/api.w.org\/{rel}","templated":true}]}}