{"id":33606,"date":"2024-11-05T12:01:46","date_gmt":"2024-11-05T15:01:46","guid":{"rendered":"https:\/\/portalnewsgta.com.br\/index.php\/2024\/11\/05\/ses-integra-evento-do-tce-sobre-hanseniase-e-destaca-acoes-do-estado\/"},"modified":"2024-11-05T12:01:46","modified_gmt":"2024-11-05T15:01:46","slug":"ses-integra-evento-do-tce-sobre-hanseniase-e-destaca-acoes-do-estado","status":"publish","type":"post","link":"https:\/\/portalnewsgta.com.br\/index.php\/2024\/11\/05\/ses-integra-evento-do-tce-sobre-hanseniase-e-destaca-acoes-do-estado\/","title":{"rendered":"SES integra evento do TCE sobre hansen\u00edase e destaca a\u00e7\u00f5es do Estado"},"content":{"rendered":"<div>\n<div id=\"infocoweb\" data-uuid=\"f17068f9-985c-4925-a11b-02537de47a36\" class=\"infocoweb infocoweb_canal_61\">\n<div id=\"infocoweb_cabecalho\" class=\"infocoweb_cabecalho\"><\/div>\n<div id=\"infocoweb_corpo\" class=\"infocoweb_corpo\"><span class=\"ifn_post_add_feature_image_to_the_top\"><\/span><\/p>\n<p style=\"text-align: justify\">A Secretaria de Estado de Sa\u00fade (SES) integrou, nesta segunda-feira (04.11), o semin\u00e1rio \u201cConstruindo A\u00e7\u00f5es para Mato Grosso Livre da Hansen\u00edase\u201d, realizado pelo Tribunal de Contas do Estado (TCE), em Cuiab\u00e1. <\/p>\n<p style=\"text-align: justify\">Durante a abertura do evento, o secret\u00e1rio de Estado de Sa\u00fade, Juliano Melo, destacou as a\u00e7\u00f5es do Estado para criar estrat\u00e9gias de avan\u00e7o no cuidado do paciente com hansen\u00edase, desde o diagn\u00f3stico at\u00e9 a cura.<\/p>\n<p style=\"text-align: justify\">Al\u00e9m disso, o gestor enfatizou a negocia\u00e7\u00e3o feita pelo Governo em 2019, que utiliza os \u00edndices de hansen\u00edase e tuberculose como par\u00e2metro qualitativo para decidir quanto cada munic\u00edpio receber\u00e1 de receita do Imposto sobre Circula\u00e7\u00e3o de Mercadorias e Servi\u00e7os (ICMS).  <\/p>\n<p style=\"text-align: justify\">\u201cO processo de mudan\u00e7a do atual cen\u00e1rio come\u00e7a em sermos l\u00edderes em detec\u00e7\u00e3o, pois precisamos detectar para tratar. Em Mato Grosso, adotamos medidas de enfrentamento \u00e0 hansen\u00edase e uma delas \u00e9 o ICMS, por exemplo. Esse \u00e9 mais um indicador para os gestores ficarem atentos, porque, hoje, a receita do munic\u00edpio tamb\u00e9m vai variar de acordo com o desempenho que ele tiver na detec\u00e7\u00e3o e cura dos casos de hansen\u00edase e tuberculose\u201d, analisou.<\/p>\n<p style=\"text-align: justify\">O secret\u00e1rio tamb\u00e9m ressaltou que o Estado se mobiliza para implementar, dentro da linha de cuidado ao paciente, ambulat\u00f3rios de aten\u00e7\u00e3o especializada. Dos 10 munic\u00edpios selecionados para receber os ambulat\u00f3rios, seis j\u00e1 contam com o servi\u00e7o em funcionamento. Al\u00e9m disso, o Estado planeja implementar um n\u00facleo de pesquisa sobre a hansen\u00edase.<\/p>\n<p style=\"text-align: justify\">\u201cA proposta \u00e9 de ter pelo menos 10 ambulat\u00f3rios funcionando com um perfil mais adequado de diagn\u00f3stico, um perfil mais adequado de tratamento e at\u00e9 mesmo de manejo desses casos, concluindo at\u00e9 um n\u00facleo de pesquisa cient\u00edfica quanto ao tema hansen\u00edase\u201d, pontuou. <\/p>\n<p style=\"text-align: justify\">A hansen\u00edase \u00e9 uma doen\u00e7a infecciosa, contagiosa, de evolu\u00e7\u00e3o cr\u00f4nica, causada pela bact\u00e9ria <em>Mycobacterium leprae<\/em>. Ela atinge principalmente a pele, as mucosas e os nervos perif\u00e9ricos, com capacidade de ocasionar les\u00f5es neurais, podendo acarretar danos irrevers\u00edveis caso o diagn\u00f3stico seja tardio ou o tratamento inadequado.<\/p>\n<p style=\"text-align: justify\">As les\u00f5es neurais conferem \u00e0 doen\u00e7a um alto poder incapacitante, principal respons\u00e1vel pelo estigma e discrimina\u00e7\u00e3o \u00e0s pessoas acometidas pela doen\u00e7a.<\/p>\n<p style=\"text-align:center\"><source><img loading=\"lazy\" decoding=\"async\" alt=\"\" height=\"336\" src=\"https:\/\/www.secom.mt.gov.br\/documents\/d\/mt\/whatsapp-image-2024-11-05-at-09-32-53-jpeg\" width=\"598\">         <\/source><\/p>\n<p style=\"text-align: justify\"> O m\u00e9dico especialista da Sociedade Brasileira de Hansenologia, Dr. Cl\u00e1udio Guedes Salgado, destacou a iniciativa do Estado em formar especialistas para atender com qualidade a popula\u00e7\u00e3o de Mato Grosso.<\/p>\n<p style=\"text-align: justify\">\u201cN\u00f3s n\u00e3o form\u00e1vamos hansen\u00f3logos h\u00e1 mais de 40 anos e agora estou vendo v\u00e1rios na plateia. Chegamos a quase 40 hansen\u00f3logos formados e que n\u00e3o est\u00e3o centralizados apenas em Cuiab\u00e1, mas distribu\u00eddos por todo Mato Grosso\u201d, disse. <\/p>\n<p style=\"text-align: justify\">O especialista ainda enfatizou que o trabalho de forma\u00e7\u00e3o de novos profissionais por meio da Escola de Sa\u00fade P\u00fablica \u00e9 um grande acerto do Governo.<\/p>\n<p style=\"text-align: justify\">\u201cDe acordo com a Sociedade Brasileira de Hansenologia, a ideia \u00e9 que se tenha mais ou menos um hansen\u00f3logo para cada cem mil pessoas, ent\u00e3o se voc\u00ea tiver aproximadamente 60 hansen\u00f3logos, voc\u00ea ter\u00e1 uma cobertura do estado de Mato Grosso. N\u00e3o existe outro Estado com as condi\u00e7\u00f5es que n\u00f3s temos hoje aqui. Mato Grosso tem todas as condi\u00e7\u00f5es de liderar a inova\u00e7\u00e3o no tratamento, no diagn\u00f3stico, no segmento dos casos de hansen\u00edase\u201d, concluiu. <\/p>\n<p style=\"text-align: justify\">O semin\u00e1rio \u201cConstruindo A\u00e7\u00f5es para Mato Grosso Livre da Hansen\u00edase\u201d acontece nesta segunda e ter\u00e7a-feira (04 e 05.11) e re\u00fane especialistas com atua\u00e7\u00e3o local e nacional no audit\u00f3rio da Escola Superior de Contas do TCE, em Cuiab\u00e1.<\/p>\n<p style=\"text-align: justify\">No segundo e \u00faltimo dia de semin\u00e1rio, a SES participar\u00e1 dos pain\u00e9is: <br \/> * Painel 6, sobre a Condu\u00e7\u00e3o da Pol\u00edtica de Ensino, Pesquisa e Educa\u00e7\u00e3o Permanente sobre Hansen\u00edase e Boas Pr\u00e1ticas (05.11, \u00e0s 8h30);<br \/> * Mesa redonda sobre os Desafios e Propostas de A\u00e7\u00f5es Estrat\u00e9gicas para Mato Grosso Livre da Hansen\u00edase (05.11, \u00e0s 9h45). <\/p>\n<p style=\"text-align: justify\">Acesse \u00e0 programa\u00e7\u00e3o completa do semin\u00e1rio neste link.<\/p>\n<p id=\"infocoweb_fonte\" class=\"infocoweb_fonte\">Fonte: Governo MT \u2013 MT<\/p>\n<style>#infocoweb_cabecalho {\n        display: inline-block;\n        margin-top: -75px;\n        position: absolute;\n        right: 0;\n    }\n<\/style>\n<style><\/style>\n<\/div>\n<div id=\"infocoweb_rodape\" class=\"infocoweb_rodape\"><\/div>\n<\/div>\n<p>O post SES integra evento do TCE sobre hansen\u00edase e destaca a\u00e7\u00f5es do Estado apareceu primeiro em Portal MT.<\/p>\n<\/div>\n","protected":false},"excerpt":{"rendered":"<p>A Secretaria de Estado de Sa\u00fade (SES) integrou, nesta segunda-feira (04.11), o semin\u00e1rio \u201cConstruindo A\u00e7\u00f5es<\/p>\n","protected":false},"author":2,"featured_media":33607,"comment_status":"registered_only","ping_status":"closed","sticky":false,"template":"","format":"standard","meta":{"footnotes":""},"categories":[7],"tags":[],"aioseo_notices":[],"_links":{"self":[{"href":"https:\/\/portalnewsgta.com.br\/index.php\/wp-json\/wp\/v2\/posts\/33606"}],"collection":[{"href":"https:\/\/portalnewsgta.com.br\/index.php\/wp-json\/wp\/v2\/posts"}],"about":[{"href":"https:\/\/portalnewsgta.com.br\/index.php\/wp-json\/wp\/v2\/types\/post"}],"author":[{"embeddable":true,"href":"https:\/\/portalnewsgta.com.br\/index.php\/wp-json\/wp\/v2\/users\/2"}],"replies":[{"embeddable":true,"href":"https:\/\/portalnewsgta.com.br\/index.php\/wp-json\/wp\/v2\/comments?post=33606"}],"version-history":[{"count":0,"href":"https:\/\/portalnewsgta.com.br\/index.php\/wp-json\/wp\/v2\/posts\/33606\/revisions"}],"wp:featuredmedia":[{"embeddable":true,"href":"https:\/\/portalnewsgta.com.br\/index.php\/wp-json\/wp\/v2\/media\/33607"}],"wp:attachment":[{"href":"https:\/\/portalnewsgta.com.br\/index.php\/wp-json\/wp\/v2\/media?parent=33606"}],"wp:term":[{"taxonomy":"category","embeddable":true,"href":"https:\/\/portalnewsgta.com.br\/index.php\/wp-json\/wp\/v2\/categories?post=33606"},{"taxonomy":"post_tag","embeddable":true,"href":"https:\/\/portalnewsgta.com.br\/index.php\/wp-json\/wp\/v2\/tags?post=33606"}],"curies":[{"name":"wp","href":"https:\/\/api.w.org\/{rel}","templated":true}]}}