{"id":33548,"date":"2024-11-04T21:44:51","date_gmt":"2024-11-05T00:44:51","guid":{"rendered":"https:\/\/portalnewsgta.com.br\/index.php\/2024\/11\/04\/agnaldo-rayol-construiu-legado-entre-a-musica-a-televisao-e-o-cinema\/"},"modified":"2024-11-04T21:44:51","modified_gmt":"2024-11-05T00:44:51","slug":"agnaldo-rayol-construiu-legado-entre-a-musica-a-televisao-e-o-cinema","status":"publish","type":"post","link":"https:\/\/portalnewsgta.com.br\/index.php\/2024\/11\/04\/agnaldo-rayol-construiu-legado-entre-a-musica-a-televisao-e-o-cinema\/","title":{"rendered":"Agnaldo Rayol construiu legado entre a m\u00fasica, a televis\u00e3o e o cinema"},"content":{"rendered":"<p>S\u00c3O PAULO, SP (FOLHAPRESS) &#8211; Agnaldo Rayol, morto na madrugada desta segunda-feira (4), \u00e9 de um tempo em que artistas eram polivalentes e tinham m\u00faltiplos talentos. Ele n\u00e3o era apenas cantor, mas foi um celebrado ator e apresentador, cuja carreira longeva e de imenso sucesso comercial se confunde com as hist\u00f3rias do r\u00e1dio e da TV no Brasil. O artista morreu ap\u00f3s sofrer uma queda e bater a cabe\u00e7a no apartamento onde morava, em S\u00e3o Paulo.<\/p>\n<div class=\"dummyPub\">\u00a0<\/div>\n<p>Rayol estreou no r\u00e1dio na d\u00e9cada de 1940 (algumas biografias dizem 1943, aos cinco anos de idade, outras cravam 1946, aos oito anos), quando participou do programa &#8220;Papel Carbono&#8221;, apresentado por Renato Murce na R\u00e1dio Nacional do Rio, interpretando a can\u00e7\u00e3o italiana &#8220;Matinatta&#8221;, de Ruggero Leoncavallo, famosa pela grava\u00e7\u00e3o de Enrico Caruso, feita em 1904.<\/p>\n<p>Menino-prod\u00edgio do r\u00e1dio, Rayol estreia no cinema em 1949, aos 11 anos de idade, no filme &#8220;Tamb\u00e9m Somos Irm\u00e3os&#8221;, dirigido por Jos\u00e9 Carlos Burle, ao lado de um elenco de artistas fora de s\u00e9rie como Grande Otelo, Jorge D\u00f3ria, Ruth de Souza e Vera Nunes.<\/p>\n<p>Segundo o historiador Ant\u00f4nio Le\u00e3o da Silva Neto, foi o primeiro filme brasileiro a abordar o problema do preconceito racial. Rayol interpretava um menino pobre que foi adotado e tinha irm\u00e3os negros. Ele cantou acompanhado por orquestra e agradou tanto que foi chamado pelo diretor Burle para seu filme seguinte, &#8220;Maior Que o \u00d3dio&#8221; (1951), produzido pela Atl\u00e2ntida. Agnaldo Rayol faria mais de uma dezena de filmes at\u00e9 1976, quando trabalhou na produ\u00e7\u00e3o er\u00f3tica &#8220;Possu\u00eddas pelo Pecado&#8221;, de Jean Garrett.<\/p>\n<p>Rayol tinha 20 anos e j\u00e1 era um veterano do cinema e do r\u00e1dio quando gravou, em 1958, seu primeiro LP, que leva o nome do cantor e trazia interpreta\u00e7\u00f5es para can\u00e7\u00f5es de Vinicius de Moraes (&#8220;Serenata do Adeus&#8221;), Tom Jobim e Vinicius (&#8220;Eu N\u00e3o Existo Sem Voc\u00ea&#8221;) e Silvio Caldas e Orestes Barbosa (&#8220;Ch\u00e3o de Estrelas&#8221;). Apesar de cantar repert\u00f3rio de astros da bossa nova, Agnaldo Rayol tinha um estilo vocal muito diferente do pessoal de Ipanema: com sua potente voz de bar\u00edtono, foi um leg\u00edtimo representante do bel canto, a tradi\u00e7\u00e3o oper\u00edstica italiana.<\/p>\n<p>Na d\u00e9cada de 1960, Agnaldo Rayol atingiu o auge de popularidade. Suas can\u00e7\u00f5es sentimentais, sempre interpretadas com t\u00e9cnica impec\u00e1vel e pot\u00eancia -n\u00e3o era chamado &#8220;O Rei da Voz&#8221; \u00e0 toa- atingiam em cheio os cora\u00e7\u00f5es dos ouvintes de r\u00e1dio e das f\u00e3s que acompanhavam Rayol pela TV em programas como &#8220;Corte Rayol Show&#8221;, da Rede Record, ao lado do comediante Renato Corte Real. Com a sa\u00edda de Corte Real, dois anos depois, o programa passou a se chamar simplesmente &#8220;Agnaldo Rayol Show&#8221;.<\/p>\n<p>Em 1965, Rayol foi uma das atra\u00e7\u00f5es da edi\u00e7\u00e3o de estreia do programa &#8220;Jovem Guarda&#8221;, mas, diferentemente de Roberto Carlos, Wanderl\u00e9a e Erasmo Carlos, n\u00e3o se bandeou para o lado do ie-ie-i\u00ea dos Beatles ou do pop italiano, dois baluartes do som da Jovem Guarda. Agnaldo Rayol nunca abandonou os boleros e as baladas rom\u00e2nticas.<\/p>\n<p>Era um artista t\u00e3o famoso que, em 1968, a gravadora Copacabana o escalou para gravar 12 m\u00fasicas escolhidas pelo ent\u00e3o presidente militar Costa e Silva no LP &#8220;As Minhas Preferidas &#8211; Costa e Silva &#8211; Na Voz de Agnaldo Rayol&#8221;. Na capa aparecem Costa e Silva, a esposa, Iolanda, e a neta, Carla, e o repert\u00f3rio trazia cl\u00e1ssicos de Chico Buarque, Noel Rosa, Ary Barroso e Herivelto Martins, entre outros.<\/p>\n<p>Nos anos 1980, com a explos\u00e3o das r\u00e1dios FM e a busca cada vez mais forte pelo p\u00fablico &#8220;jovem&#8221;, int\u00e9rpretes mais ligados ao bolero e \u00e0 m\u00fasica rom\u00e2ntica, como Moacyr Franco, Agnaldo Tim\u00f3teo, Angela Maria e Nelson Ned penaram para conseguir manter-se nas programa\u00e7\u00f5es das r\u00e1dios. Agnaldo Rayol espertamente concentrou seus esfor\u00e7os na televis\u00e3o, comandando por cerca de oito anos o programa &#8220;Festa Baile&#8221;, na TV Cultura, que apelava ao p\u00fablico de terceira idade e tinha um ar nost\u00e1lgico, com crooners do passado cantando com a orquestra do maestro Sylvio Mazzuca. O programa parecia um t\u00fanel do tempo, levando o telespectador de volta a uma \u00e9poca em que cantores e cantoras n\u00e3o se intimidavam com um d\u00f3 de peito.<\/p>\n<p>Leia Tamb\u00e9m: <a href=\"https:\/\/www.noticiasaominuto.com.br\/fama\/2222250\/morre-o-cantor-agnaldo-rayol-aos-86-anos\" target=\"_blank\" rel=\"noopener\">Morre o cantor Agnaldo Rayol, aos 86 anos<\/a><\/p>\n<p>Fonte: noticiasaominuto.com.br<\/p>\n","protected":false},"excerpt":{"rendered":"<p>S\u00c3O PAULO, SP (FOLHAPRESS) &#8211; Agnaldo Rayol, morto na madrugada desta segunda-feira (4), \u00e9 de<\/p>\n","protected":false},"author":0,"featured_media":33549,"comment_status":"open","ping_status":"open","sticky":false,"template":"","format":"standard","meta":{"footnotes":""},"categories":[6],"tags":[],"aioseo_notices":[],"_links":{"self":[{"href":"https:\/\/portalnewsgta.com.br\/index.php\/wp-json\/wp\/v2\/posts\/33548"}],"collection":[{"href":"https:\/\/portalnewsgta.com.br\/index.php\/wp-json\/wp\/v2\/posts"}],"about":[{"href":"https:\/\/portalnewsgta.com.br\/index.php\/wp-json\/wp\/v2\/types\/post"}],"replies":[{"embeddable":true,"href":"https:\/\/portalnewsgta.com.br\/index.php\/wp-json\/wp\/v2\/comments?post=33548"}],"version-history":[{"count":0,"href":"https:\/\/portalnewsgta.com.br\/index.php\/wp-json\/wp\/v2\/posts\/33548\/revisions"}],"wp:featuredmedia":[{"embeddable":true,"href":"https:\/\/portalnewsgta.com.br\/index.php\/wp-json\/wp\/v2\/media\/33549"}],"wp:attachment":[{"href":"https:\/\/portalnewsgta.com.br\/index.php\/wp-json\/wp\/v2\/media?parent=33548"}],"wp:term":[{"taxonomy":"category","embeddable":true,"href":"https:\/\/portalnewsgta.com.br\/index.php\/wp-json\/wp\/v2\/categories?post=33548"},{"taxonomy":"post_tag","embeddable":true,"href":"https:\/\/portalnewsgta.com.br\/index.php\/wp-json\/wp\/v2\/tags?post=33548"}],"curies":[{"name":"wp","href":"https:\/\/api.w.org\/{rel}","templated":true}]}}