{"id":33544,"date":"2024-11-04T20:42:59","date_gmt":"2024-11-04T23:42:59","guid":{"rendered":"https:\/\/portalnewsgta.com.br\/index.php\/2024\/11\/04\/fabio-assuncao-diz-que-incentiva-filho-a-trabalhar-apos-polemica\/"},"modified":"2024-11-04T20:42:59","modified_gmt":"2024-11-04T23:42:59","slug":"fabio-assuncao-diz-que-incentiva-filho-a-trabalhar-apos-polemica","status":"publish","type":"post","link":"https:\/\/portalnewsgta.com.br\/index.php\/2024\/11\/04\/fabio-assuncao-diz-que-incentiva-filho-a-trabalhar-apos-polemica\/","title":{"rendered":"Fabio Assun\u00e7\u00e3o diz que incentiva filho a trabalhar ap\u00f3s &#8216;pol\u00eamica&#8217;"},"content":{"rendered":"<p>SALVADOR, BA (UOL\/FOLHAPRESS) &#8211; Fabio Assun\u00e7\u00e3o, sobre pol\u00eamica em torno do seu filho, Jo\u00e3o Assun\u00e7\u00e3o, 21, ter sido visto trabalhando, em entrevista \u00e0 Quem.<\/p>\n<div class=\"dummyPub\">\u00a0<\/div>\n<p>O ator comentou a repercuss\u00e3o sobre seu filho ter sido visto trabalhando no Rock in Rio 2024. &#8220;Meu filho sempre trabalhou, sempre estudou. Ele \u00e9 dedicado. Aquele pronunciamento que ele fez teve uma grande repercuss\u00e3o&#8230; \u00c9 leg\u00edtimo, ele tem 21 anos, est\u00e1 se colocando para o mundo e tenho imenso respeito por ele. Adorei o que ele falou&#8221;<\/p>\n<p>Fabio falou sobre a import\u00e2ncia do trabalho, mesmo o filho sendo herdeiro. &#8220;Nunca ia falar para um filho: &#8216;n\u00e3o, relaxa ai. Vive a vida. Papai est\u00e1 bem&#8217;. N\u00e3o existe (essa possibilidade). N\u00e3o \u00e9 a forma\u00e7\u00e3o que tive. Meus pais lutaram muito para eu poder ir \u00e0 escola&#8221;<\/p>\n<p>&#8220;Nunca iria incentivar, nem que pudesse, que tivesse dinheiro para 30 gera\u00e7\u00f5es, jamais iria incentivar um filho a n\u00e3o trabalhar. Acho que isso significa a gente. Trabalho d\u00e1 dignidade. Isso para mim n\u00e3o tem nada compar\u00e1vel&#8221;, diz Fabio Assun\u00e7\u00e3o.<\/p>\n<p>Leia Tamb\u00e9m: <a href=\"https:\/\/www.noticiasaominuto.com.br\/fama\/2222335\/detalhes-sobre-o-funeral-de-liam-payne-sao-divulgados\" target=\"_blank\" rel=\"noopener\">Detalhes sobre o funeral de Liam Payne s\u00e3o divulgados<\/a><\/p>\n<p>Fonte: noticiasaominuto.com.br<\/p>\n","protected":false},"excerpt":{"rendered":"<p>SALVADOR, BA (UOL\/FOLHAPRESS) &#8211; Fabio Assun\u00e7\u00e3o, sobre pol\u00eamica em torno do seu filho, Jo\u00e3o Assun\u00e7\u00e3o,<\/p>\n","protected":false},"author":0,"featured_media":33545,"comment_status":"open","ping_status":"open","sticky":false,"template":"","format":"standard","meta":{"footnotes":""},"categories":[6],"tags":[],"aioseo_notices":[],"_links":{"self":[{"href":"https:\/\/portalnewsgta.com.br\/index.php\/wp-json\/wp\/v2\/posts\/33544"}],"collection":[{"href":"https:\/\/portalnewsgta.com.br\/index.php\/wp-json\/wp\/v2\/posts"}],"about":[{"href":"https:\/\/portalnewsgta.com.br\/index.php\/wp-json\/wp\/v2\/types\/post"}],"replies":[{"embeddable":true,"href":"https:\/\/portalnewsgta.com.br\/index.php\/wp-json\/wp\/v2\/comments?post=33544"}],"version-history":[{"count":0,"href":"https:\/\/portalnewsgta.com.br\/index.php\/wp-json\/wp\/v2\/posts\/33544\/revisions"}],"wp:featuredmedia":[{"embeddable":true,"href":"https:\/\/portalnewsgta.com.br\/index.php\/wp-json\/wp\/v2\/media\/33545"}],"wp:attachment":[{"href":"https:\/\/portalnewsgta.com.br\/index.php\/wp-json\/wp\/v2\/media?parent=33544"}],"wp:term":[{"taxonomy":"category","embeddable":true,"href":"https:\/\/portalnewsgta.com.br\/index.php\/wp-json\/wp\/v2\/categories?post=33544"},{"taxonomy":"post_tag","embeddable":true,"href":"https:\/\/portalnewsgta.com.br\/index.php\/wp-json\/wp\/v2\/tags?post=33544"}],"curies":[{"name":"wp","href":"https:\/\/api.w.org\/{rel}","templated":true}]}}